{"id":1148,"date":"2024-08-24T19:55:42","date_gmt":"2024-08-24T22:55:42","guid":{"rendered":"https:\/\/radiovilardevoz.org\/?p=1148"},"modified":"2024-08-24T19:55:42","modified_gmt":"2024-08-24T22:55:42","slug":"ley-de-salud-mental-ya-preve-internacion-involuntaria-pero-como-ultima-opcion","status":"publish","type":"post","link":"https:\/\/radiovilardevoz.org\/?p=1148","title":{"rendered":"Ley de Salud Mental ya prev\u00e9 internaci\u00f3n involuntaria, pero como \u00faltima opci\u00f3n"},"content":{"rendered":"<p style=\"text-align: right;\">23 de agosto de 2024<\/p>\n<hr \/>\n<p><strong>En el tramo final de su gobierno el presidente Luis Lacalle impulsa la internaci\u00f3n compulsiva como soluci\u00f3n inmediata para personas que viven en la calle pero el psic\u00f3logo Joaqu\u00edn Amorena, del equipo del proyecto Radio Vilardevoz, advirti\u00f3 en INFO 24 que esa opci\u00f3n existe desde 2017 y dijo que la situaci\u00f3n de calle es acentuada por la lentitud en la aplicaci\u00f3n de la Ley de Salud Mental votada ese a\u00f1o.\u00a0 \u00a0<\/strong><\/p>\n<hr \/>\n<p>Amorena record\u00f3 en ese sentido que \u201cdesde el 2017 est\u00e1 en funcionamiento la Ley de Salud Mental, que ya prev\u00e9 como \u00faltima opci\u00f3n la internaci\u00f3n en caso de alguna situaci\u00f3n de crisis de compensaci\u00f3n; ya prev\u00e9 la internaci\u00f3n involuntaria\u201d, recalc\u00f3.<\/p>\n<p>Precis\u00f3 que la ley \u201clo plantea como \u00faltima opci\u00f3n, y plantea muchos dispositivos y formas de trabajo para ir encarando la situaci\u00f3n; lo que nosotros entendemos es que ha venido implement\u00e1ndose de manera muy lenta la ley, porque si se aprob\u00f3 sin presupuesto\u2026\u201d.<\/p>\n<p>\u201cEn la \u00f3rbita del Mides se han creado algunos dispositivos, donde ha salido gente del hospital, y donde alguna de la gente que estaba en situaci\u00f3n de calle con problem\u00e1tica de salud mental ha ido para esos dispositivos, como es la casa autogestionada, que gestionamos desde Vilardevoz, pero se viene implementando de manera muy lenta, entonces no llega a trabajar con la cantidad de gente que precisar\u00eda\u201d.<\/p>\n<p>Advirti\u00f3 que esto sucede \u201cprincipalmente por falta de presupuesto, y de velocidad en la implementaci\u00f3n de las pol\u00edticas\u201d; despu\u00e9s apunt\u00f3 \u201cel otro tema, el de las c\u00e1rceles, que muchas de las personas que pasan por experiencias de c\u00e1rceles terminan en situaci\u00f3n de calle al salir, no hay muchas opciones y las c\u00e1rceles est\u00e1n sobresaturadas\u201d.<\/p>\n<p>Fuente: https:\/\/www.m24.com.uy\/ley-de-salud-mental-ya-preve-internacion-involuntaria-a-personas-en-calle-pero-sin-presupuesto-aplicacion-es-muy-lenta-senala-psicologo\/<\/p>\n<div class=\"pvc_clear\"><\/div>\n<p id=\"pvc_stats_1148\" class=\"pvc_stats all  \" data-element-id=\"1148\" style=\"\"><i class=\"pvc-stats-icon large\" aria-hidden=\"true\"><svg aria-hidden=\"true\" focusable=\"false\" data-prefix=\"far\" data-icon=\"chart-bar\" role=\"img\" xmlns=\"http:\/\/www.w3.org\/2000\/svg\" viewBox=\"0 0 512 512\" class=\"svg-inline--fa fa-chart-bar fa-w-16 fa-2x\"><path fill=\"currentColor\" d=\"M396.8 352h22.4c6.4 0 12.8-6.4 12.8-12.8V108.8c0-6.4-6.4-12.8-12.8-12.8h-22.4c-6.4 0-12.8 6.4-12.8 12.8v230.4c0 6.4 6.4 12.8 12.8 12.8zm-192 0h22.4c6.4 0 12.8-6.4 12.8-12.8V140.8c0-6.4-6.4-12.8-12.8-12.8h-22.4c-6.4 0-12.8 6.4-12.8 12.8v198.4c0 6.4 6.4 12.8 12.8 12.8zm96 0h22.4c6.4 0 12.8-6.4 12.8-12.8V204.8c0-6.4-6.4-12.8-12.8-12.8h-22.4c-6.4 0-12.8 6.4-12.8 12.8v134.4c0 6.4 6.4 12.8 12.8 12.8zM496 400H48V80c0-8.84-7.16-16-16-16H16C7.16 64 0 71.16 0 80v336c0 17.67 14.33 32 32 32h464c8.84 0 16-7.16 16-16v-16c0-8.84-7.16-16-16-16zm-387.2-48h22.4c6.4 0 12.8-6.4 12.8-12.8v-70.4c0-6.4-6.4-12.8-12.8-12.8h-22.4c-6.4 0-12.8 6.4-12.8 12.8v70.4c0 6.4 6.4 12.8 12.8 12.8z\" class=\"\"><\/path><\/svg><\/i> <img decoding=\"async\" width=\"16\" height=\"16\" alt=\"Loading\" src=\"https:\/\/radiovilardevoz.org\/wp-content\/plugins\/page-views-count\/ajax-loader-2x.gif\" border=0 \/><\/p>\n<div class=\"pvc_clear\"><\/div>\n","protected":false},"excerpt":{"rendered":"<p>23 de agosto de 2024 En el tramo final de su gobierno el presidente Luis Lacalle impulsa la internaci\u00f3n compulsiva como soluci\u00f3n inmediata para personas que viven en la calle&hellip; <\/p>\n<div class=\"pvc_clear\"><\/div>\n<p id=\"pvc_stats_1148\" class=\"pvc_stats all  \" data-element-id=\"1148\" style=\"\"><i class=\"pvc-stats-icon large\" aria-hidden=\"true\"><svg aria-hidden=\"true\" focusable=\"false\" data-prefix=\"far\" data-icon=\"chart-bar\" role=\"img\" xmlns=\"http:\/\/www.w3.org\/2000\/svg\" viewBox=\"0 0 512 512\" class=\"svg-inline--fa fa-chart-bar fa-w-16 fa-2x\"><path fill=\"currentColor\" d=\"M396.8 352h22.4c6.4 0 12.8-6.4 12.8-12.8V108.8c0-6.4-6.4-12.8-12.8-12.8h-22.4c-6.4 0-12.8 6.4-12.8 12.8v230.4c0 6.4 6.4 12.8 12.8 12.8zm-192 0h22.4c6.4 0 12.8-6.4 12.8-12.8V140.8c0-6.4-6.4-12.8-12.8-12.8h-22.4c-6.4 0-12.8 6.4-12.8 12.8v198.4c0 6.4 6.4 12.8 12.8 12.8zm96 0h22.4c6.4 0 12.8-6.4 12.8-12.8V204.8c0-6.4-6.4-12.8-12.8-12.8h-22.4c-6.4 0-12.8 6.4-12.8 12.8v134.4c0 6.4 6.4 12.8 12.8 12.8zM496 400H48V80c0-8.84-7.16-16-16-16H16C7.16 64 0 71.16 0 80v336c0 17.67 14.33 32 32 32h464c8.84 0 16-7.16 16-16v-16c0-8.84-7.16-16-16-16zm-387.2-48h22.4c6.4 0 12.8-6.4 12.8-12.8v-70.4c0-6.4-6.4-12.8-12.8-12.8h-22.4c-6.4 0-12.8 6.4-12.8 12.8v70.4c0 6.4 6.4 12.8 12.8 12.8z\" class=\"\"><\/path><\/svg><\/i> <img decoding=\"async\" width=\"16\" height=\"16\" alt=\"Loading\" src=\"https:\/\/radiovilardevoz.org\/wp-content\/plugins\/page-views-count\/ajax-loader-2x.gif\" border=0 \/><\/p>\n<div class=\"pvc_clear\"><\/div>\n","protected":false},"author":7,"featured_media":1152,"comment_status":"open","ping_status":"open","sticky":false,"template":"","format":"standard","meta":{"footnotes":""},"categories":[7],"tags":[],"class_list":["post-1148","post","type-post","status-publish","format-standard","has-post-thumbnail","hentry","category-noticias-destacadas"],"_links":{"self":[{"href":"https:\/\/radiovilardevoz.org\/index.php?rest_route=\/wp\/v2\/posts\/1148","targetHints":{"allow":["GET"]}}],"collection":[{"href":"https:\/\/radiovilardevoz.org\/index.php?rest_route=\/wp\/v2\/posts"}],"about":[{"href":"https:\/\/radiovilardevoz.org\/index.php?rest_route=\/wp\/v2\/types\/post"}],"author":[{"embeddable":true,"href":"https:\/\/radiovilardevoz.org\/index.php?rest_route=\/wp\/v2\/users\/7"}],"replies":[{"embeddable":true,"href":"https:\/\/radiovilardevoz.org\/index.php?rest_route=%2Fwp%2Fv2%2Fcomments&post=1148"}],"version-history":[{"count":6,"href":"https:\/\/radiovilardevoz.org\/index.php?rest_route=\/wp\/v2\/posts\/1148\/revisions"}],"predecessor-version":[{"id":1158,"href":"https:\/\/radiovilardevoz.org\/index.php?rest_route=\/wp\/v2\/posts\/1148\/revisions\/1158"}],"wp:featuredmedia":[{"embeddable":true,"href":"https:\/\/radiovilardevoz.org\/index.php?rest_route=\/wp\/v2\/media\/1152"}],"wp:attachment":[{"href":"https:\/\/radiovilardevoz.org\/index.php?rest_route=%2Fwp%2Fv2%2Fmedia&parent=1148"}],"wp:term":[{"taxonomy":"category","embeddable":true,"href":"https:\/\/radiovilardevoz.org\/index.php?rest_route=%2Fwp%2Fv2%2Fcategories&post=1148"},{"taxonomy":"post_tag","embeddable":true,"href":"https:\/\/radiovilardevoz.org\/index.php?rest_route=%2Fwp%2Fv2%2Ftags&post=1148"}],"curies":[{"name":"wp","href":"https:\/\/api.w.org\/{rel}","templated":true}]}}