{"id":1178,"date":"2024-09-05T18:21:06","date_gmt":"2024-09-05T21:21:06","guid":{"rendered":"https:\/\/radiovilardevoz.org\/?p=1178"},"modified":"2024-09-06T17:23:12","modified_gmt":"2024-09-06T20:23:12","slug":"entrevista-central-con-alicia-lusiardo-sabado-31-08-24","status":"publish","type":"post","link":"https:\/\/radiovilardevoz.org\/?p=1178","title":{"rendered":"Entrevista central con la Antrop\u00f3loga Forense Alicia\u00a0Lusiardo"},"content":{"rendered":"<p style=\"text-align: right;\">24 de agosto de 2024<\/p>\n<p><img fetchpriority=\"high\" decoding=\"async\" class=\"foto\" src=\"https:\/\/radiovilardevoz.org\/wp-content\/uploads\/2024\/09\/55555-min.jpeg\" alt=\"\" width=\"225\" height=\"224\" \/><\/p>\n<p>S\u00e1bado 24 de agosto 2024 vino la Antrop\u00f3loga Forense Alicia Lusiardo Coordinadora del Grupo de Investigaci\u00f3n de Antropolog\u00eda Forense (GIAF). La entrevista fue llevada adelante por Gustavo Bajo y Mathias Azambuja. Comenz\u00f3 con Alicia contando sobre sus or\u00edgenes, pes\u00e9 a que sus padres y su hermano son uruguayos ella naci\u00f3 en M\u00e9xico en 1972 y vivi\u00f3 all\u00ed sus primeros 12 a\u00f1os. Mathias le consult\u00f3 por el origen de su inter\u00e9s por la antropolog\u00eda a lo cual la invitada dijo creer que surgi\u00f3 en su pasado mexicano, en referencia a sus vivencias de vacaciones familiares yendo a las pir\u00e1mides mexicanas (paseo muy com\u00fan en ciudad de M\u00e9xico) y por haberse criado entre una fascinaci\u00f3n por la diversidad cultural. En un principio ella crey\u00f3 que quer\u00eda dedicarse a la arqueolog\u00eda para luego entender que le apasionaba la antropolog\u00eda. En aquel entonces trabajaba como fot\u00f3grafa de prensa para un diario y disfrutaba mucho participar de cubrir las noticias policiales, en ese momento entendi\u00f3 que hab\u00eda una manera de unir sus pasiones (antropolog\u00eda, fotograf\u00eda e investigaci\u00f3n de casos policiales) a trav\u00e9s de esta Antropolog\u00eda forense, volcado a la criminal\u00edstica y pudiendo ayudar a resolver por ejemplo casos de una muerte dudosa, dar una identidad, etc. Finalizada su carrera viaja a Estados Unidos a realizar un posgrado para luego volver a Uruguay y aplicar sus conocimientos.<\/p>\n<p>Gustavo le consult\u00f3 sobr\u00e9 c\u00f3mo se dio el proceso para poder acceder al batall\u00f3n 14. Alicia cuenta que el equipo lleva trabajando ya 19 a\u00f1os (ella forma parte del equipo hace 17 a\u00f1os) y est\u00e1 conformado por 11 antrop\u00f3logos los cuales intentan \u201cponerle ciencia a este olvido\u201d. Inform\u00f3 que el batall\u00f3n 14 ha sido uno de los predios m\u00e1s estudiados por el equipo (se han hecho excavaciones desde el a\u00f1o 2005, encontrando 4 fosas hasta el momento). Brind\u00f3 mucha informaci\u00f3n t\u00e9cnica sobre todo lo que nos puede decir los restos de una persona, incluyendo su sexo, su edad, su estatura, enfermedades, como falleci\u00f3, etc. Hizo referencia a lo que implica hallar restos luego de haberlos buscado durante tanto tiempo: \u201cLos huesos son dentro de una investigaci\u00f3n forense evidencia, pero para nosotros son adem\u00e1s un tesoro\u201d. Hizo referencia a qu\u00e9 siempre tienen presente que esos restos son del hijo, del padre, del hermano de alguien y recuperarlos es devolverles dignidad. Adem\u00e1s mencion\u00f3 lo dif\u00edcil que es describir la ambig\u00fcedad de sentimientos que se sienten al encontrar restos de un cuerpo: por un lado una felicidad plena por encontrar restos de un desaparecido y simult\u00e1neamente una tristeza por constatar que la muerte no fue natural, cu\u00e1les fueron las condiciones de su muerte y todo lo que implica comunic\u00e1rselo a la familia. Mencion\u00f3 que a diferencia de la medicina forense, los antrop\u00f3logos se involucran mucho con las familias y cree que eso no implica perder objetividad, sin embargo constantemente es importante recordar cu\u00e1l es el papel que tienen en la investigaci\u00f3n para graduar que mochilas se llevan a sus casas.<\/p>\n<p>Mencion\u00f3 que la labor que realizan implica gran exposici\u00f3n de sus cuerpos, se realiza a la intemperie, durante todo el a\u00f1o, expuestos al sol intenso, al fr\u00edo del invierno, a insectos, garrapatas, abejas etc, considera que el sost\u00e9n de una tarea tan dura en d\u00f3nde a veces se pasan 7 a\u00f1os sin encontrar nada no ser\u00eda posible sin afectos que los contengan, es por eso que quiso venir acompa\u00f1ada de su hijo Mauricio (presente en la fono platea durante toda la entrevista).<\/p>\n<p>Adem\u00e1s mencion\u00f3 que es un trabajo muy preconizado en t\u00e9rminos de su sostenibilidad en el tiempo y en presupuestos, existe una inseguridad laboral ya que los contratos suelen ser cortos y se renuevan constantemente. Una mejora en este aspecto es que se pas\u00f3 de que la financiaci\u00f3n saliera del poder ejecutivo a qu\u00e9 dependa de la Instituci\u00f3n Nacional de Derechos Humanos que a su vez<\/p>\n<p>depende del poder legislativo, y que mediante una Ley creada recientemente existe un organismo que asegura un presupuesto para la b\u00fasqueda de desaparecidos con contratos de cinco a\u00f1os. Finalmente Mathias le record\u00f3 que hace un a\u00f1o el GIAF recibi\u00f3 el premio Morosoli (al igual que radio Vilardevoz), Alicia dijo que el GIAF lo recibi\u00f3 con mucha emoci\u00f3n, cree que la labor que realizan no es posible en soledad, hace falta un equipo y desde su labor como coordinadora cree que lo m\u00e1s importante es cuidar al equipo para trabajar en un buen ambiente.<\/p>\n<p>Joaqu\u00edn mencion\u00f3 un episodio de robo y amenazas sucedido en el 2016 a las oficinas donde trabaja el GIAF en la Facultad de Humanidades en donde no solo se llevaron los discos duros de cuatro computadoras donde hab\u00eda informaci\u00f3n referida a investigaciones judiciales sino que adem\u00e1s dejaron se\u00f1alado en un mapa de Montevideo los domicilios de algunos de los integrantes del GIAF. Alicia coment\u00f3 que fue un momento muy duro, para ellos y sus familiares, adem\u00e1s de que a nivel de la investigaci\u00f3n oficial el equipo entero fue citado un domingo a la ma\u00f1ana y les preguntaron si hab\u00edan tra\u00eddo abogados porque no eran testigos sino indagados como sospechosos del propio robo. Agreg\u00f3 que recibieron mucho apoyo de la comunidad, gener\u00e1ndose inclusive una marcha en pedido de justicia. Al\u00a0 finalizar una entrevista desde\u00a0 la radio se le otorg\u00f3 un cuadro realizado en la mesa de la plaza\u00a0 a modo de presente.<\/p>\n<p><iframe src=\"https:\/\/www.ivoox.com\/player_ej_133194087_6_1.html?c1=3d341f\" width=\"100%\" height=\"200\" frameborder=\"0\" allowfullscreen=\"\" scrolling=\"no\" loading=\"lazy\"><\/iframe><\/p>\n<div class=\"pvc_clear\"><\/div>\n<p id=\"pvc_stats_1178\" class=\"pvc_stats all  \" data-element-id=\"1178\" style=\"\"><i class=\"pvc-stats-icon large\" aria-hidden=\"true\"><svg aria-hidden=\"true\" focusable=\"false\" data-prefix=\"far\" data-icon=\"chart-bar\" role=\"img\" xmlns=\"http:\/\/www.w3.org\/2000\/svg\" viewBox=\"0 0 512 512\" class=\"svg-inline--fa fa-chart-bar fa-w-16 fa-2x\"><path fill=\"currentColor\" d=\"M396.8 352h22.4c6.4 0 12.8-6.4 12.8-12.8V108.8c0-6.4-6.4-12.8-12.8-12.8h-22.4c-6.4 0-12.8 6.4-12.8 12.8v230.4c0 6.4 6.4 12.8 12.8 12.8zm-192 0h22.4c6.4 0 12.8-6.4 12.8-12.8V140.8c0-6.4-6.4-12.8-12.8-12.8h-22.4c-6.4 0-12.8 6.4-12.8 12.8v198.4c0 6.4 6.4 12.8 12.8 12.8zm96 0h22.4c6.4 0 12.8-6.4 12.8-12.8V204.8c0-6.4-6.4-12.8-12.8-12.8h-22.4c-6.4 0-12.8 6.4-12.8 12.8v134.4c0 6.4 6.4 12.8 12.8 12.8zM496 400H48V80c0-8.84-7.16-16-16-16H16C7.16 64 0 71.16 0 80v336c0 17.67 14.33 32 32 32h464c8.84 0 16-7.16 16-16v-16c0-8.84-7.16-16-16-16zm-387.2-48h22.4c6.4 0 12.8-6.4 12.8-12.8v-70.4c0-6.4-6.4-12.8-12.8-12.8h-22.4c-6.4 0-12.8 6.4-12.8 12.8v70.4c0 6.4 6.4 12.8 12.8 12.8z\" class=\"\"><\/path><\/svg><\/i> <img decoding=\"async\" width=\"16\" height=\"16\" alt=\"Loading\" src=\"https:\/\/radiovilardevoz.org\/wp-content\/plugins\/page-views-count\/ajax-loader-2x.gif\" border=0 \/><\/p>\n<div class=\"pvc_clear\"><\/div>\n","protected":false},"excerpt":{"rendered":"<p>24 de agosto de 2024 S\u00e1bado 24 de agosto 2024 vino la Antrop\u00f3loga Forense Alicia Lusiardo Coordinadora del Grupo de Investigaci\u00f3n de Antropolog\u00eda Forense (GIAF). La entrevista fue llevada adelante&hellip; <\/p>\n<div class=\"pvc_clear\"><\/div>\n<p id=\"pvc_stats_1178\" class=\"pvc_stats all  \" data-element-id=\"1178\" style=\"\"><i class=\"pvc-stats-icon large\" aria-hidden=\"true\"><svg aria-hidden=\"true\" focusable=\"false\" data-prefix=\"far\" data-icon=\"chart-bar\" role=\"img\" xmlns=\"http:\/\/www.w3.org\/2000\/svg\" viewBox=\"0 0 512 512\" class=\"svg-inline--fa fa-chart-bar fa-w-16 fa-2x\"><path fill=\"currentColor\" d=\"M396.8 352h22.4c6.4 0 12.8-6.4 12.8-12.8V108.8c0-6.4-6.4-12.8-12.8-12.8h-22.4c-6.4 0-12.8 6.4-12.8 12.8v230.4c0 6.4 6.4 12.8 12.8 12.8zm-192 0h22.4c6.4 0 12.8-6.4 12.8-12.8V140.8c0-6.4-6.4-12.8-12.8-12.8h-22.4c-6.4 0-12.8 6.4-12.8 12.8v198.4c0 6.4 6.4 12.8 12.8 12.8zm96 0h22.4c6.4 0 12.8-6.4 12.8-12.8V204.8c0-6.4-6.4-12.8-12.8-12.8h-22.4c-6.4 0-12.8 6.4-12.8 12.8v134.4c0 6.4 6.4 12.8 12.8 12.8zM496 400H48V80c0-8.84-7.16-16-16-16H16C7.16 64 0 71.16 0 80v336c0 17.67 14.33 32 32 32h464c8.84 0 16-7.16 16-16v-16c0-8.84-7.16-16-16-16zm-387.2-48h22.4c6.4 0 12.8-6.4 12.8-12.8v-70.4c0-6.4-6.4-12.8-12.8-12.8h-22.4c-6.4 0-12.8 6.4-12.8 12.8v70.4c0 6.4 6.4 12.8 12.8 12.8z\" class=\"\"><\/path><\/svg><\/i> <img decoding=\"async\" width=\"16\" height=\"16\" alt=\"Loading\" src=\"https:\/\/radiovilardevoz.org\/wp-content\/plugins\/page-views-count\/ajax-loader-2x.gif\" border=0 \/><\/p>\n<div class=\"pvc_clear\"><\/div>\n","protected":false},"author":7,"featured_media":1190,"comment_status":"open","ping_status":"open","sticky":false,"template":"","format":"standard","meta":{"footnotes":""},"categories":[13,7],"tags":[],"class_list":["post-1178","post","type-post","status-publish","format-standard","has-post-thumbnail","hentry","category-ddhh-y-salud-mental","category-noticias-destacadas"],"_links":{"self":[{"href":"https:\/\/radiovilardevoz.org\/index.php?rest_route=\/wp\/v2\/posts\/1178","targetHints":{"allow":["GET"]}}],"collection":[{"href":"https:\/\/radiovilardevoz.org\/index.php?rest_route=\/wp\/v2\/posts"}],"about":[{"href":"https:\/\/radiovilardevoz.org\/index.php?rest_route=\/wp\/v2\/types\/post"}],"author":[{"embeddable":true,"href":"https:\/\/radiovilardevoz.org\/index.php?rest_route=\/wp\/v2\/users\/7"}],"replies":[{"embeddable":true,"href":"https:\/\/radiovilardevoz.org\/index.php?rest_route=%2Fwp%2Fv2%2Fcomments&post=1178"}],"version-history":[{"count":9,"href":"https:\/\/radiovilardevoz.org\/index.php?rest_route=\/wp\/v2\/posts\/1178\/revisions"}],"predecessor-version":[{"id":1287,"href":"https:\/\/radiovilardevoz.org\/index.php?rest_route=\/wp\/v2\/posts\/1178\/revisions\/1287"}],"wp:featuredmedia":[{"embeddable":true,"href":"https:\/\/radiovilardevoz.org\/index.php?rest_route=\/wp\/v2\/media\/1190"}],"wp:attachment":[{"href":"https:\/\/radiovilardevoz.org\/index.php?rest_route=%2Fwp%2Fv2%2Fmedia&parent=1178"}],"wp:term":[{"taxonomy":"category","embeddable":true,"href":"https:\/\/radiovilardevoz.org\/index.php?rest_route=%2Fwp%2Fv2%2Fcategories&post=1178"},{"taxonomy":"post_tag","embeddable":true,"href":"https:\/\/radiovilardevoz.org\/index.php?rest_route=%2Fwp%2Fv2%2Ftags&post=1178"}],"curies":[{"name":"wp","href":"https:\/\/api.w.org\/{rel}","templated":true}]}}