{"id":1197,"date":"2024-09-05T19:08:03","date_gmt":"2024-09-05T22:08:03","guid":{"rendered":"https:\/\/radiovilardevoz.org\/?p=1197"},"modified":"2024-09-06T17:26:05","modified_gmt":"2024-09-06T20:26:05","slug":"1197","status":"publish","type":"post","link":"https:\/\/radiovilardevoz.org\/?p=1197","title":{"rendered":"Entrevista central con teatro Alemana Thikwa"},"content":{"rendered":"<h5 style=\"text-align: right;\">24 de agosto de 2024<\/h5>\n<p><img fetchpriority=\"high\" decoding=\"async\" class=\"foto\" class=\"alignnone size-full wp-image-1283\" src=\"https:\/\/radiovilardevoz.org\/wp-content\/uploads\/2024\/09\/Captura-de-pantalla-2024-09-06-170850-min.png\" alt=\"\" width=\"291\" height=\"198\" \/><\/p>\n<p>Recibimos a la Compa\u00f1\u00eda de teatro Alemana Thikwa, los cuales presentar\u00edan este s\u00e1bado a las 20:30hs su obra Baby Bumps en el Teatro Sol\u00eds. Adem\u00e1s de darles la bienvenida los invit\u00f3 a que contar\u00e1na la audiencia y fonoplatea de que se trataba la obra. Con traducci\u00f3n de por medio los artistas fueron contando que la idea era mostrar las limitaciones y la falta de leyes que ten\u00edan para llevar a cabo un embarazo las personas con discapacidad. Mat\u00edas les pregunt\u00f3 porque hab\u00edan elegido Uruguay teniendo en cuenta el contexto legal en que se encuentra en cuanto al aborto, o interrumpcion voluntaria del embarazo (IVE). Los actores creen que en realidad la idea es llevar informaci\u00f3n a nivel internacional ya que es un tema que les convoca a muchos pa\u00edses. David les pregunt\u00f3 qu\u00e9era lo que m\u00e1s les hab\u00eda gustado de Uruguay, a lo cual respondieron que lacomida, ciudad vieja y el mate. ( Hubo muchas risas).<\/p>\n<p>Cecilia les cont\u00f3 que la radio naci\u00f3 dentro del manicomio uruguayo Vilardebo y que estaban luchando por cerrar instituciones como esas y por adquirir m\u00e1s derechos para personas con padecimiento psiqui\u00e1tricos. Tambi\u00e9n les dijo que muchas veces eran llamados locos y locas de manera despectiva, y que desde el colectivo se asume este t\u00e9rmino de locos y que? Demostrando todo lo que pod\u00edan hacer, y todo de lo que eran capaces.<\/p>\n<p>Los compa\u00f1eros alemanes respondieron que de igual forma sucede con la discapacidad. Victor tom\u00f3 el micr\u00f3fono y les pregunt\u00f3 acerca de las formas, los tratos y el tratamiento, lo cual se tradujo en c\u00f3mo era la inclusi\u00f3n de la discapacidad y la locura en su pa\u00eds. Ellos contaron que era muy dif\u00edcil acceder a la atenci\u00f3n psiqui\u00e1trica, y a los tratamientos indicados tambi\u00e9n. Cecilia agradeci\u00f3 la visita, y destac\u00f3 que este tipo de encuentros son una buena forma de hacer amigos por el mundo y que los hermanan en algunas luchas. Tambi\u00e9n les dijo que les llevar\u00edan regalos al hotel, entre ellos la pel\u00edcula Locura al aire.<\/p>\n<p><iframe src=\"https:\/\/www.ivoox.com\/player_ej_133194681_6_1.html?c1=3d341f\" width=\"100%\" height=\"200\" frameborder=\"0\" scrolling=\"no\" allowfullscreen=\"allowfullscreen\"><\/iframe><\/p>\n<div class=\"pvc_clear\"><\/div>\n<p id=\"pvc_stats_1197\" class=\"pvc_stats all  \" data-element-id=\"1197\" style=\"\"><i class=\"pvc-stats-icon large\" aria-hidden=\"true\"><svg aria-hidden=\"true\" focusable=\"false\" data-prefix=\"far\" data-icon=\"chart-bar\" role=\"img\" xmlns=\"http:\/\/www.w3.org\/2000\/svg\" viewBox=\"0 0 512 512\" class=\"svg-inline--fa fa-chart-bar fa-w-16 fa-2x\"><path fill=\"currentColor\" d=\"M396.8 352h22.4c6.4 0 12.8-6.4 12.8-12.8V108.8c0-6.4-6.4-12.8-12.8-12.8h-22.4c-6.4 0-12.8 6.4-12.8 12.8v230.4c0 6.4 6.4 12.8 12.8 12.8zm-192 0h22.4c6.4 0 12.8-6.4 12.8-12.8V140.8c0-6.4-6.4-12.8-12.8-12.8h-22.4c-6.4 0-12.8 6.4-12.8 12.8v198.4c0 6.4 6.4 12.8 12.8 12.8zm96 0h22.4c6.4 0 12.8-6.4 12.8-12.8V204.8c0-6.4-6.4-12.8-12.8-12.8h-22.4c-6.4 0-12.8 6.4-12.8 12.8v134.4c0 6.4 6.4 12.8 12.8 12.8zM496 400H48V80c0-8.84-7.16-16-16-16H16C7.16 64 0 71.16 0 80v336c0 17.67 14.33 32 32 32h464c8.84 0 16-7.16 16-16v-16c0-8.84-7.16-16-16-16zm-387.2-48h22.4c6.4 0 12.8-6.4 12.8-12.8v-70.4c0-6.4-6.4-12.8-12.8-12.8h-22.4c-6.4 0-12.8 6.4-12.8 12.8v70.4c0 6.4 6.4 12.8 12.8 12.8z\" class=\"\"><\/path><\/svg><\/i> <img decoding=\"async\" width=\"16\" height=\"16\" alt=\"Loading\" src=\"https:\/\/radiovilardevoz.org\/wp-content\/plugins\/page-views-count\/ajax-loader-2x.gif\" border=0 \/><\/p>\n<div class=\"pvc_clear\"><\/div>\n","protected":false},"excerpt":{"rendered":"<p>24 de agosto de 2024 Recibimos a la Compa\u00f1\u00eda de teatro Alemana Thikwa, los cuales presentar\u00edan este s\u00e1bado a las 20:30hs su obra Baby Bumps en el Teatro Sol\u00eds. Adem\u00e1s&hellip; <\/p>\n<div class=\"pvc_clear\"><\/div>\n<p id=\"pvc_stats_1197\" class=\"pvc_stats all  \" data-element-id=\"1197\" style=\"\"><i class=\"pvc-stats-icon large\" aria-hidden=\"true\"><svg aria-hidden=\"true\" focusable=\"false\" data-prefix=\"far\" data-icon=\"chart-bar\" role=\"img\" xmlns=\"http:\/\/www.w3.org\/2000\/svg\" viewBox=\"0 0 512 512\" class=\"svg-inline--fa fa-chart-bar fa-w-16 fa-2x\"><path fill=\"currentColor\" d=\"M396.8 352h22.4c6.4 0 12.8-6.4 12.8-12.8V108.8c0-6.4-6.4-12.8-12.8-12.8h-22.4c-6.4 0-12.8 6.4-12.8 12.8v230.4c0 6.4 6.4 12.8 12.8 12.8zm-192 0h22.4c6.4 0 12.8-6.4 12.8-12.8V140.8c0-6.4-6.4-12.8-12.8-12.8h-22.4c-6.4 0-12.8 6.4-12.8 12.8v198.4c0 6.4 6.4 12.8 12.8 12.8zm96 0h22.4c6.4 0 12.8-6.4 12.8-12.8V204.8c0-6.4-6.4-12.8-12.8-12.8h-22.4c-6.4 0-12.8 6.4-12.8 12.8v134.4c0 6.4 6.4 12.8 12.8 12.8zM496 400H48V80c0-8.84-7.16-16-16-16H16C7.16 64 0 71.16 0 80v336c0 17.67 14.33 32 32 32h464c8.84 0 16-7.16 16-16v-16c0-8.84-7.16-16-16-16zm-387.2-48h22.4c6.4 0 12.8-6.4 12.8-12.8v-70.4c0-6.4-6.4-12.8-12.8-12.8h-22.4c-6.4 0-12.8 6.4-12.8 12.8v70.4c0 6.4 6.4 12.8 12.8 12.8z\" class=\"\"><\/path><\/svg><\/i> <img decoding=\"async\" width=\"16\" height=\"16\" alt=\"Loading\" src=\"https:\/\/radiovilardevoz.org\/wp-content\/plugins\/page-views-count\/ajax-loader-2x.gif\" border=0 \/><\/p>\n<div class=\"pvc_clear\"><\/div>\n","protected":false},"author":7,"featured_media":1283,"comment_status":"open","ping_status":"open","sticky":false,"template":"","format":"standard","meta":{"footnotes":""},"categories":[6],"tags":[],"class_list":["post-1197","post","type-post","status-publish","format-standard","has-post-thumbnail","hentry","category-evento"],"_links":{"self":[{"href":"https:\/\/radiovilardevoz.org\/index.php?rest_route=\/wp\/v2\/posts\/1197","targetHints":{"allow":["GET"]}}],"collection":[{"href":"https:\/\/radiovilardevoz.org\/index.php?rest_route=\/wp\/v2\/posts"}],"about":[{"href":"https:\/\/radiovilardevoz.org\/index.php?rest_route=\/wp\/v2\/types\/post"}],"author":[{"embeddable":true,"href":"https:\/\/radiovilardevoz.org\/index.php?rest_route=\/wp\/v2\/users\/7"}],"replies":[{"embeddable":true,"href":"https:\/\/radiovilardevoz.org\/index.php?rest_route=%2Fwp%2Fv2%2Fcomments&post=1197"}],"version-history":[{"count":11,"href":"https:\/\/radiovilardevoz.org\/index.php?rest_route=\/wp\/v2\/posts\/1197\/revisions"}],"predecessor-version":[{"id":1288,"href":"https:\/\/radiovilardevoz.org\/index.php?rest_route=\/wp\/v2\/posts\/1197\/revisions\/1288"}],"wp:featuredmedia":[{"embeddable":true,"href":"https:\/\/radiovilardevoz.org\/index.php?rest_route=\/wp\/v2\/media\/1283"}],"wp:attachment":[{"href":"https:\/\/radiovilardevoz.org\/index.php?rest_route=%2Fwp%2Fv2%2Fmedia&parent=1197"}],"wp:term":[{"taxonomy":"category","embeddable":true,"href":"https:\/\/radiovilardevoz.org\/index.php?rest_route=%2Fwp%2Fv2%2Fcategories&post=1197"},{"taxonomy":"post_tag","embeddable":true,"href":"https:\/\/radiovilardevoz.org\/index.php?rest_route=%2Fwp%2Fv2%2Ftags&post=1197"}],"curies":[{"name":"wp","href":"https:\/\/api.w.org\/{rel}","templated":true}]}}