{"id":1208,"date":"2024-09-05T19:38:34","date_gmt":"2024-09-05T22:38:34","guid":{"rendered":"https:\/\/radiovilardevoz.org\/?p=1208"},"modified":"2024-09-06T17:46:29","modified_gmt":"2024-09-06T20:46:29","slug":"laberinto-musical-con-damian-gularte-en-radio-vilardevoz","status":"publish","type":"post","link":"https:\/\/radiovilardevoz.org\/?p=1208","title":{"rendered":"Laberinto Musical con Dami\u00e1n Gularte En Radio Vilardevoz"},"content":{"rendered":"<h5 style=\"text-align: right;\">31 de agosto de 2024<\/h5>\n<p><img fetchpriority=\"high\" decoding=\"async\" class=\"foto\" src=\"https:\/\/radiovilardevoz.org\/wp-content\/uploads\/2024\/09\/WhatsApp-Image-2024-09-05-at-19.26.44-225x300.jpeg\" alt=\"\" width=\"225\" height=\"300\" \/><br \/>\nEn Laberinto Musical recibimos al m\u00fasico y compositor Dami\u00e1n Gularte presente por segunda vez en la radio (ya fue entrevistado en el a\u00f1o 2021). La entrevista fue llevada adelante por Mathias Azambuja, Willy y An\u00edbal comenz\u00f3 con la primera pregunta hacia el m\u00fasico pregunt\u00e1ndole en qu\u00e9 andaban sus caminos art\u00edsticos actualmente, El m\u00fasico dijo que se estaba<br \/>\npreparando para su siguiente espect\u00e1culo el pr\u00f3ximo 12 de septiembre en Sala Corchea en donde tocar\u00e1 algunas canciones de su \u00faltimo disco \u201cMitad de vos\u201d.<br \/>\nPosteriormente Anibal le consult\u00f3 cu\u00e1nto cree que influenci\u00f3 su familia su estilo musical, Dami\u00e1n reconoce que muchas de sus influencias surgen en parte de conversaciones con su padre Jorginho Gularte el cual siempre lo motiv\u00f3 a aprender muchos estilos musicales diferentes para luego poder fusionarlos. Willy tom\u00f3 el micr\u00f3fono para saludarlo y preguntar cu\u00e1l cree que fueron los primeros m\u00fasicos o instrumentos que lo inspiraron en su ni\u00f1ez para dedicarse a la m\u00fasica. El entrevistado comenta que en un principio ten\u00eda fanatismo por escuchar m\u00fasica y que la idea de<\/p>\n<p>hacer m\u00fasica vino mucho despu\u00e9s. Entre sus primeros \u00eddolos identifica a Michael Jackson que si bien al d\u00eda de hoy no se siente influenciado por \u00e9l, considera que todos los de su generaci\u00f3n fueron marcados por lo popular que fue en su momento.<br \/>\nEn cuanto a los instrumentos, a sus 9 a\u00f1os le regalaron un bajo y a partir de ah\u00ed comenz\u00f3 a tomar sus primeras clases de instrumento. Posteriomente comenz\u00f3 a estudiar guitarra cl\u00e1sica e identifica como gran influencia a Eduardo Mateo, adem\u00e1s nombr\u00f3 otros m\u00fasicos uruguayos por los cuales se siente influenciado como el Lobo Nu\u00f1ez, Ruben Rada, Eduardo Da Luz, Chabela Ramirez y Fernando Cabrera (con \u00e9ste \u00faltimo tuvo el placer de tenerlo de invitado para grabar en uno de sus discos).<br \/>\nMathias le consult\u00f3 sobre cu\u00e1les son las inspiraciones que utiliza al componer, Dami\u00e1n considera que sus composiciones est\u00e1n atravesadas por la vida misma, las personas que se va encontrando y todo lo que va aprendiendo en sus vivencias. Durante la entrevista comparti\u00f3 varios temas para la fonoplatea y la audiencia.<\/p>\n<p><iframe src=\"https:\/\/www.ivoox.com\/player_ej_133389950_6_1.html?c1=3d341f\" width=\"100%\" height=\"200\" frameborder=\"0\" scrolling=\"no\" allowfullscreen=\"allowfullscreen\"><\/iframe><\/p>\n<div class=\"pvc_clear\"><\/div>\n<p id=\"pvc_stats_1208\" class=\"pvc_stats all  \" data-element-id=\"1208\" style=\"\"><i class=\"pvc-stats-icon large\" aria-hidden=\"true\"><svg aria-hidden=\"true\" focusable=\"false\" data-prefix=\"far\" data-icon=\"chart-bar\" role=\"img\" xmlns=\"http:\/\/www.w3.org\/2000\/svg\" viewBox=\"0 0 512 512\" class=\"svg-inline--fa fa-chart-bar fa-w-16 fa-2x\"><path fill=\"currentColor\" d=\"M396.8 352h22.4c6.4 0 12.8-6.4 12.8-12.8V108.8c0-6.4-6.4-12.8-12.8-12.8h-22.4c-6.4 0-12.8 6.4-12.8 12.8v230.4c0 6.4 6.4 12.8 12.8 12.8zm-192 0h22.4c6.4 0 12.8-6.4 12.8-12.8V140.8c0-6.4-6.4-12.8-12.8-12.8h-22.4c-6.4 0-12.8 6.4-12.8 12.8v198.4c0 6.4 6.4 12.8 12.8 12.8zm96 0h22.4c6.4 0 12.8-6.4 12.8-12.8V204.8c0-6.4-6.4-12.8-12.8-12.8h-22.4c-6.4 0-12.8 6.4-12.8 12.8v134.4c0 6.4 6.4 12.8 12.8 12.8zM496 400H48V80c0-8.84-7.16-16-16-16H16C7.16 64 0 71.16 0 80v336c0 17.67 14.33 32 32 32h464c8.84 0 16-7.16 16-16v-16c0-8.84-7.16-16-16-16zm-387.2-48h22.4c6.4 0 12.8-6.4 12.8-12.8v-70.4c0-6.4-6.4-12.8-12.8-12.8h-22.4c-6.4 0-12.8 6.4-12.8 12.8v70.4c0 6.4 6.4 12.8 12.8 12.8z\" class=\"\"><\/path><\/svg><\/i> <img decoding=\"async\" width=\"16\" height=\"16\" alt=\"Loading\" src=\"https:\/\/radiovilardevoz.org\/wp-content\/plugins\/page-views-count\/ajax-loader-2x.gif\" border=0 \/><\/p>\n<div class=\"pvc_clear\"><\/div>\n","protected":false},"excerpt":{"rendered":"<p>31 de agosto de 2024 En Laberinto Musical recibimos al m\u00fasico y compositor Dami\u00e1n Gularte presente por segunda vez en la radio (ya fue entrevistado en el a\u00f1o 2021). La&hellip; <\/p>\n<div class=\"pvc_clear\"><\/div>\n<p id=\"pvc_stats_1208\" class=\"pvc_stats all  \" data-element-id=\"1208\" style=\"\"><i class=\"pvc-stats-icon large\" aria-hidden=\"true\"><svg aria-hidden=\"true\" focusable=\"false\" data-prefix=\"far\" data-icon=\"chart-bar\" role=\"img\" xmlns=\"http:\/\/www.w3.org\/2000\/svg\" viewBox=\"0 0 512 512\" class=\"svg-inline--fa fa-chart-bar fa-w-16 fa-2x\"><path fill=\"currentColor\" d=\"M396.8 352h22.4c6.4 0 12.8-6.4 12.8-12.8V108.8c0-6.4-6.4-12.8-12.8-12.8h-22.4c-6.4 0-12.8 6.4-12.8 12.8v230.4c0 6.4 6.4 12.8 12.8 12.8zm-192 0h22.4c6.4 0 12.8-6.4 12.8-12.8V140.8c0-6.4-6.4-12.8-12.8-12.8h-22.4c-6.4 0-12.8 6.4-12.8 12.8v198.4c0 6.4 6.4 12.8 12.8 12.8zm96 0h22.4c6.4 0 12.8-6.4 12.8-12.8V204.8c0-6.4-6.4-12.8-12.8-12.8h-22.4c-6.4 0-12.8 6.4-12.8 12.8v134.4c0 6.4 6.4 12.8 12.8 12.8zM496 400H48V80c0-8.84-7.16-16-16-16H16C7.16 64 0 71.16 0 80v336c0 17.67 14.33 32 32 32h464c8.84 0 16-7.16 16-16v-16c0-8.84-7.16-16-16-16zm-387.2-48h22.4c6.4 0 12.8-6.4 12.8-12.8v-70.4c0-6.4-6.4-12.8-12.8-12.8h-22.4c-6.4 0-12.8 6.4-12.8 12.8v70.4c0 6.4 6.4 12.8 12.8 12.8z\" class=\"\"><\/path><\/svg><\/i> <img decoding=\"async\" width=\"16\" height=\"16\" alt=\"Loading\" src=\"https:\/\/radiovilardevoz.org\/wp-content\/plugins\/page-views-count\/ajax-loader-2x.gif\" border=0 \/><\/p>\n<div class=\"pvc_clear\"><\/div>\n","protected":false},"author":7,"featured_media":1212,"comment_status":"open","ping_status":"open","sticky":false,"template":"","format":"standard","meta":{"footnotes":""},"categories":[6],"tags":[],"class_list":["post-1208","post","type-post","status-publish","format-standard","has-post-thumbnail","hentry","category-evento"],"_links":{"self":[{"href":"https:\/\/radiovilardevoz.org\/index.php?rest_route=\/wp\/v2\/posts\/1208","targetHints":{"allow":["GET"]}}],"collection":[{"href":"https:\/\/radiovilardevoz.org\/index.php?rest_route=\/wp\/v2\/posts"}],"about":[{"href":"https:\/\/radiovilardevoz.org\/index.php?rest_route=\/wp\/v2\/types\/post"}],"author":[{"embeddable":true,"href":"https:\/\/radiovilardevoz.org\/index.php?rest_route=\/wp\/v2\/users\/7"}],"replies":[{"embeddable":true,"href":"https:\/\/radiovilardevoz.org\/index.php?rest_route=%2Fwp%2Fv2%2Fcomments&post=1208"}],"version-history":[{"count":7,"href":"https:\/\/radiovilardevoz.org\/index.php?rest_route=\/wp\/v2\/posts\/1208\/revisions"}],"predecessor-version":[{"id":1274,"href":"https:\/\/radiovilardevoz.org\/index.php?rest_route=\/wp\/v2\/posts\/1208\/revisions\/1274"}],"wp:featuredmedia":[{"embeddable":true,"href":"https:\/\/radiovilardevoz.org\/index.php?rest_route=\/wp\/v2\/media\/1212"}],"wp:attachment":[{"href":"https:\/\/radiovilardevoz.org\/index.php?rest_route=%2Fwp%2Fv2%2Fmedia&parent=1208"}],"wp:term":[{"taxonomy":"category","embeddable":true,"href":"https:\/\/radiovilardevoz.org\/index.php?rest_route=%2Fwp%2Fv2%2Fcategories&post=1208"},{"taxonomy":"post_tag","embeddable":true,"href":"https:\/\/radiovilardevoz.org\/index.php?rest_route=%2Fwp%2Fv2%2Ftags&post=1208"}],"curies":[{"name":"wp","href":"https:\/\/api.w.org\/{rel}","templated":true}]}}