{"id":1383,"date":"2024-09-12T16:06:47","date_gmt":"2024-09-12T19:06:47","guid":{"rendered":"https:\/\/radiovilardevoz.org\/?p=1383"},"modified":"2024-09-15T01:49:31","modified_gmt":"2024-09-15T04:49:31","slug":"recibimos-a-hugo-leivas-sab-07-09-24","status":"publish","type":"post","link":"https:\/\/radiovilardevoz.org\/?p=1383","title":{"rendered":"Recibimos a Hugo Leivas s\u00e1bado 07\/09\/24"},"content":{"rendered":"<p><img fetchpriority=\"high\" decoding=\"async\" class=\"foto\" src=\"https:\/\/radiovilardevoz.org\/wp-content\/uploads\/2024\/09\/leivas.png\" alt=\"\" width=\"293\" height=\"176\" \/><\/p>\n<p>Recibimos a Hugo Leivas integrante de una Olla popular del Cerro llamada Faustino Chimango Rodriguez llevada adelante por el colectivo \u201cel Chivipueblo\u201d, el invitado se auto defini\u00f3 como un \u201coriental trabajador gastron\u00f3mico popular\u201d. La entrevista fue llevada adelante por Mathias Azambuja y Lourdes, quienes desde el comienzo le preguntaron sobre c\u00f3mo y cu\u00e1ndo surgi\u00f3 esta Olla Popular. Hugo relat\u00f3 que sus comienzos se remontan a un 26 de marzo del a\u00f1o 2020 en plena pandemia en donde se organizaron para poder hacer llegar un plato de comida a todos los que lo necesitaran especialmente a las personas que se encontraban con problem\u00e1ticas de salud mental as\u00ed como situaciones de discapacidad (Hugo relata que cuando comenz\u00f3 la Olla \u00e9l mismo se encontraba en silla de ruedas). Destaca que la empat\u00eda hacia ellos mismos y la solidaridad es lo que caracteriza a la Olla. El colectivo lleva adelante una Olla popular tres veces a la semana en la Asociaci\u00f3n de Jubilados y Pensionistas del Cerro Zona Oeste alimentando alrededor de 60 personas cada d\u00eda. Adem\u00e1s explic\u00f3 a la audiencia de qu\u00e9 trata el carromato que les otorg\u00f3 la Intendencia de Montevideo, el cual utilizan para cocinar y que permite generar una \u201cOlla m\u00f3vil\u201d en el Cerro con la cual pueden arrimar un plato de comida a 36 familias en contexto cr\u00edtico, comenzando a encender el carromato a las 5 y media de la ma\u00f1ana y muchas veces finalizando la jornada por la noche.<br \/>\nHugo agradeci\u00f3 a los vecinos y a los trabajadores organizados, cree que cada pieza ha sido fundamental desde el plan ABC de la IM as\u00ed como tambi\u00e9n a la solidaridad de chacras vecinas y a las redes que colaboran con ellos. \u201cEn un pa\u00eds agro agricultor ganadero, pasar hambre es injusto para un oriental pero afortunadamente existe un pueblo solidario mucho m\u00e1s solidario que los pol\u00edticos que llevan a cabo la distribuci\u00f3n de la econom\u00eda para dar de comer\u201d.<br \/>\nEl invitado considera que pese a la ausencia de ayuda de parte del Estado, eso los hizo fuertes ya que \u201cla rebeld\u00eda pasa desde adentro a resistir\u201d pudiendo al d\u00eda de hoy contar con emprendimientos y trabajo para varios integrantes dentro del colectivo. Consideran que profundizar Chivipueblo hacia un futuro integrador implicar\u00eda formar una cooperativa de trabajo para ayudarse mutuamente. Cree que un mundo mejor y m\u00e1s saludable es posible sin la contaminaci\u00f3n producto del exceso de f\u00e1rmacos (el invitado relat\u00f3 que los m\u00e9dicos llegaron a indicarle 16 pastillas diferentes las cuales abandon\u00f3), desde ese momento considera que su salud mejor\u00f3 considerablemente implicando una gran transformaci\u00f3n para su vida.<\/p>\n<p>Finaliz\u00f3 la entrevista agradeciendo a todos los que apoyan a la causa y a todos los que ayudan a la difusi\u00f3n, a Radio Vilardevoz por abrirle la puerta a personas con problemas de salud mental. \u201cConocemos a muy pocos que se recuperan, pero esos pocos que se recuperan son aquellos que son ejemplo para los no recuperados que quieren volver\u201d. Cree que las Ollas no deben existir y nunca debieron existir, \u201cChivipueblo no es algo que se construye para llenar nuestros bolsillos sino para llenar nuestras almas, arriba los pobres del mundo, de pie los esclavos sin pan\u201d.<\/p>\n<p><iframe src=\"https:\/\/www.ivoox.com\/player_ej_133625448_6_1.html\" width=\"100%\" height=\"200\" frameborder=\"0\" scrolling=\"no\" allowfullscreen=\"allowfullscreen\"><\/iframe><\/p>\n<div class=\"pvc_clear\"><\/div>\n<p id=\"pvc_stats_1383\" class=\"pvc_stats all  \" data-element-id=\"1383\" style=\"\"><i class=\"pvc-stats-icon large\" aria-hidden=\"true\"><svg aria-hidden=\"true\" focusable=\"false\" data-prefix=\"far\" data-icon=\"chart-bar\" role=\"img\" xmlns=\"http:\/\/www.w3.org\/2000\/svg\" viewBox=\"0 0 512 512\" class=\"svg-inline--fa fa-chart-bar fa-w-16 fa-2x\"><path fill=\"currentColor\" d=\"M396.8 352h22.4c6.4 0 12.8-6.4 12.8-12.8V108.8c0-6.4-6.4-12.8-12.8-12.8h-22.4c-6.4 0-12.8 6.4-12.8 12.8v230.4c0 6.4 6.4 12.8 12.8 12.8zm-192 0h22.4c6.4 0 12.8-6.4 12.8-12.8V140.8c0-6.4-6.4-12.8-12.8-12.8h-22.4c-6.4 0-12.8 6.4-12.8 12.8v198.4c0 6.4 6.4 12.8 12.8 12.8zm96 0h22.4c6.4 0 12.8-6.4 12.8-12.8V204.8c0-6.4-6.4-12.8-12.8-12.8h-22.4c-6.4 0-12.8 6.4-12.8 12.8v134.4c0 6.4 6.4 12.8 12.8 12.8zM496 400H48V80c0-8.84-7.16-16-16-16H16C7.16 64 0 71.16 0 80v336c0 17.67 14.33 32 32 32h464c8.84 0 16-7.16 16-16v-16c0-8.84-7.16-16-16-16zm-387.2-48h22.4c6.4 0 12.8-6.4 12.8-12.8v-70.4c0-6.4-6.4-12.8-12.8-12.8h-22.4c-6.4 0-12.8 6.4-12.8 12.8v70.4c0 6.4 6.4 12.8 12.8 12.8z\" class=\"\"><\/path><\/svg><\/i> <img decoding=\"async\" width=\"16\" height=\"16\" alt=\"Loading\" src=\"https:\/\/radiovilardevoz.org\/wp-content\/plugins\/page-views-count\/ajax-loader-2x.gif\" border=0 \/><\/p>\n<div class=\"pvc_clear\"><\/div>\n","protected":false},"excerpt":{"rendered":"<p>Recibimos a Hugo Leivas integrante de una Olla popular del Cerro llamada Faustino Chimango Rodriguez llevada adelante por el colectivo \u201cel Chivipueblo\u201d, el invitado se auto defini\u00f3 como un \u201coriental&hellip; <\/p>\n<div class=\"pvc_clear\"><\/div>\n<p id=\"pvc_stats_1383\" class=\"pvc_stats all  \" data-element-id=\"1383\" style=\"\"><i class=\"pvc-stats-icon large\" aria-hidden=\"true\"><svg aria-hidden=\"true\" focusable=\"false\" data-prefix=\"far\" data-icon=\"chart-bar\" role=\"img\" xmlns=\"http:\/\/www.w3.org\/2000\/svg\" viewBox=\"0 0 512 512\" class=\"svg-inline--fa fa-chart-bar fa-w-16 fa-2x\"><path fill=\"currentColor\" d=\"M396.8 352h22.4c6.4 0 12.8-6.4 12.8-12.8V108.8c0-6.4-6.4-12.8-12.8-12.8h-22.4c-6.4 0-12.8 6.4-12.8 12.8v230.4c0 6.4 6.4 12.8 12.8 12.8zm-192 0h22.4c6.4 0 12.8-6.4 12.8-12.8V140.8c0-6.4-6.4-12.8-12.8-12.8h-22.4c-6.4 0-12.8 6.4-12.8 12.8v198.4c0 6.4 6.4 12.8 12.8 12.8zm96 0h22.4c6.4 0 12.8-6.4 12.8-12.8V204.8c0-6.4-6.4-12.8-12.8-12.8h-22.4c-6.4 0-12.8 6.4-12.8 12.8v134.4c0 6.4 6.4 12.8 12.8 12.8zM496 400H48V80c0-8.84-7.16-16-16-16H16C7.16 64 0 71.16 0 80v336c0 17.67 14.33 32 32 32h464c8.84 0 16-7.16 16-16v-16c0-8.84-7.16-16-16-16zm-387.2-48h22.4c6.4 0 12.8-6.4 12.8-12.8v-70.4c0-6.4-6.4-12.8-12.8-12.8h-22.4c-6.4 0-12.8 6.4-12.8 12.8v70.4c0 6.4 6.4 12.8 12.8 12.8z\" class=\"\"><\/path><\/svg><\/i> <img decoding=\"async\" width=\"16\" height=\"16\" alt=\"Loading\" src=\"https:\/\/radiovilardevoz.org\/wp-content\/plugins\/page-views-count\/ajax-loader-2x.gif\" border=0 \/><\/p>\n<div class=\"pvc_clear\"><\/div>\n","protected":false},"author":7,"featured_media":1418,"comment_status":"open","ping_status":"open","sticky":false,"template":"","format":"standard","meta":{"footnotes":""},"categories":[13],"tags":[],"class_list":["post-1383","post","type-post","status-publish","format-standard","has-post-thumbnail","hentry","category-ddhh-y-salud-mental"],"_links":{"self":[{"href":"https:\/\/radiovilardevoz.org\/index.php?rest_route=\/wp\/v2\/posts\/1383","targetHints":{"allow":["GET"]}}],"collection":[{"href":"https:\/\/radiovilardevoz.org\/index.php?rest_route=\/wp\/v2\/posts"}],"about":[{"href":"https:\/\/radiovilardevoz.org\/index.php?rest_route=\/wp\/v2\/types\/post"}],"author":[{"embeddable":true,"href":"https:\/\/radiovilardevoz.org\/index.php?rest_route=\/wp\/v2\/users\/7"}],"replies":[{"embeddable":true,"href":"https:\/\/radiovilardevoz.org\/index.php?rest_route=%2Fwp%2Fv2%2Fcomments&post=1383"}],"version-history":[{"count":12,"href":"https:\/\/radiovilardevoz.org\/index.php?rest_route=\/wp\/v2\/posts\/1383\/revisions"}],"predecessor-version":[{"id":1421,"href":"https:\/\/radiovilardevoz.org\/index.php?rest_route=\/wp\/v2\/posts\/1383\/revisions\/1421"}],"wp:featuredmedia":[{"embeddable":true,"href":"https:\/\/radiovilardevoz.org\/index.php?rest_route=\/wp\/v2\/media\/1418"}],"wp:attachment":[{"href":"https:\/\/radiovilardevoz.org\/index.php?rest_route=%2Fwp%2Fv2%2Fmedia&parent=1383"}],"wp:term":[{"taxonomy":"category","embeddable":true,"href":"https:\/\/radiovilardevoz.org\/index.php?rest_route=%2Fwp%2Fv2%2Fcategories&post=1383"},{"taxonomy":"post_tag","embeddable":true,"href":"https:\/\/radiovilardevoz.org\/index.php?rest_route=%2Fwp%2Fv2%2Ftags&post=1383"}],"curies":[{"name":"wp","href":"https:\/\/api.w.org\/{rel}","templated":true}]}}