{"id":1506,"date":"2024-09-25T14:27:44","date_gmt":"2024-09-25T17:27:44","guid":{"rendered":"https:\/\/radiovilardevoz.org\/?p=1506"},"modified":"2024-09-25T15:10:37","modified_gmt":"2024-09-25T18:10:37","slug":"vilardevoz-recibe-premio-para-la-katering","status":"publish","type":"post","link":"https:\/\/radiovilardevoz.org\/?p=1506","title":{"rendered":"Vilardevoz recibe premio para La Katering"},"content":{"rendered":"<p><img fetchpriority=\"high\" decoding=\"async\" class=\"foto\" class=\"alignnone size-medium wp-image-1507\" src=\"https:\/\/radiovilardevoz.org\/wp-content\/uploads\/2024\/09\/IMG_3665-225x300.jpeg\" alt=\"\" width=\"300\" height=\"400\" srcset=\"https:\/\/radiovilardevoz.org\/wp-content\/uploads\/2024\/09\/IMG_3665-225x300.jpeg 225w, https:\/\/radiovilardevoz.org\/wp-content\/uploads\/2024\/09\/IMG_3665-768x1024.jpeg 768w, https:\/\/radiovilardevoz.org\/wp-content\/uploads\/2024\/09\/IMG_3665-1152x1536.jpeg 1152w, https:\/\/radiovilardevoz.org\/wp-content\/uploads\/2024\/09\/IMG_3665-1536x2048.jpeg 1536w, https:\/\/radiovilardevoz.org\/wp-content\/uploads\/2024\/09\/IMG_3665-scaled.jpeg 1920w\" sizes=\"(max-width: 300px) 100vw, 300px\" \/><\/p>\n<p>El martes 24 se llev\u00f3 a cabo la actividad Encuentros, organizada por Mides y proyecto Moebius (cultura y Salud mental), a 7 a\u00f1os de la Ley de Salud Mental 19.529.<\/p>\n<p>En este tiempo el Mides llev\u00f3 adelante una serie de acciones que incluy\u00f3 la apertura de una diversidad de dispositivos habitacionales, sociolaborales y culturales para cumplir con la implementaci\u00f3n de la Ley.<br \/>\nEn este marco, la plataforma sociolaborar S\u00e1maras, llam\u00f3 a un fondo concursable para fortalecer algunas propuestas y desde nuestra Nave de les loques presentamos La Katering, emprendimiento de comidas para eventos y cumplea\u00f1os. Este premio nos permitir\u00e1 comprar un horno el\u00e9ctrico, una enorme batidora y muchas otras cosillas para que nuestra comida quede pip\u00ed-cuc\u00fa\ud83d\ude43<\/p>\n<div class=\"pvc_clear\"><\/div>\n<p id=\"pvc_stats_1506\" class=\"pvc_stats all  \" data-element-id=\"1506\" style=\"\"><i class=\"pvc-stats-icon large\" aria-hidden=\"true\"><svg aria-hidden=\"true\" focusable=\"false\" data-prefix=\"far\" data-icon=\"chart-bar\" role=\"img\" xmlns=\"http:\/\/www.w3.org\/2000\/svg\" viewBox=\"0 0 512 512\" class=\"svg-inline--fa fa-chart-bar fa-w-16 fa-2x\"><path fill=\"currentColor\" d=\"M396.8 352h22.4c6.4 0 12.8-6.4 12.8-12.8V108.8c0-6.4-6.4-12.8-12.8-12.8h-22.4c-6.4 0-12.8 6.4-12.8 12.8v230.4c0 6.4 6.4 12.8 12.8 12.8zm-192 0h22.4c6.4 0 12.8-6.4 12.8-12.8V140.8c0-6.4-6.4-12.8-12.8-12.8h-22.4c-6.4 0-12.8 6.4-12.8 12.8v198.4c0 6.4 6.4 12.8 12.8 12.8zm96 0h22.4c6.4 0 12.8-6.4 12.8-12.8V204.8c0-6.4-6.4-12.8-12.8-12.8h-22.4c-6.4 0-12.8 6.4-12.8 12.8v134.4c0 6.4 6.4 12.8 12.8 12.8zM496 400H48V80c0-8.84-7.16-16-16-16H16C7.16 64 0 71.16 0 80v336c0 17.67 14.33 32 32 32h464c8.84 0 16-7.16 16-16v-16c0-8.84-7.16-16-16-16zm-387.2-48h22.4c6.4 0 12.8-6.4 12.8-12.8v-70.4c0-6.4-6.4-12.8-12.8-12.8h-22.4c-6.4 0-12.8 6.4-12.8 12.8v70.4c0 6.4 6.4 12.8 12.8 12.8z\" class=\"\"><\/path><\/svg><\/i> <img decoding=\"async\" width=\"16\" height=\"16\" alt=\"Loading\" src=\"https:\/\/radiovilardevoz.org\/wp-content\/plugins\/page-views-count\/ajax-loader-2x.gif\" border=0 \/><\/p>\n<div class=\"pvc_clear\"><\/div>\n","protected":false},"excerpt":{"rendered":"<p>El martes 24 se llev\u00f3 a cabo la actividad Encuentros, organizada por Mides y proyecto Moebius (cultura y Salud mental), a 7 a\u00f1os de la Ley de Salud Mental 19.529.&hellip; <\/p>\n<div class=\"pvc_clear\"><\/div>\n<p id=\"pvc_stats_1506\" class=\"pvc_stats all  \" data-element-id=\"1506\" style=\"\"><i class=\"pvc-stats-icon large\" aria-hidden=\"true\"><svg aria-hidden=\"true\" focusable=\"false\" data-prefix=\"far\" data-icon=\"chart-bar\" role=\"img\" xmlns=\"http:\/\/www.w3.org\/2000\/svg\" viewBox=\"0 0 512 512\" class=\"svg-inline--fa fa-chart-bar fa-w-16 fa-2x\"><path fill=\"currentColor\" d=\"M396.8 352h22.4c6.4 0 12.8-6.4 12.8-12.8V108.8c0-6.4-6.4-12.8-12.8-12.8h-22.4c-6.4 0-12.8 6.4-12.8 12.8v230.4c0 6.4 6.4 12.8 12.8 12.8zm-192 0h22.4c6.4 0 12.8-6.4 12.8-12.8V140.8c0-6.4-6.4-12.8-12.8-12.8h-22.4c-6.4 0-12.8 6.4-12.8 12.8v198.4c0 6.4 6.4 12.8 12.8 12.8zm96 0h22.4c6.4 0 12.8-6.4 12.8-12.8V204.8c0-6.4-6.4-12.8-12.8-12.8h-22.4c-6.4 0-12.8 6.4-12.8 12.8v134.4c0 6.4 6.4 12.8 12.8 12.8zM496 400H48V80c0-8.84-7.16-16-16-16H16C7.16 64 0 71.16 0 80v336c0 17.67 14.33 32 32 32h464c8.84 0 16-7.16 16-16v-16c0-8.84-7.16-16-16-16zm-387.2-48h22.4c6.4 0 12.8-6.4 12.8-12.8v-70.4c0-6.4-6.4-12.8-12.8-12.8h-22.4c-6.4 0-12.8 6.4-12.8 12.8v70.4c0 6.4 6.4 12.8 12.8 12.8z\" class=\"\"><\/path><\/svg><\/i> <img decoding=\"async\" width=\"16\" height=\"16\" alt=\"Loading\" src=\"https:\/\/radiovilardevoz.org\/wp-content\/plugins\/page-views-count\/ajax-loader-2x.gif\" border=0 \/><\/p>\n<div class=\"pvc_clear\"><\/div>\n","protected":false},"author":7,"featured_media":1507,"comment_status":"open","ping_status":"open","sticky":false,"template":"","format":"standard","meta":{"footnotes":""},"categories":[13],"tags":[],"class_list":["post-1506","post","type-post","status-publish","format-standard","has-post-thumbnail","hentry","category-ddhh-y-salud-mental"],"_links":{"self":[{"href":"https:\/\/radiovilardevoz.org\/index.php?rest_route=\/wp\/v2\/posts\/1506","targetHints":{"allow":["GET"]}}],"collection":[{"href":"https:\/\/radiovilardevoz.org\/index.php?rest_route=\/wp\/v2\/posts"}],"about":[{"href":"https:\/\/radiovilardevoz.org\/index.php?rest_route=\/wp\/v2\/types\/post"}],"author":[{"embeddable":true,"href":"https:\/\/radiovilardevoz.org\/index.php?rest_route=\/wp\/v2\/users\/7"}],"replies":[{"embeddable":true,"href":"https:\/\/radiovilardevoz.org\/index.php?rest_route=%2Fwp%2Fv2%2Fcomments&post=1506"}],"version-history":[{"count":5,"href":"https:\/\/radiovilardevoz.org\/index.php?rest_route=\/wp\/v2\/posts\/1506\/revisions"}],"predecessor-version":[{"id":1530,"href":"https:\/\/radiovilardevoz.org\/index.php?rest_route=\/wp\/v2\/posts\/1506\/revisions\/1530"}],"wp:featuredmedia":[{"embeddable":true,"href":"https:\/\/radiovilardevoz.org\/index.php?rest_route=\/wp\/v2\/media\/1507"}],"wp:attachment":[{"href":"https:\/\/radiovilardevoz.org\/index.php?rest_route=%2Fwp%2Fv2%2Fmedia&parent=1506"}],"wp:term":[{"taxonomy":"category","embeddable":true,"href":"https:\/\/radiovilardevoz.org\/index.php?rest_route=%2Fwp%2Fv2%2Fcategories&post=1506"},{"taxonomy":"post_tag","embeddable":true,"href":"https:\/\/radiovilardevoz.org\/index.php?rest_route=%2Fwp%2Fv2%2Ftags&post=1506"}],"curies":[{"name":"wp","href":"https:\/\/api.w.org\/{rel}","templated":true}]}}