{"id":1587,"date":"2024-10-04T01:11:54","date_gmt":"2024-10-04T04:11:54","guid":{"rendered":"https:\/\/radiovilardevoz.org\/?p=1587"},"modified":"2024-10-04T02:53:25","modified_gmt":"2024-10-04T05:53:25","slug":"proyecto-moebius-arte-y-salud-mental","status":"publish","type":"post","link":"https:\/\/radiovilardevoz.org\/?p=1587","title":{"rendered":"Proyecto MOEBIUS: Arte y Salud Mental"},"content":{"rendered":"<h5 style=\"text-align: right;\" align=\"JUSTIFY\">21 de setiembre de 2024<\/h5>\n<p align=\"JUSTIFY\"><strong>Entrevista a Sebasti\u00e1n B\u00e1ez del Proyecto <img name=\"Picture 6591\" border=\"0\" \/>MOEBIUS: Arte y Salud Mental<\/strong><\/p>\n<p align=\"JUSTIFY\"><img fetchpriority=\"high\" decoding=\"async\" class=\"foto\" src=\"https:\/\/radiovilardevoz.org\/wp-content\/uploads\/2024\/10\/sbaes-min-300x191.png\" alt=\"\" width=\"300\" height=\"191\" \/><\/p>\n<p align=\"JUSTIFY\"><span style=\"color: #000000;\"><span style=\"font-family: Times New Roman, serif;\"><span style=\"font-size: medium;\">Y el s\u00e1bado 20 tambi\u00e9n recibimos a Sebasti\u00e1n B\u00e1ez, integrante de Moebius. Este proyecto surgi\u00f3 a trav\u00e9s de la ONG Grameen y el MIDES, y son quienes realizaron la Feria de Encuentros: Cultura y Salud Mental el pasado martes 24 de setiembre en Plaza Cagancha. Esta feria se realiza con el objetivo de conmemorar los 7 a\u00f1os de la aprobaci\u00f3n de la Ley de Salud Mental en nuestro pa\u00eds y visibilizar por parte del MIDES lo realizado en este tiempo. Sebasti\u00e1n nos cont\u00f3 que la feria surge con la intenci\u00f3n de encontrarnos, de juntarnos a conocernos, a trav\u00e9s de lo art\u00edstico.<\/span><\/span><\/span><\/p>\n<p align=\"JUSTIFY\"><span style=\"color: #000000;\"><span style=\"font-family: Times New Roman, serif;\"><span style=\"font-size: medium;\">\u00bfPor qu\u00e9 el nombre Moebius?<\/span><\/span><\/span><\/p>\n<p align=\"JUSTIFY\"><span style=\"color: #000000;\"><span style=\"font-family: Times New Roman, serif;\"><span style=\"font-size: medium;\">Para Sebasti\u00e1n tiene que ver con problematizar el acceso a la cultura y su relaci\u00f3n con el pueblo. Problematizar la idea de que es algo a lo que tenemos que acceder pero que est\u00e1 lejos. Desde Moebius consideran que la cultura es lo que nos est\u00e1 pasando alrededor todo el tiempo.<\/span><\/span><\/span><\/p>\n<p align=\"JUSTIFY\"><span style=\"color: #000000;\"><span style=\"font-family: Times New Roman, serif;\"><span style=\"font-size: medium;\">La cinta de Moebius les permite visibilizar este concepto din\u00e1mico, en donde cultura y salud mental est\u00e1n todo el tiempo en constante atravesamiento. Va y viene. Y agreg\u00f3 que, a veces, podemos identificar acciones m\u00e1s vinculadas a la salud mental que est\u00e1n atravesadas por la cultura, y a la inversa, cosas que tienen que ver estrictamente con la cultura que est\u00e1n atravesadas por la salud mental.<\/span><\/span><\/span><\/p>\n<p align=\"JUSTIFY\"><span style=\"color: #000000;\"><span style=\"font-family: Times New Roman, serif;\"><span style=\"font-size: medium;\">\u00bfEn qu\u00e9 otras perspectivas adem\u00e1s de la art\u00edstica, el proyecto piensa la salud mental?<\/span><\/span><\/span><\/p>\n<p align=\"JUSTIFY\"><span style=\"color: #000000;\"><span style=\"font-family: Times New Roman, serif;\"><span style=\"font-size: medium;\">Sebasti\u00e1n menciona la perspectiva comunitaria como un modelo en la salud mental que asimile el entramado de redes. Y destaca que si bien existen espacios de encuentro, todav\u00eda faltan m\u00e1s, por lo que el proyecto Moebius tiene como motivaci\u00f3n la b\u00fasqueda por potenciar y desarrollarse como un lugar que apueste a estas l\u00f3gicas afectivas donde poder vincular cultura-salud mental-comunidad.<\/span><\/span><\/span><\/p>\n<p align=\"JUSTIFY\"><span style=\"color: #000000;\"><span style=\"font-family: Times New Roman, serif;\"><span style=\"font-size: medium;\">Para finalizar, se mencionan dos proyectos llamados <\/span><\/span><\/span><span style=\"color: #000000;\"><span style=\"font-family: Times New Roman, serif;\"><span style=\"font-size: medium;\">Samaras y Duplas Itinerantes, que buscan fortalecer la red de apoyo a poblaciones en situaci\u00f3n de vulnerabilidad,<\/span> <span style=\"font-size: medium;\">enfoc\u00e1ndose en la salud mental y su vinculaci\u00f3n con el trabajo.<\/span><\/span><\/span><\/p>\n<p align=\"JUSTIFY\"><span style=\"color: #000000;\"><span style=\"font-family: Times New Roman, serif;\"><span style=\"font-size: medium;\">No se deja de mencionar que, a siete a\u00f1os de la aprobaci\u00f3n de la ley 19.529 todav\u00eda quedan cosas por hacer!. Y es por esto la importancia de realizar la Feria de Encuentros para visibilizar y sensibilizar a la poblaci\u00f3n en general sobre la ley de Salud Mental y sus implicancias.<\/span><\/span><\/span><\/p>\n<p><iframe src=\"https:\/\/www.ivoox.com\/player_ej_134259734_6_1.html?c1=3d341f\" width=\"100%\" height=\"200\" frameborder=\"0\" scrolling=\"no\" allowfullscreen=\"allowfullscreen\"><\/iframe><\/p>\n<div class=\"pvc_clear\"><\/div>\n<p id=\"pvc_stats_1587\" class=\"pvc_stats all  \" data-element-id=\"1587\" style=\"\"><i class=\"pvc-stats-icon large\" aria-hidden=\"true\"><svg aria-hidden=\"true\" focusable=\"false\" data-prefix=\"far\" data-icon=\"chart-bar\" role=\"img\" xmlns=\"http:\/\/www.w3.org\/2000\/svg\" viewBox=\"0 0 512 512\" class=\"svg-inline--fa fa-chart-bar fa-w-16 fa-2x\"><path fill=\"currentColor\" d=\"M396.8 352h22.4c6.4 0 12.8-6.4 12.8-12.8V108.8c0-6.4-6.4-12.8-12.8-12.8h-22.4c-6.4 0-12.8 6.4-12.8 12.8v230.4c0 6.4 6.4 12.8 12.8 12.8zm-192 0h22.4c6.4 0 12.8-6.4 12.8-12.8V140.8c0-6.4-6.4-12.8-12.8-12.8h-22.4c-6.4 0-12.8 6.4-12.8 12.8v198.4c0 6.4 6.4 12.8 12.8 12.8zm96 0h22.4c6.4 0 12.8-6.4 12.8-12.8V204.8c0-6.4-6.4-12.8-12.8-12.8h-22.4c-6.4 0-12.8 6.4-12.8 12.8v134.4c0 6.4 6.4 12.8 12.8 12.8zM496 400H48V80c0-8.84-7.16-16-16-16H16C7.16 64 0 71.16 0 80v336c0 17.67 14.33 32 32 32h464c8.84 0 16-7.16 16-16v-16c0-8.84-7.16-16-16-16zm-387.2-48h22.4c6.4 0 12.8-6.4 12.8-12.8v-70.4c0-6.4-6.4-12.8-12.8-12.8h-22.4c-6.4 0-12.8 6.4-12.8 12.8v70.4c0 6.4 6.4 12.8 12.8 12.8z\" class=\"\"><\/path><\/svg><\/i> <img decoding=\"async\" width=\"16\" height=\"16\" alt=\"Loading\" src=\"https:\/\/radiovilardevoz.org\/wp-content\/plugins\/page-views-count\/ajax-loader-2x.gif\" border=0 \/><\/p>\n<div class=\"pvc_clear\"><\/div>\n","protected":false},"excerpt":{"rendered":"<p>21 de setiembre de 2024 Entrevista a Sebasti\u00e1n B\u00e1ez del Proyecto MOEBIUS: Arte y Salud Mental Y el s\u00e1bado 20 tambi\u00e9n recibimos a Sebasti\u00e1n B\u00e1ez, integrante de Moebius. Este proyecto&hellip; <\/p>\n<div class=\"pvc_clear\"><\/div>\n<p id=\"pvc_stats_1587\" class=\"pvc_stats all  \" data-element-id=\"1587\" style=\"\"><i class=\"pvc-stats-icon large\" aria-hidden=\"true\"><svg aria-hidden=\"true\" focusable=\"false\" data-prefix=\"far\" data-icon=\"chart-bar\" role=\"img\" xmlns=\"http:\/\/www.w3.org\/2000\/svg\" viewBox=\"0 0 512 512\" class=\"svg-inline--fa fa-chart-bar fa-w-16 fa-2x\"><path fill=\"currentColor\" d=\"M396.8 352h22.4c6.4 0 12.8-6.4 12.8-12.8V108.8c0-6.4-6.4-12.8-12.8-12.8h-22.4c-6.4 0-12.8 6.4-12.8 12.8v230.4c0 6.4 6.4 12.8 12.8 12.8zm-192 0h22.4c6.4 0 12.8-6.4 12.8-12.8V140.8c0-6.4-6.4-12.8-12.8-12.8h-22.4c-6.4 0-12.8 6.4-12.8 12.8v198.4c0 6.4 6.4 12.8 12.8 12.8zm96 0h22.4c6.4 0 12.8-6.4 12.8-12.8V204.8c0-6.4-6.4-12.8-12.8-12.8h-22.4c-6.4 0-12.8 6.4-12.8 12.8v134.4c0 6.4 6.4 12.8 12.8 12.8zM496 400H48V80c0-8.84-7.16-16-16-16H16C7.16 64 0 71.16 0 80v336c0 17.67 14.33 32 32 32h464c8.84 0 16-7.16 16-16v-16c0-8.84-7.16-16-16-16zm-387.2-48h22.4c6.4 0 12.8-6.4 12.8-12.8v-70.4c0-6.4-6.4-12.8-12.8-12.8h-22.4c-6.4 0-12.8 6.4-12.8 12.8v70.4c0 6.4 6.4 12.8 12.8 12.8z\" class=\"\"><\/path><\/svg><\/i> <img decoding=\"async\" width=\"16\" height=\"16\" alt=\"Loading\" src=\"https:\/\/radiovilardevoz.org\/wp-content\/plugins\/page-views-count\/ajax-loader-2x.gif\" border=0 \/><\/p>\n<div class=\"pvc_clear\"><\/div>\n","protected":false},"author":7,"featured_media":1600,"comment_status":"open","ping_status":"open","sticky":false,"template":"","format":"standard","meta":{"footnotes":""},"categories":[13,7],"tags":[],"class_list":["post-1587","post","type-post","status-publish","format-standard","has-post-thumbnail","hentry","category-ddhh-y-salud-mental","category-noticias-destacadas"],"_links":{"self":[{"href":"https:\/\/radiovilardevoz.org\/index.php?rest_route=\/wp\/v2\/posts\/1587","targetHints":{"allow":["GET"]}}],"collection":[{"href":"https:\/\/radiovilardevoz.org\/index.php?rest_route=\/wp\/v2\/posts"}],"about":[{"href":"https:\/\/radiovilardevoz.org\/index.php?rest_route=\/wp\/v2\/types\/post"}],"author":[{"embeddable":true,"href":"https:\/\/radiovilardevoz.org\/index.php?rest_route=\/wp\/v2\/users\/7"}],"replies":[{"embeddable":true,"href":"https:\/\/radiovilardevoz.org\/index.php?rest_route=%2Fwp%2Fv2%2Fcomments&post=1587"}],"version-history":[{"count":6,"href":"https:\/\/radiovilardevoz.org\/index.php?rest_route=\/wp\/v2\/posts\/1587\/revisions"}],"predecessor-version":[{"id":1598,"href":"https:\/\/radiovilardevoz.org\/index.php?rest_route=\/wp\/v2\/posts\/1587\/revisions\/1598"}],"wp:featuredmedia":[{"embeddable":true,"href":"https:\/\/radiovilardevoz.org\/index.php?rest_route=\/wp\/v2\/media\/1600"}],"wp:attachment":[{"href":"https:\/\/radiovilardevoz.org\/index.php?rest_route=%2Fwp%2Fv2%2Fmedia&parent=1587"}],"wp:term":[{"taxonomy":"category","embeddable":true,"href":"https:\/\/radiovilardevoz.org\/index.php?rest_route=%2Fwp%2Fv2%2Fcategories&post=1587"},{"taxonomy":"post_tag","embeddable":true,"href":"https:\/\/radiovilardevoz.org\/index.php?rest_route=%2Fwp%2Fv2%2Ftags&post=1587"}],"curies":[{"name":"wp","href":"https:\/\/api.w.org\/{rel}","templated":true}]}}