{"id":1612,"date":"2024-10-08T17:38:37","date_gmt":"2024-10-08T20:38:37","guid":{"rendered":"https:\/\/radiovilardevoz.org\/?p=1612"},"modified":"2025-08-20T17:07:22","modified_gmt":"2025-08-20T20:07:22","slug":"cerebreando-desmanicomializacion","status":"publish","type":"post","link":"https:\/\/radiovilardevoz.org\/?p=1612","title":{"rendered":"Cerebreando: Desmanicomializaci\u00f3n"},"content":{"rendered":"<h5 style=\"text-align: right;\">\u00a026 de setiembre de 2024<\/h5>\n<p>&nbsp;<\/p>\n<p><span class=\"yt-core-attributed-string--link-inherit-color\" dir=\"auto\">\u00a1Bienvenidos a <\/span><span class=\"yt-core-attributed-string--link-inherit-color\" dir=\"auto\"><a class=\"yt-core-attributed-string__link yt-core-attributed-string__link--call-to-action-color\" tabindex=\"0\" href=\"https:\/\/www.youtube.com\/hashtag\/cerebreando\" target=\"\" rel=\"noopener\">#Cerebreando<\/a><\/span><span class=\"yt-core-attributed-string--link-inherit-color\" dir=\"auto\">! \ud83e\udde0 Donde la psicolog\u00eda y la salud mental se encuentran en una charla \u00edntima y coloquial. En cada episodio, exploramos los conflictos, dilemas y preguntas tanto populares como t\u00e9cnicas que rodean el mundo de la psicolog\u00eda. Desde la comodidad de nuestras voces, te invitamos a sumergirte en conversaciones profundas y honestas sobre temas que nos afectan a todos \ud83e\udd32\ud83c\udffb En este episodio hablamos sobre c\u00f3mo la Radio Vilardevoz, dentro del Hospital Vilardeb\u00f3 en Uruguay, da voz a las personas internadas en hospitales psiqui\u00e1tricos, cuya realidad suele ser ignorada o distorsionada por los estereotipos sociales y los medios de comunicaci\u00f3n \ud83d\udde3\ufe0f Tambi\u00e9n hablamos de los maltratos y las violaciones a los derechos humanos que a\u00fan persisten en muchos hospitales psiqui\u00e1tricos, y c\u00f3mo estos espacios muchas veces funcionan de manera cerrada, dificultando la transparencia y la mejora de las pr\u00e1cticas \ud83d\udeaa Adem\u00e1s, cuestionamos las pr\u00e1cticas anacr\u00f3nicas que siguen presentes en el abordaje de la salud mental y discutimos c\u00f3mo la desmanicomializaci\u00f3n propone un cambio profundo en el trato y el enfoque hacia las personas con problemas de salud mental, promoviendo un modelo m\u00e1s inclusivo y respetuoso de sus derechos<\/span> \ud83d\udce2<\/p>\n<p>&nbsp;<\/p>\n<p style=\"text-align: right;\"><strong>Publicaci\u00f3n del canal de youtube NeuroClass<\/strong><\/p>\n<p><iframe class=\"video\" title=\"YouTube video player\" src=\"https:\/\/www.youtube.com\/embed\/BuCybUMczJU?si=40jC0BROvrBThI74\" width=\"560\" height=\"315\" frameborder=\"0\" allowfullscreen=\"allowfullscreen\"><\/iframe><\/p>\n<div class=\"pvc_clear\"><\/div>\n<p id=\"pvc_stats_1612\" class=\"pvc_stats all  \" data-element-id=\"1612\" style=\"\"><i class=\"pvc-stats-icon large\" aria-hidden=\"true\"><svg aria-hidden=\"true\" focusable=\"false\" data-prefix=\"far\" data-icon=\"chart-bar\" role=\"img\" xmlns=\"http:\/\/www.w3.org\/2000\/svg\" viewBox=\"0 0 512 512\" class=\"svg-inline--fa fa-chart-bar fa-w-16 fa-2x\"><path fill=\"currentColor\" d=\"M396.8 352h22.4c6.4 0 12.8-6.4 12.8-12.8V108.8c0-6.4-6.4-12.8-12.8-12.8h-22.4c-6.4 0-12.8 6.4-12.8 12.8v230.4c0 6.4 6.4 12.8 12.8 12.8zm-192 0h22.4c6.4 0 12.8-6.4 12.8-12.8V140.8c0-6.4-6.4-12.8-12.8-12.8h-22.4c-6.4 0-12.8 6.4-12.8 12.8v198.4c0 6.4 6.4 12.8 12.8 12.8zm96 0h22.4c6.4 0 12.8-6.4 12.8-12.8V204.8c0-6.4-6.4-12.8-12.8-12.8h-22.4c-6.4 0-12.8 6.4-12.8 12.8v134.4c0 6.4 6.4 12.8 12.8 12.8zM496 400H48V80c0-8.84-7.16-16-16-16H16C7.16 64 0 71.16 0 80v336c0 17.67 14.33 32 32 32h464c8.84 0 16-7.16 16-16v-16c0-8.84-7.16-16-16-16zm-387.2-48h22.4c6.4 0 12.8-6.4 12.8-12.8v-70.4c0-6.4-6.4-12.8-12.8-12.8h-22.4c-6.4 0-12.8 6.4-12.8 12.8v70.4c0 6.4 6.4 12.8 12.8 12.8z\" class=\"\"><\/path><\/svg><\/i> <img decoding=\"async\" width=\"16\" height=\"16\" alt=\"Loading\" src=\"https:\/\/radiovilardevoz.org\/wp-content\/plugins\/page-views-count\/ajax-loader-2x.gif\" border=0 \/><\/p>\n<div class=\"pvc_clear\"><\/div>\n","protected":false},"excerpt":{"rendered":"<p>\u00a026 de setiembre de 2024 &nbsp; \u00a1Bienvenidos a #Cerebreando! \ud83e\udde0 Donde la psicolog\u00eda y la salud mental se encuentran en una charla \u00edntima y coloquial. En cada episodio, exploramos los&hellip; <\/p>\n<div class=\"pvc_clear\"><\/div>\n<p id=\"pvc_stats_1612\" class=\"pvc_stats all  \" data-element-id=\"1612\" style=\"\"><i class=\"pvc-stats-icon large\" aria-hidden=\"true\"><svg aria-hidden=\"true\" focusable=\"false\" data-prefix=\"far\" data-icon=\"chart-bar\" role=\"img\" xmlns=\"http:\/\/www.w3.org\/2000\/svg\" viewBox=\"0 0 512 512\" class=\"svg-inline--fa fa-chart-bar fa-w-16 fa-2x\"><path fill=\"currentColor\" d=\"M396.8 352h22.4c6.4 0 12.8-6.4 12.8-12.8V108.8c0-6.4-6.4-12.8-12.8-12.8h-22.4c-6.4 0-12.8 6.4-12.8 12.8v230.4c0 6.4 6.4 12.8 12.8 12.8zm-192 0h22.4c6.4 0 12.8-6.4 12.8-12.8V140.8c0-6.4-6.4-12.8-12.8-12.8h-22.4c-6.4 0-12.8 6.4-12.8 12.8v198.4c0 6.4 6.4 12.8 12.8 12.8zm96 0h22.4c6.4 0 12.8-6.4 12.8-12.8V204.8c0-6.4-6.4-12.8-12.8-12.8h-22.4c-6.4 0-12.8 6.4-12.8 12.8v134.4c0 6.4 6.4 12.8 12.8 12.8zM496 400H48V80c0-8.84-7.16-16-16-16H16C7.16 64 0 71.16 0 80v336c0 17.67 14.33 32 32 32h464c8.84 0 16-7.16 16-16v-16c0-8.84-7.16-16-16-16zm-387.2-48h22.4c6.4 0 12.8-6.4 12.8-12.8v-70.4c0-6.4-6.4-12.8-12.8-12.8h-22.4c-6.4 0-12.8 6.4-12.8 12.8v70.4c0 6.4 6.4 12.8 12.8 12.8z\" class=\"\"><\/path><\/svg><\/i> <img decoding=\"async\" width=\"16\" height=\"16\" alt=\"Loading\" src=\"https:\/\/radiovilardevoz.org\/wp-content\/plugins\/page-views-count\/ajax-loader-2x.gif\" border=0 \/><\/p>\n<div class=\"pvc_clear\"><\/div>\n","protected":false},"author":7,"featured_media":1614,"comment_status":"open","ping_status":"open","sticky":false,"template":"","format":"standard","meta":{"footnotes":""},"categories":[25,13],"tags":[],"class_list":["post-1612","post","type-post","status-publish","format-standard","has-post-thumbnail","hentry","category-audiovisuales","category-ddhh-y-salud-mental"],"_links":{"self":[{"href":"https:\/\/radiovilardevoz.org\/index.php?rest_route=\/wp\/v2\/posts\/1612","targetHints":{"allow":["GET"]}}],"collection":[{"href":"https:\/\/radiovilardevoz.org\/index.php?rest_route=\/wp\/v2\/posts"}],"about":[{"href":"https:\/\/radiovilardevoz.org\/index.php?rest_route=\/wp\/v2\/types\/post"}],"author":[{"embeddable":true,"href":"https:\/\/radiovilardevoz.org\/index.php?rest_route=\/wp\/v2\/users\/7"}],"replies":[{"embeddable":true,"href":"https:\/\/radiovilardevoz.org\/index.php?rest_route=%2Fwp%2Fv2%2Fcomments&post=1612"}],"version-history":[{"count":3,"href":"https:\/\/radiovilardevoz.org\/index.php?rest_route=\/wp\/v2\/posts\/1612\/revisions"}],"predecessor-version":[{"id":1616,"href":"https:\/\/radiovilardevoz.org\/index.php?rest_route=\/wp\/v2\/posts\/1612\/revisions\/1616"}],"wp:featuredmedia":[{"embeddable":true,"href":"https:\/\/radiovilardevoz.org\/index.php?rest_route=\/wp\/v2\/media\/1614"}],"wp:attachment":[{"href":"https:\/\/radiovilardevoz.org\/index.php?rest_route=%2Fwp%2Fv2%2Fmedia&parent=1612"}],"wp:term":[{"taxonomy":"category","embeddable":true,"href":"https:\/\/radiovilardevoz.org\/index.php?rest_route=%2Fwp%2Fv2%2Fcategories&post=1612"},{"taxonomy":"post_tag","embeddable":true,"href":"https:\/\/radiovilardevoz.org\/index.php?rest_route=%2Fwp%2Fv2%2Ftags&post=1612"}],"curies":[{"name":"wp","href":"https:\/\/api.w.org\/{rel}","templated":true}]}}