{"id":1618,"date":"2024-10-10T22:07:17","date_gmt":"2024-10-11T01:07:17","guid":{"rendered":"https:\/\/radiovilardevoz.org\/?p=1618"},"modified":"2024-10-10T22:29:12","modified_gmt":"2024-10-11T01:29:12","slug":"marcha-por-el-dia-mundial-de-la-salud-mental-10-10-24","status":"publish","type":"post","link":"https:\/\/radiovilardevoz.org\/?p=1618","title":{"rendered":"Marcha por el d\u00eda Mundial de la Salud Mental 10-10-24"},"content":{"rendered":"<p style=\"text-align: right;\">10 de octubre de 2024<\/p>\n<header class=\"news-headline\"><span class=\"news-headline__kicker\">D\u00cdA MUNDIAL DE LA SALUD MENTAL<\/span><\/p>\n<h3 class=\"news-headline__title\">Especialista advierte por lentitud en implementaci\u00f3n de Ley de Salud Mental e incumplimiento en cierre de instituciones<\/h3>\n<p class=\"ignore-parser\">\u201cTodos podemos tener un problema de salud mental, somos humanos, no somos m\u00e1quinas. Nadie est\u00e1 libre de muchas cosas que nos pueden llevar a tener alg\u00fan tipo de padecimiento y sufrimiento\u201d, asegur\u00f3 Cecilia Baroni.<\/p>\n<p class=\"article-body article-body--first-paragraph\">El 10 de octubre se celebra el D\u00eda Mundial de la\u00a0<strong>Salud Mental<\/strong>. En ese contexto, organizada por la Comisi\u00f3n de Salud Mental de Facultad de Psicolog\u00eda se realiz\u00f3 una concentraci\u00f3n en el callej\u00f3n de la Universidad de la Rep\u00fablica y una marcha hacia la Plaza Seregni.<\/p>\n<p class=\"article-body article-body--second-paragraph\">La psic\u00f3loga Cecilia Baroni, coordinadora de la Radio Vilardevoz, sostuvo que la Ley de Salud Mental, aprobada en 2017, se viene implementando \u201cmuy lentamente\u201d y que el art\u00edculo 37 que prev\u00e9 el cierre de instituciones monovalentes y asilares para 2025 \u201cno se va a cumplir\u201d.<\/p>\n<p class=\"article-body article-body--third-paragraph\">\u201cMientras tanto, se han hecho cosas, pocas, como abrir algunas casas de medio camino\u201d para que personas que llevan varios a\u00f1os de internaci\u00f3n puedan reintegrarse a la comunidad, valor\u00f3.<\/p>\n<article><\/article>\n<article><\/article>\n<p class=\"article-body article-body--third-paragraph\">Baroni afirm\u00f3 que despu\u00e9s de la pandemia no se normaliz\u00f3 la atenci\u00f3n en psiquiatr\u00eda y medicamentos. La especialista reflexion\u00f3 sobre la salud mental. \u201cTodos podemos tener un problema de salud mental, somos humanos, no somos m\u00e1quinas. Nadie est\u00e1 libre de muchas cosas que nos pueden llevar a tener alg\u00fan tipo de padecimiento y sufrimiento\u201d, asegur\u00f3. \u201cEsta sociedad, nos ha llevado casi a que somos m\u00e1quinas. Entonces, a veces nos angustiamos, nos ponemos tristes, nos asustamos de nosotros mismos y tambi\u00e9n de los dem\u00e1s\u201d, continu\u00f3.<\/p>\n<article><\/article>\n<article><\/article>\n<p class=\"article-body article-body--third-paragraph\">Baroni dijo que hay mucho para aprender y trabajar sobre el imaginario social respecto al abordaje de la locura. Adem\u00e1s, inst\u00f3 a las personas a que reconozcan que tienen un problema de salud, pidan ayuda y no se queden solas. \u201cLo peor es excluirse y sentir que estamos solos cuando tenemos alg\u00fan problema\u201d, sostuvo.Incomprensi\u00f3n, exilio, soledad, falta de respeto y discriminaci\u00f3n son algunos de los sentimientos expresados a\u00a0<strong>SUBRAYADO<\/strong>\u00a0por algunos de los asistentes a la movilizaci\u00f3n.<\/p>\n<article><\/article>\n<p class=\"article-body article-body--third-paragraph\">En el siguiente enlace mira el video de la nota:<br \/>\nFuente: <a href=\"https:\/\/www.subrayado.com.uy\/especialista-advierte-lentitud-implementacion-ley-salud-mental-e-incumplimiento-cierre-instituciones-n959408\" target=\"_blanck\" rel=\"noopener\">https:\/\/www.subrayado.com.uy\/especialista-advierte-lentitud-implementacion-ley-salud-mental-e-incumplimiento-cierre-instituciones-n959408<\/a><\/p>\n<\/header>\n<div class=\"row\">\n<div class=\"col-12 col-lg-8\">\n<div class=\"detail-gallery\">\n<div class=\"detail-gallery__slide-wrapper\">\n<div class=\"detail-gallery__slide\">\n<figure class=\"detail-gallery__figure\">\n<div id=\"video936461\" class=\"video-js vjs-default-skin vjs-big-play-centered vjs-gallery vjs-fluid vjs-16-9 video936461-dimensions vjs-controls-enabled vjs-workinghover vjs-v6 vjs-has-started vjs-paused vjs-ended vjs-user-inactive\" lang=\"es-ar\" role=\"region\" aria-label=\"Video Player\">\n<p>&nbsp;<\/p>\n<\/div>\n<\/figure>\n<\/div>\n<\/div>\n<\/div>\n<div class=\"article-body__date-author-wrapper\"><\/div>\n<\/div>\n<\/div>\n<div class=\"pvc_clear\"><\/div>\n<p id=\"pvc_stats_1618\" class=\"pvc_stats all  \" data-element-id=\"1618\" style=\"\"><i class=\"pvc-stats-icon large\" aria-hidden=\"true\"><svg aria-hidden=\"true\" focusable=\"false\" data-prefix=\"far\" data-icon=\"chart-bar\" role=\"img\" xmlns=\"http:\/\/www.w3.org\/2000\/svg\" viewBox=\"0 0 512 512\" class=\"svg-inline--fa fa-chart-bar fa-w-16 fa-2x\"><path fill=\"currentColor\" d=\"M396.8 352h22.4c6.4 0 12.8-6.4 12.8-12.8V108.8c0-6.4-6.4-12.8-12.8-12.8h-22.4c-6.4 0-12.8 6.4-12.8 12.8v230.4c0 6.4 6.4 12.8 12.8 12.8zm-192 0h22.4c6.4 0 12.8-6.4 12.8-12.8V140.8c0-6.4-6.4-12.8-12.8-12.8h-22.4c-6.4 0-12.8 6.4-12.8 12.8v198.4c0 6.4 6.4 12.8 12.8 12.8zm96 0h22.4c6.4 0 12.8-6.4 12.8-12.8V204.8c0-6.4-6.4-12.8-12.8-12.8h-22.4c-6.4 0-12.8 6.4-12.8 12.8v134.4c0 6.4 6.4 12.8 12.8 12.8zM496 400H48V80c0-8.84-7.16-16-16-16H16C7.16 64 0 71.16 0 80v336c0 17.67 14.33 32 32 32h464c8.84 0 16-7.16 16-16v-16c0-8.84-7.16-16-16-16zm-387.2-48h22.4c6.4 0 12.8-6.4 12.8-12.8v-70.4c0-6.4-6.4-12.8-12.8-12.8h-22.4c-6.4 0-12.8 6.4-12.8 12.8v70.4c0 6.4 6.4 12.8 12.8 12.8z\" class=\"\"><\/path><\/svg><\/i> <img decoding=\"async\" width=\"16\" height=\"16\" alt=\"Loading\" src=\"https:\/\/radiovilardevoz.org\/wp-content\/plugins\/page-views-count\/ajax-loader-2x.gif\" border=0 \/><\/p>\n<div class=\"pvc_clear\"><\/div>\n","protected":false},"excerpt":{"rendered":"<p>10 de octubre de 2024 D\u00cdA MUNDIAL DE LA SALUD MENTAL Especialista advierte por lentitud en implementaci\u00f3n de Ley de Salud Mental e incumplimiento en cierre de instituciones \u201cTodos podemos&hellip; <\/p>\n<div class=\"pvc_clear\"><\/div>\n<p id=\"pvc_stats_1618\" class=\"pvc_stats all  \" data-element-id=\"1618\" style=\"\"><i class=\"pvc-stats-icon large\" aria-hidden=\"true\"><svg aria-hidden=\"true\" focusable=\"false\" data-prefix=\"far\" data-icon=\"chart-bar\" role=\"img\" xmlns=\"http:\/\/www.w3.org\/2000\/svg\" viewBox=\"0 0 512 512\" class=\"svg-inline--fa fa-chart-bar fa-w-16 fa-2x\"><path fill=\"currentColor\" d=\"M396.8 352h22.4c6.4 0 12.8-6.4 12.8-12.8V108.8c0-6.4-6.4-12.8-12.8-12.8h-22.4c-6.4 0-12.8 6.4-12.8 12.8v230.4c0 6.4 6.4 12.8 12.8 12.8zm-192 0h22.4c6.4 0 12.8-6.4 12.8-12.8V140.8c0-6.4-6.4-12.8-12.8-12.8h-22.4c-6.4 0-12.8 6.4-12.8 12.8v198.4c0 6.4 6.4 12.8 12.8 12.8zm96 0h22.4c6.4 0 12.8-6.4 12.8-12.8V204.8c0-6.4-6.4-12.8-12.8-12.8h-22.4c-6.4 0-12.8 6.4-12.8 12.8v134.4c0 6.4 6.4 12.8 12.8 12.8zM496 400H48V80c0-8.84-7.16-16-16-16H16C7.16 64 0 71.16 0 80v336c0 17.67 14.33 32 32 32h464c8.84 0 16-7.16 16-16v-16c0-8.84-7.16-16-16-16zm-387.2-48h22.4c6.4 0 12.8-6.4 12.8-12.8v-70.4c0-6.4-6.4-12.8-12.8-12.8h-22.4c-6.4 0-12.8 6.4-12.8 12.8v70.4c0 6.4 6.4 12.8 12.8 12.8z\" class=\"\"><\/path><\/svg><\/i> <img decoding=\"async\" width=\"16\" height=\"16\" alt=\"Loading\" src=\"https:\/\/radiovilardevoz.org\/wp-content\/plugins\/page-views-count\/ajax-loader-2x.gif\" border=0 \/><\/p>\n<div class=\"pvc_clear\"><\/div>\n","protected":false},"author":7,"featured_media":1620,"comment_status":"open","ping_status":"open","sticky":false,"template":"","format":"standard","meta":{"footnotes":""},"categories":[13,7],"tags":[],"class_list":["post-1618","post","type-post","status-publish","format-standard","has-post-thumbnail","hentry","category-ddhh-y-salud-mental","category-noticias-destacadas"],"_links":{"self":[{"href":"https:\/\/radiovilardevoz.org\/index.php?rest_route=\/wp\/v2\/posts\/1618","targetHints":{"allow":["GET"]}}],"collection":[{"href":"https:\/\/radiovilardevoz.org\/index.php?rest_route=\/wp\/v2\/posts"}],"about":[{"href":"https:\/\/radiovilardevoz.org\/index.php?rest_route=\/wp\/v2\/types\/post"}],"author":[{"embeddable":true,"href":"https:\/\/radiovilardevoz.org\/index.php?rest_route=\/wp\/v2\/users\/7"}],"replies":[{"embeddable":true,"href":"https:\/\/radiovilardevoz.org\/index.php?rest_route=%2Fwp%2Fv2%2Fcomments&post=1618"}],"version-history":[{"count":17,"href":"https:\/\/radiovilardevoz.org\/index.php?rest_route=\/wp\/v2\/posts\/1618\/revisions"}],"predecessor-version":[{"id":1627,"href":"https:\/\/radiovilardevoz.org\/index.php?rest_route=\/wp\/v2\/posts\/1618\/revisions\/1627"}],"wp:featuredmedia":[{"embeddable":true,"href":"https:\/\/radiovilardevoz.org\/index.php?rest_route=\/wp\/v2\/media\/1620"}],"wp:attachment":[{"href":"https:\/\/radiovilardevoz.org\/index.php?rest_route=%2Fwp%2Fv2%2Fmedia&parent=1618"}],"wp:term":[{"taxonomy":"category","embeddable":true,"href":"https:\/\/radiovilardevoz.org\/index.php?rest_route=%2Fwp%2Fv2%2Fcategories&post=1618"},{"taxonomy":"post_tag","embeddable":true,"href":"https:\/\/radiovilardevoz.org\/index.php?rest_route=%2Fwp%2Fv2%2Ftags&post=1618"}],"curies":[{"name":"wp","href":"https:\/\/api.w.org\/{rel}","templated":true}]}}