{"id":1639,"date":"2024-10-11T22:01:56","date_gmt":"2024-10-12T01:01:56","guid":{"rendered":"https:\/\/radiovilardevoz.org\/?p=1639"},"modified":"2024-10-11T22:01:56","modified_gmt":"2024-10-12T01:01:56","slug":"proclama-13va-marcha-por-salud-mental-desmanicomializacion-y-vida-digna","status":"publish","type":"post","link":"https:\/\/radiovilardevoz.org\/?p=1639","title":{"rendered":"Proclama 13va Marcha por Salud Mental, Desmanicomializaci\u00f3n y Vida Digna"},"content":{"rendered":"<h5 style=\"text-align: right;\">10 de octubre de 2024<\/h5>\n<p><img fetchpriority=\"high\" decoding=\"async\" class=\"foto\" src=\"https:\/\/radiovilardevoz.org\/wp-content\/uploads\/2024\/10\/WhatsApp-Image-2024-10-11-at-20.37.57-min-300x225.jpeg\" alt=\"\" width=\"300\" height=\"225\" \/> <img decoding=\"async\" class=\"foto\" src=\"https:\/\/radiovilardevoz.org\/wp-content\/uploads\/2024\/10\/WhatsApp-Image-2024-10-11-at-20.37.59-min-300x225.jpeg\" alt=\"\" width=\"300\" height=\"225\" \/><\/p>\n<p>Archivo en pdf: <a target=\"_blanck\" href=\"https:\/\/radiovilardevoz.org\/wp-content\/uploads\/2024\/10\/Proclama-coordinaloca.pdf\" rel=\"noopener\">Proclama coordinaloca<\/a><\/p>\n<p align=\"CENTER\"><span style=\"font-family: Calibri, sans-serif;\"><b>Proclama 13va Marcha por Salud Mental, Desmanicomializaci\u00f3n y Vida Digna<\/b><\/span><\/p>\n<ol>\n<li>\n<p align=\"LEFT\"><span style=\"font-family: Calibri, sans-serif;\"><i><b>El encierro no es terap\u00e9utico<\/b><\/i><\/span><\/p>\n<\/li>\n<\/ol>\n<p align=\"JUSTIFY\"><span style=\"font-family: Calibri, sans-serif;\"><span style=\"font-size: small;\">Hoy se conmemora un nuevo d\u00eda Mundial de la Salud Mental. Durante estos 13 a\u00f1os de lucha construimos nuestra bandera, que co-creamos de a poco, en colectivo y en comunidad. As\u00ed fuimos construyendo las preguntas que sostienen lo colectivo \u00bfQu\u00e9 hilos componen nuestra bandera? y en esa composici\u00f3n, \u00bfqu\u00e9 hilos componen nuestra lucha? Hablamos de salud mental desde una perspectiva de derechos humanos, hablamos de desmanicomializaci\u00f3n, de otras formas que afirmen la vida y que no estigmaticen con diagn\u00f3sticos y modelos violentos que se alejan de lo terap\u00e9utico.<\/span><\/span><\/p>\n<p align=\"JUSTIFY\"><span style=\"font-family: Calibri, sans-serif;\"><span style=\"font-size: small;\">Como enunciamos en la proclama anterior y desde hace 13 a\u00f1os, entendemos a la salud articulada con el Derecho al trabajo, a la alimentaci\u00f3n, a la vivienda, a la educaci\u00f3n, a la memoria, a la ciudad: a la vida. Insistimos en la necesidad de construir una mirada amplia e integral en salud y de las problem\u00e1ticas sociales, que incluya diferentes profesiones y saberes, sobre todo el de lxs expertxs por experiencia, es impostergable.<\/span><\/span><\/p>\n<p align=\"JUSTIFY\"><span style=\"font-family: Calibri, sans-serif;\"><span style=\"font-size: small;\">Decimos: \u00a1el encierro no es terap\u00e9utico! porque las vulneraciones en el manicomio persisten. Denunciamos que hay m\u00e1s de 15.000 personas privadas de libertad en c\u00e1rceles y cientos de institucionalizadxs en centros monovalentes: adultxs, ni\u00f1eces y adolescencias. Cada vez estamos todxs m\u00e1s sujetos a existencias psiquiatrizadas, privatizadas, a vivir tras rejas, cercas y muros. Decimos que el encierro no es terap\u00e9utico porque defendemos la vida y la libertad. Y exigimos la posibilidad de una vida digna, de incluso elegir c\u00f3mo queremos vivir sin ser relegadxs al encierro como \u00fanica posibilidad, donde la vida se marchita. Hablamos de vidas que valen la pena y un acompa\u00f1ar pol\u00edtico.<\/span><\/span><\/p>\n<ol start=\"2\">\n<li>\n<p align=\"LEFT\"><span style=\"font-family: Calibri, sans-serif;\"><i><b>\u00a1Manicomios nunca m\u00e1s!<\/b><\/i><\/span><\/p>\n<\/li>\n<\/ol>\n<p align=\"JUSTIFY\"><span style=\"font-family: Calibri, sans-serif;\"><span style=\"font-size: small;\">Manicomios nunca m\u00e1s es una consigna que nos acompa\u00f1a desde los inicios de la lucha y que mantiene una insistencia: los cierres de los manicomios \u00a1ya! Recordamos cada a\u00f1o a lxs compa\u00f1erxs exiliadxs, presxs y encerraxds pol\u00edticxs, en el contexto de dictadura c\u00edvico-militar en Uruguay y decimos \u00a1manicomios nunca m\u00e1s!, advirtiendo un posicionamiento de <b>resistencia<\/b><b> <\/b><b>a<\/b><b> <\/b><b>estos<\/b><b> <\/b><b>poderes<\/b><b> <\/b><b>totalitarios<\/b><b> <\/b><b>cuya<\/b><b> <\/b><b>hostilidad<\/b><b> <\/b><b>a<\/b><b> <\/b><b>las<\/b><b> <\/b><b>diferencias<\/b><b> <\/b><b>nos<\/b><b> <\/b><b>ha<\/b><b> <\/b><b>dejado<\/b><b> <\/b><b>una<\/b><b> <\/b><b>herencia<\/b><b> <\/b><b>presente<\/b><b> <\/b><b>hasta<\/b><b> <\/b><b>el<\/b><b> <\/b><b>d\u00eda de <\/b><b>hoy.<\/b><b> <\/b>Decimos basta a todas esas pr\u00e1cticas que segregan, medicalizan, patologizan, criminalizan y violentan a cualquier manifestaci\u00f3n que se escapa de la supuesta normalidad dominante.<\/span><\/span><\/p>\n<p align=\"JUSTIFY\"><span style=\"font-family: Calibri, sans-serif;\"><span style=\"font-size: small;\">Afirmamos con la voz fuerte y el pu\u00f1o en alto: \u00a1Manicomios nunca m\u00e1s! porque la ley 19.529 que se aprob\u00f3 en 2017, entre otras cosas, exige el cierre de los manicomios y de los modelos monovalentes de los Centros de atenci\u00f3n en Salud Mental a implementarse a partir del a\u00f1o 2025. En el incumplimiento de este plazo parece desestimarse el proceso realizado por Colectivos de Salud Mental, n\u00facleos y proyectos de trabajo cooperativo, a las voces de familiares, y principalmente de usuarixs de salud mental, que fueron participes en el proceso que logr\u00f3 promover la ley de salud mental.<\/span><\/span><\/p>\n<p align=\"JUSTIFY\"><span style=\"font-family: Calibri, sans-serif;\"><span style=\"font-size: small;\">A octubre del 2024, exigimos respuestas \u00bfqu\u00e9 va a pasar? si ya nos dijeron que no los van a cerrar el a\u00f1o que viene, \u00bfqu\u00e9 va a pasar? Si encima de las no-respuestas el 25 de agosto, d\u00eda de la independencia, aprobaron una ley de internaci\u00f3n compulsiva? \u00bfQu\u00e9 va a pasar? si pobreza-calle-locura-consumo es un ensamble creado por este sistema para hacernos responsables de las violencias de un estado que no se hace cargo.<\/span><\/span><\/p>\n<p align=\"CENTER\"><span style=\"font-family: Calibri, sans-serif;\"><span style=\"font-size: small;\"><b>No<\/b><\/span><\/span><b> <\/b><span style=\"font-family: Calibri, sans-serif;\"><span style=\"font-size: small;\"><b>nos callamos, ni nos<\/b><\/span><\/span><b> <\/b><span style=\"font-family: Calibri, sans-serif;\"><span style=\"font-size: small;\"><b>cansamos de<\/b><\/span><\/span><b> <\/b><span style=\"font-family: Calibri, sans-serif;\"><span style=\"font-size: small;\"><b>decir: \u00a1no<\/b><\/span><\/span><b> <\/b><span style=\"font-family: Calibri, sans-serif;\"><span style=\"font-size: small;\"><b>queremos m\u00e1s encierro! \u00a1Manicomios nunca<\/b><\/span><\/span><b> <\/b><span style=\"font-family: Calibri, sans-serif;\"><span style=\"font-size: small;\"><b>m\u00e1s!<\/b><\/span><\/span><\/p>\n<ol start=\"3\">\n<li>\n<p align=\"LEFT\"><span style=\"font-family: Calibri, sans-serif;\"><i><b>Violencia<\/b><\/i><\/span><i><b> <\/b><\/i><span style=\"font-family: Calibri, sans-serif;\"><i><b>es<\/b><\/i><\/span><span style=\"font-family: Calibri, sans-serif;\"><i><b> que<\/b><\/i><\/span><i><b> <\/b><\/i><span style=\"font-family: Calibri, sans-serif;\"><i><b>no<\/b><\/i><\/span><span style=\"font-family: Calibri, sans-serif;\"><i><b> se<\/b><\/i><\/span><i><b> <\/b><\/i><span style=\"font-family: Calibri, sans-serif;\"><i><b>cierren los<\/b><\/i><\/span><i><b> <\/b><\/i><span style=\"font-family: Calibri, sans-serif;\"><i><b>manicomios para el<\/b><\/i><\/span><i><b> <\/b><\/i><span style=\"font-family: Calibri, sans-serif;\"><i><b>2025<\/b><\/i><\/span><\/p>\n<\/li>\n<\/ol>\n<p align=\"JUSTIFY\"><span style=\"font-family: Calibri, sans-serif;\"><span style=\"font-size: small;\">Violencia es que existan manicomios y c\u00e1rceles-manicomios, violencia es el poder de la psiquiatr\u00eda, la patologizaci\u00f3n de la vida, el abuso de los diagn\u00f3sticos, violencia es la sobre medicalizaci\u00f3n, el maltrato sistematizado, burocratizado y justificado por instituciones que descomponen la vida de quienes est\u00e1n sufriendo el padecimiento de lo psiqui\u00e1trico. Violencia es que se apruebe una ley de salud mental y que el Estado no haga nada por aplicarla.<\/span><\/span><\/p>\n<p align=\"JUSTIFY\"><span style=\"font-family: Calibri, sans-serif;\"><span style=\"font-size: small;\">Decimos: <b>VIOLENCIA<\/b><b> <\/b><b>ES<\/b><b> <\/b><b>MENTIR.<\/b><b> <\/b>Violencia es mentir que se van a cerrar los manicomios y un a\u00f1o antes decirnos que no lo van a hacer y aprobar una ley de internaci\u00f3n compulsiva, mientras escuchamos al mismo tiempo que tal o cual partido pol\u00edtico esta vez va a involucrarse en la Salud Mental, y nos preguntamos \u00bfc\u00f3mo? Todo esto es violencia: mentir, mentirnos, subestimarnos, prohibirnos la posibilidad de una vida digna.<\/span><\/span><\/p>\n<p align=\"JUSTIFY\"><span style=\"font-family: Calibri, sans-serif;\"><span style=\"font-size: small;\">Como cada 10 de octubre, nos juntamos para pensar la vida y llevar a la comunidad este problema, que es social y que nos convoca. Poner la vida en el Centro, como proponen los movimientos feministas, es tambi\u00e9n juntarnos a discutir sobre c\u00f3mo queremos vivir y c\u00f3mo es posible alojar las diferencias, todas las existencias. Donde la Locura, hist\u00f3ricamente no encuentra lugar, es desplazada y castigada a modos \u00fanicos de existencia, que implican el sufrimiento y la descomposici\u00f3n y despotenciaci\u00f3n de los cuerpos en el encierro. Esto es lo que rechazamos, la anulaci\u00f3n de la vida, de las existencias. Entonces declaramos una urgencia: La necesidad de una vida digna y sin manicomios, la necesidad de que nos miren, nos escuchen, nos mimen, nos quieran, que no nos tengan miedo, tambi\u00e9n necesitamos amor, cuidado, escucha, paciencia.<\/span><\/span><\/p>\n<p align=\"CENTER\"><span style=\"font-family: Calibri, sans-serif;\"><span style=\"font-size: small;\"><b>Insistimos:<\/b><\/span><\/span><b> <\/b><span style=\"font-family: Calibri, sans-serif;\"><span style=\"font-size: small;\"><b>\u00a1Queremos vivir! \u00a1Queremos <\/b><\/span><\/span><span style=\"font-family: Calibri, sans-serif;\"><span style=\"font-size: small;\"><b>existir<\/b><\/span><\/span><span style=\"font-family: Calibri, sans-serif;\"><span style=\"font-size: small;\"><b> m\u00e1s all\u00e1 de<\/b><\/span><\/span><b> <\/b><span style=\"font-family: Calibri, sans-serif;\"><span style=\"font-size: small;\"><b>su<\/b><\/span><\/span><span style=\"font-family: Calibri, sans-serif;\"><span style=\"font-size: small;\"><b> cordura!<\/b><\/span><\/span><\/p>\n<p align=\"JUSTIFY\"><span style=\"font-family: Calibri, sans-serif;\"><span style=\"font-size: small;\">Resistimos y defendemos la ternura como modo de resistencia y desobediencia a este sistema de la crueldad, porque el amor como resistencia es de lo \u00fanico que no se nos pueden apropiar. Luchamos juntxs y en com\u00fan para desarticular las formas civilizadas de exclusi\u00f3n, para crear-construir-inventar entre todes modos de relacionarnos donde todxs tengamos lugar.<\/span><\/span><\/p>\n<p align=\"JUSTIFY\"><span style=\"font-family: Calibri, sans-serif;\"><span style=\"font-size: small;\">A todas las cooperativas, colectivos, asociaciones y organizaciones civiles que luchan d\u00eda a d\u00eda por la justicia social, las convocamos a seguir acompa\u00f1ando y uni\u00e9ndose a la lucha por la salud mental, la desmanicomializaci\u00f3n y la vida digna. Precisamos de todxs y cada unx, porque la DESMANICOMIALIZACI\u00d3N ES COLECTIVA. \u00a1NADA DE NOSOTRXS SIN NOSOTRXS!<\/span><\/span><\/p>\n<p align=\"CENTER\"><span style=\"font-family: Calibri, sans-serif;\"><span style=\"font-size: small;\"><b>PORQUE LA <\/b><\/span><\/span><span style=\"font-family: Calibri, sans-serif;\"><span style=\"font-size: small;\"><b>SALUD<\/b><\/span><\/span><b> <\/b><span style=\"font-family: Calibri, sans-serif;\"><span style=\"font-size: small;\"><b>MENTAL<\/b><\/span><\/span><b> <\/b><span style=\"font-family: Calibri, sans-serif;\"><span style=\"font-size: small;\"><b>ES<\/b><\/span><\/span><b> <\/b><span style=\"font-family: Calibri, sans-serif;\"><span style=\"font-size: small;\"><b>PARTICIPACI\u00d3N<\/b><\/span><\/span><b> <\/b><span style=\"font-family: Calibri, sans-serif;\"><span style=\"font-size: small;\"><b>Y<\/b><\/span><\/span><b> <\/b><span style=\"font-family: Calibri, sans-serif;\"><span style=\"font-size: small;\"><b>ES<\/b><\/span><\/span><b> <\/b><span style=\"font-family: Calibri, sans-serif;\"><span style=\"font-size: small;\"><b>VIDA<\/b><\/span><\/span><span style=\"font-family: Calibri, sans-serif;\"><span style=\"font-size: small;\"><b> DIGNA<\/b><\/span><\/span><\/p>\n<p align=\"CENTER\"><span style=\"font-family: Calibri, sans-serif;\"><b>PORQUE<\/b><\/span><span style=\"font-family: Calibri, sans-serif;\"><b> NO <\/b><\/span><span style=\"font-family: Calibri, sans-serif;\"><b>OLVIDAMOS<\/b><\/span><b> <\/b><span style=\"font-family: Calibri, sans-serif;\"><b>NUESTROS<\/b><\/span><span style=\"font-family: Calibri, sans-serif;\"><b> DERECHOS<\/b><\/span><\/p>\n<p align=\"CENTER\"><span style=\"font-family: Calibri, sans-serif;\"><b>NO <\/b><\/span><span style=\"font-family: Calibri, sans-serif;\"><b>A<\/b><\/span><span style=\"font-family: Calibri, sans-serif;\"><b> LA <\/b><\/span><span style=\"font-family: Calibri, sans-serif;\"><b>CULTURA<\/b><\/span><span style=\"font-family: Calibri, sans-serif;\"><b> DEL ENCIERRO <\/b><\/span><span style=\"font-family: Calibri, sans-serif;\"><b>Y<\/b><\/span><span style=\"font-family: Calibri, sans-serif;\"><b> SU <\/b><\/span><span style=\"font-family: Calibri, sans-serif;\"><b>L\u00d3GICA<\/b><\/span><span style=\"font-family: Calibri, sans-serif;\"><b> MANICOMIAL<\/b><\/span><b> <\/b><span style=\"font-family: Calibri, sans-serif;\"><b>EL ENCIERRO NO <\/b><\/span><span style=\"font-family: Calibri, sans-serif;\"><b>ES<\/b><\/span><b> <\/b><span style=\"font-family: Calibri, sans-serif;\"><b>TERAP\u00c9UTICO,<\/b><\/span><\/p>\n<p align=\"CENTER\"><span style=\"font-family: Calibri, sans-serif;\"><b>LA <\/b><\/span><span style=\"font-family: Calibri, sans-serif;\"><b>LIBERTAD<\/b><\/span><span style=\"font-family: Calibri, sans-serif;\"><b> S\u00cd <\/b><\/span><span style=\"font-family: Calibri, sans-serif;\"><b>ES<\/b><\/span><span style=\"font-family: Calibri, sans-serif;\"><b> TERAP\u00c9UTICA<\/b><\/span><\/p>\n<p align=\"CENTER\"><span style=\"font-family: Calibri, sans-serif;\"><b>\u00a1MANICOMIOS NUNCA M\u00c1S!<\/b><\/span><\/p>\n<p align=\"JUSTIFY\"><span style=\"font-family: Calibri, sans-serif;\"><span style=\"font-size: small;\">Un compa compuesto por todas las voces de quienes participamos de esta lucha, nos anim\u00f3 con esta canci\u00f3n, la compartimos e invitamos a cantarla todes juntes:<\/span><\/span><\/p>\n<p><span style=\"font-family: Calibri, sans-serif;\"><span style=\"font-size: small;\">Estamos todes cansades de la psiquiatr\u00eda<\/span><\/span><\/p>\n<p><span style=\"font-family: Calibri, sans-serif;\"><span style=\"font-size: small;\">Y ahora nos mechan la de internaci\u00f3n compulsiva queremos participar<\/span><\/span><\/p>\n<p><span style=\"font-family: Calibri, sans-serif;\"><span style=\"font-size: small;\">queremos comunidad<\/span><\/span><\/p>\n<p><span style=\"font-family: Calibri, sans-serif;\"><span style=\"font-size: small;\">pero nunca alcanza el presupuesto el encierro nos sigue invadiendo volvemos a juntarn<\/span><\/span><span style=\"font-family: Calibri, sans-serif;\"><span style=\"font-size: small;\">os a luchar.<\/span><\/span><\/p>\n<div class=\"pvc_clear\"><\/div>\n<p id=\"pvc_stats_1639\" class=\"pvc_stats all  \" data-element-id=\"1639\" style=\"\"><i class=\"pvc-stats-icon large\" aria-hidden=\"true\"><svg aria-hidden=\"true\" focusable=\"false\" data-prefix=\"far\" data-icon=\"chart-bar\" role=\"img\" xmlns=\"http:\/\/www.w3.org\/2000\/svg\" viewBox=\"0 0 512 512\" class=\"svg-inline--fa fa-chart-bar fa-w-16 fa-2x\"><path fill=\"currentColor\" d=\"M396.8 352h22.4c6.4 0 12.8-6.4 12.8-12.8V108.8c0-6.4-6.4-12.8-12.8-12.8h-22.4c-6.4 0-12.8 6.4-12.8 12.8v230.4c0 6.4 6.4 12.8 12.8 12.8zm-192 0h22.4c6.4 0 12.8-6.4 12.8-12.8V140.8c0-6.4-6.4-12.8-12.8-12.8h-22.4c-6.4 0-12.8 6.4-12.8 12.8v198.4c0 6.4 6.4 12.8 12.8 12.8zm96 0h22.4c6.4 0 12.8-6.4 12.8-12.8V204.8c0-6.4-6.4-12.8-12.8-12.8h-22.4c-6.4 0-12.8 6.4-12.8 12.8v134.4c0 6.4 6.4 12.8 12.8 12.8zM496 400H48V80c0-8.84-7.16-16-16-16H16C7.16 64 0 71.16 0 80v336c0 17.67 14.33 32 32 32h464c8.84 0 16-7.16 16-16v-16c0-8.84-7.16-16-16-16zm-387.2-48h22.4c6.4 0 12.8-6.4 12.8-12.8v-70.4c0-6.4-6.4-12.8-12.8-12.8h-22.4c-6.4 0-12.8 6.4-12.8 12.8v70.4c0 6.4 6.4 12.8 12.8 12.8z\" class=\"\"><\/path><\/svg><\/i> <img decoding=\"async\" width=\"16\" height=\"16\" alt=\"Loading\" src=\"https:\/\/radiovilardevoz.org\/wp-content\/plugins\/page-views-count\/ajax-loader-2x.gif\" border=0 \/><\/p>\n<div class=\"pvc_clear\"><\/div>\n","protected":false},"excerpt":{"rendered":"<p>10 de octubre de 2024 Archivo en pdf: Proclama coordinaloca Proclama 13va Marcha por Salud Mental, Desmanicomializaci\u00f3n y Vida Digna El encierro no es terap\u00e9utico Hoy se conmemora un nuevo&hellip; <\/p>\n<div class=\"pvc_clear\"><\/div>\n<p id=\"pvc_stats_1639\" class=\"pvc_stats all  \" data-element-id=\"1639\" style=\"\"><i class=\"pvc-stats-icon large\" aria-hidden=\"true\"><svg aria-hidden=\"true\" focusable=\"false\" data-prefix=\"far\" data-icon=\"chart-bar\" role=\"img\" xmlns=\"http:\/\/www.w3.org\/2000\/svg\" viewBox=\"0 0 512 512\" class=\"svg-inline--fa fa-chart-bar fa-w-16 fa-2x\"><path fill=\"currentColor\" d=\"M396.8 352h22.4c6.4 0 12.8-6.4 12.8-12.8V108.8c0-6.4-6.4-12.8-12.8-12.8h-22.4c-6.4 0-12.8 6.4-12.8 12.8v230.4c0 6.4 6.4 12.8 12.8 12.8zm-192 0h22.4c6.4 0 12.8-6.4 12.8-12.8V140.8c0-6.4-6.4-12.8-12.8-12.8h-22.4c-6.4 0-12.8 6.4-12.8 12.8v198.4c0 6.4 6.4 12.8 12.8 12.8zm96 0h22.4c6.4 0 12.8-6.4 12.8-12.8V204.8c0-6.4-6.4-12.8-12.8-12.8h-22.4c-6.4 0-12.8 6.4-12.8 12.8v134.4c0 6.4 6.4 12.8 12.8 12.8zM496 400H48V80c0-8.84-7.16-16-16-16H16C7.16 64 0 71.16 0 80v336c0 17.67 14.33 32 32 32h464c8.84 0 16-7.16 16-16v-16c0-8.84-7.16-16-16-16zm-387.2-48h22.4c6.4 0 12.8-6.4 12.8-12.8v-70.4c0-6.4-6.4-12.8-12.8-12.8h-22.4c-6.4 0-12.8 6.4-12.8 12.8v70.4c0 6.4 6.4 12.8 12.8 12.8z\" class=\"\"><\/path><\/svg><\/i> <img decoding=\"async\" width=\"16\" height=\"16\" alt=\"Loading\" src=\"https:\/\/radiovilardevoz.org\/wp-content\/plugins\/page-views-count\/ajax-loader-2x.gif\" border=0 \/><\/p>\n<div class=\"pvc_clear\"><\/div>\n","protected":false},"author":7,"featured_media":1641,"comment_status":"open","ping_status":"open","sticky":false,"template":"","format":"standard","meta":{"footnotes":""},"categories":[4,7],"tags":[],"class_list":["post-1639","post","type-post","status-publish","format-standard","has-post-thumbnail","hentry","category-comunicado","category-noticias-destacadas"],"_links":{"self":[{"href":"https:\/\/radiovilardevoz.org\/index.php?rest_route=\/wp\/v2\/posts\/1639","targetHints":{"allow":["GET"]}}],"collection":[{"href":"https:\/\/radiovilardevoz.org\/index.php?rest_route=\/wp\/v2\/posts"}],"about":[{"href":"https:\/\/radiovilardevoz.org\/index.php?rest_route=\/wp\/v2\/types\/post"}],"author":[{"embeddable":true,"href":"https:\/\/radiovilardevoz.org\/index.php?rest_route=\/wp\/v2\/users\/7"}],"replies":[{"embeddable":true,"href":"https:\/\/radiovilardevoz.org\/index.php?rest_route=%2Fwp%2Fv2%2Fcomments&post=1639"}],"version-history":[{"count":3,"href":"https:\/\/radiovilardevoz.org\/index.php?rest_route=\/wp\/v2\/posts\/1639\/revisions"}],"predecessor-version":[{"id":1645,"href":"https:\/\/radiovilardevoz.org\/index.php?rest_route=\/wp\/v2\/posts\/1639\/revisions\/1645"}],"wp:featuredmedia":[{"embeddable":true,"href":"https:\/\/radiovilardevoz.org\/index.php?rest_route=\/wp\/v2\/media\/1641"}],"wp:attachment":[{"href":"https:\/\/radiovilardevoz.org\/index.php?rest_route=%2Fwp%2Fv2%2Fmedia&parent=1639"}],"wp:term":[{"taxonomy":"category","embeddable":true,"href":"https:\/\/radiovilardevoz.org\/index.php?rest_route=%2Fwp%2Fv2%2Fcategories&post=1639"},{"taxonomy":"post_tag","embeddable":true,"href":"https:\/\/radiovilardevoz.org\/index.php?rest_route=%2Fwp%2Fv2%2Ftags&post=1639"}],"curies":[{"name":"wp","href":"https:\/\/api.w.org\/{rel}","templated":true}]}}