{"id":1767,"date":"2024-12-06T17:42:03","date_gmt":"2024-12-06T20:42:03","guid":{"rendered":"https:\/\/radiovilardevoz.org\/?p=1767"},"modified":"2024-12-08T09:14:07","modified_gmt":"2024-12-08T12:14:07","slug":"el-camino-para-no-enloquecernos-es-colectivo","status":"publish","type":"post","link":"https:\/\/radiovilardevoz.org\/?p=1767","title":{"rendered":"El camino para no enloquecernos es colectivo"},"content":{"rendered":"<h5 style=\"text-align: right;\">07 de diciembre de 2024<\/h5>\n<p>En el \u00faltimo programa de 2024 tuvimos el honor de compartir cabina con un gran colectivo amigo: Radio Vilardevoz. Conversamos con Melina, Angie, Marcos y Gustavo.<\/p>\n<p><img decoding=\"async\" class=\"foto\" src=\"https:\/\/radiovilardevoz.org\/wp-content\/uploads\/2024\/12\/colectivo-pedal-min-300x86.png\" alt=\"\" width=\"300\" height=\"86\" \/><\/p>\n<p>Hablamos sobre la Ley de salud mental N\u00b019.529 y el Plan de Salud Mental que nacen en 2017, y sus avances al d\u00eda de hoy. Esta Ley tiene un enfoque de DDHH, es decir que el paciente y su familia son protagonistas en las decisiones de su tratamiento y la \u00faltima palabra no es necesariamente la del psiquiatra. Este enfoque apunta a dejar de tratar al sujeto como objeto y contemplar su visi\u00f3n. El fin \u00faltimo de esta Ley es la desmanicomializaci\u00f3n, es decir, terminar con el encierro como estrategia para \u201ccurar a los locxs\u201d. \u201cMantenerlos aislados, estigmatizados y al margen de la sociedad no es el camino\u201d, afirman.<\/p>\n<p>Estos son algunos de los objetivos que se plantea, te\u00f3ricamente, la legislaci\u00f3n, sin embargo, los avances en estos siete a\u00f1os han sido magros desde la \u00f3rbita estatal, nos cuentan. Al modelo de la psiquiatr\u00eda, los laboratorios, el poder pol\u00edtico y econ\u00f3mico no le sirve que cierren los manicomios. Adem\u00e1s, la propuesta de cerrar estas instituciones deber\u00eda ir acompa\u00f1ada de la apertura de otro tipo de centros y los centros de medio camino gestionados por el MIDES como soluciones habitacionales y sociales son insuficientes. A la vez, en el a\u00f1o 2024 se aprueba la Ley de internaci\u00f3n compulsiva N\u00b018.787, contradiciendo el\u00a0 enfoque y objetivos de la Ley de salud mental. Tambi\u00e9n preocupan los tiempos de espera en la atenci\u00f3n a los pacientes con problemas de salud mental. Hay urgencias y necesidades que no pueden esperar los tiempos del sistema de salud y el MSP no cumple con la rector\u00eda en los prestadores de salud haciendo cumplir con el Plan de salud mental. Hoy en d\u00eda el proyecto se autogestiona y tiene su propia casa en una vivienda cedida por la IM ubicada en Ciudad Vieja. Con gran orgullo nos cuentan que adem\u00e1s hace dos a\u00f1os lograron abrir su casa comunitaria y centro cultural, La nave de lxs loques, ubicada en Germ\u00e1n Barbato 1478. Gracias a la militancia y perseverancia de este grupo de personas que creen que la salida y la \u201ccura para no enloquecer\u201d es colectiva. Por m\u00e1s que se les han cerrado muchas puertas han sabido golpear otras y cuentan hoy con apoyos estatales y de organizaciones sociales, y a su vez contin\u00faan siendo aut\u00f3nomos y funcionando bajo sus propias reglas. Mencionan otros colectivos amigos: Urbano, Nitep, Sur Palermo, que han tomado como modelo el proyecto de Vilardevoz. Les invitamos a escuchar esta entrevista y a escucharles todos los s\u00e1bados desde las 10 h en su p\u00e1gina o a arrimarse presencialmente a la fonoplatea en su local, La sede de la locura, ubicado en Ituzaing\u00f3 1600. El 21 de diciembre, adem\u00e1s, nos invitan a celebrar sus 27 a\u00f1os. \u00a1All\u00ed estaremos, brindando por larga vida a esta radio amiga! Texto: Mariana Tenenbaum.<\/p>\n<p style=\"text-align: center;\"><strong>Escucha la entrevista en el siguiente enlace del Colectivo Pedal:<\/strong><\/p>\n<p><a href=\"https:\/\/radiopedal.uy\/track\/el-camino-para-no-enloquecernos-es-colectivo\/\" target=\"_blanck\" rel=\"noopener\">https:\/\/radiopedal.uy\/track\/el-camino-para-no-enloquecernos-es-colectivo\/<\/a><\/p>\n<p>&nbsp;<\/p>\n<div class=\"pvc_clear\"><\/div>\n<p id=\"pvc_stats_1767\" class=\"pvc_stats all  \" data-element-id=\"1767\" style=\"\"><i class=\"pvc-stats-icon large\" aria-hidden=\"true\"><svg aria-hidden=\"true\" focusable=\"false\" data-prefix=\"far\" data-icon=\"chart-bar\" role=\"img\" xmlns=\"http:\/\/www.w3.org\/2000\/svg\" viewBox=\"0 0 512 512\" class=\"svg-inline--fa fa-chart-bar fa-w-16 fa-2x\"><path fill=\"currentColor\" d=\"M396.8 352h22.4c6.4 0 12.8-6.4 12.8-12.8V108.8c0-6.4-6.4-12.8-12.8-12.8h-22.4c-6.4 0-12.8 6.4-12.8 12.8v230.4c0 6.4 6.4 12.8 12.8 12.8zm-192 0h22.4c6.4 0 12.8-6.4 12.8-12.8V140.8c0-6.4-6.4-12.8-12.8-12.8h-22.4c-6.4 0-12.8 6.4-12.8 12.8v198.4c0 6.4 6.4 12.8 12.8 12.8zm96 0h22.4c6.4 0 12.8-6.4 12.8-12.8V204.8c0-6.4-6.4-12.8-12.8-12.8h-22.4c-6.4 0-12.8 6.4-12.8 12.8v134.4c0 6.4 6.4 12.8 12.8 12.8zM496 400H48V80c0-8.84-7.16-16-16-16H16C7.16 64 0 71.16 0 80v336c0 17.67 14.33 32 32 32h464c8.84 0 16-7.16 16-16v-16c0-8.84-7.16-16-16-16zm-387.2-48h22.4c6.4 0 12.8-6.4 12.8-12.8v-70.4c0-6.4-6.4-12.8-12.8-12.8h-22.4c-6.4 0-12.8 6.4-12.8 12.8v70.4c0 6.4 6.4 12.8 12.8 12.8z\" class=\"\"><\/path><\/svg><\/i> <img decoding=\"async\" width=\"16\" height=\"16\" alt=\"Loading\" src=\"https:\/\/radiovilardevoz.org\/wp-content\/plugins\/page-views-count\/ajax-loader-2x.gif\" border=0 \/><\/p>\n<div class=\"pvc_clear\"><\/div>\n","protected":false},"excerpt":{"rendered":"<p>07 de diciembre de 2024 En el \u00faltimo programa de 2024 tuvimos el honor de compartir cabina con un gran colectivo amigo: Radio Vilardevoz. Conversamos con Melina, Angie, Marcos y&hellip; <\/p>\n<div class=\"pvc_clear\"><\/div>\n<p id=\"pvc_stats_1767\" class=\"pvc_stats all  \" data-element-id=\"1767\" style=\"\"><i class=\"pvc-stats-icon large\" aria-hidden=\"true\"><svg aria-hidden=\"true\" focusable=\"false\" data-prefix=\"far\" data-icon=\"chart-bar\" role=\"img\" xmlns=\"http:\/\/www.w3.org\/2000\/svg\" viewBox=\"0 0 512 512\" class=\"svg-inline--fa fa-chart-bar fa-w-16 fa-2x\"><path fill=\"currentColor\" d=\"M396.8 352h22.4c6.4 0 12.8-6.4 12.8-12.8V108.8c0-6.4-6.4-12.8-12.8-12.8h-22.4c-6.4 0-12.8 6.4-12.8 12.8v230.4c0 6.4 6.4 12.8 12.8 12.8zm-192 0h22.4c6.4 0 12.8-6.4 12.8-12.8V140.8c0-6.4-6.4-12.8-12.8-12.8h-22.4c-6.4 0-12.8 6.4-12.8 12.8v198.4c0 6.4 6.4 12.8 12.8 12.8zm96 0h22.4c6.4 0 12.8-6.4 12.8-12.8V204.8c0-6.4-6.4-12.8-12.8-12.8h-22.4c-6.4 0-12.8 6.4-12.8 12.8v134.4c0 6.4 6.4 12.8 12.8 12.8zM496 400H48V80c0-8.84-7.16-16-16-16H16C7.16 64 0 71.16 0 80v336c0 17.67 14.33 32 32 32h464c8.84 0 16-7.16 16-16v-16c0-8.84-7.16-16-16-16zm-387.2-48h22.4c6.4 0 12.8-6.4 12.8-12.8v-70.4c0-6.4-6.4-12.8-12.8-12.8h-22.4c-6.4 0-12.8 6.4-12.8 12.8v70.4c0 6.4 6.4 12.8 12.8 12.8z\" class=\"\"><\/path><\/svg><\/i> <img decoding=\"async\" width=\"16\" height=\"16\" alt=\"Loading\" src=\"https:\/\/radiovilardevoz.org\/wp-content\/plugins\/page-views-count\/ajax-loader-2x.gif\" border=0 \/><\/p>\n<div class=\"pvc_clear\"><\/div>\n","protected":false},"author":7,"featured_media":1771,"comment_status":"open","ping_status":"open","sticky":false,"template":"","format":"standard","meta":{"footnotes":""},"categories":[13,7],"tags":[],"class_list":["post-1767","post","type-post","status-publish","format-standard","has-post-thumbnail","hentry","category-ddhh-y-salud-mental","category-noticias-destacadas"],"_links":{"self":[{"href":"https:\/\/radiovilardevoz.org\/index.php?rest_route=\/wp\/v2\/posts\/1767","targetHints":{"allow":["GET"]}}],"collection":[{"href":"https:\/\/radiovilardevoz.org\/index.php?rest_route=\/wp\/v2\/posts"}],"about":[{"href":"https:\/\/radiovilardevoz.org\/index.php?rest_route=\/wp\/v2\/types\/post"}],"author":[{"embeddable":true,"href":"https:\/\/radiovilardevoz.org\/index.php?rest_route=\/wp\/v2\/users\/7"}],"replies":[{"embeddable":true,"href":"https:\/\/radiovilardevoz.org\/index.php?rest_route=%2Fwp%2Fv2%2Fcomments&post=1767"}],"version-history":[{"count":13,"href":"https:\/\/radiovilardevoz.org\/index.php?rest_route=\/wp\/v2\/posts\/1767\/revisions"}],"predecessor-version":[{"id":1782,"href":"https:\/\/radiovilardevoz.org\/index.php?rest_route=\/wp\/v2\/posts\/1767\/revisions\/1782"}],"wp:featuredmedia":[{"embeddable":true,"href":"https:\/\/radiovilardevoz.org\/index.php?rest_route=\/wp\/v2\/media\/1771"}],"wp:attachment":[{"href":"https:\/\/radiovilardevoz.org\/index.php?rest_route=%2Fwp%2Fv2%2Fmedia&parent=1767"}],"wp:term":[{"taxonomy":"category","embeddable":true,"href":"https:\/\/radiovilardevoz.org\/index.php?rest_route=%2Fwp%2Fv2%2Fcategories&post=1767"},{"taxonomy":"post_tag","embeddable":true,"href":"https:\/\/radiovilardevoz.org\/index.php?rest_route=%2Fwp%2Fv2%2Ftags&post=1767"}],"curies":[{"name":"wp","href":"https:\/\/api.w.org\/{rel}","templated":true}]}}