{"id":1788,"date":"2024-12-21T21:29:00","date_gmt":"2024-12-22T00:29:00","guid":{"rendered":"https:\/\/radiovilardevoz.org\/?p=1788"},"modified":"2024-12-22T17:47:25","modified_gmt":"2024-12-22T20:47:25","slug":"festejos-de-nuestros-27-anos","status":"publish","type":"post","link":"https:\/\/radiovilardevoz.org\/?p=1788","title":{"rendered":"Festejos de nuestros 27 a\u00f1os"},"content":{"rendered":"<h5 style=\"text-align: right;\">21 de diciembre de 2024<\/h5>\n<h5>\u2728\ud83c\udf89 <strong>\u00a1Feliz 27\u00ba aniversario, Radio Vilardevoz!<\/strong> \ud83c\udf89\u2728<\/h5>\n<p>Hoy celebramos no solo un n\u00famero, sino 27 a\u00f1os de compromiso, lucha y amor. Cada d\u00eda, esta radio se ha convertido en un espacio seguro donde se visibilizan las voces de quienes han sido silenciados, donde se comparte la esperanza y se defiende el derecho a una vida digna.<\/p>\n<p>A lo largo de estas casi tres d\u00e9cadas, se ha trabajado incansablemente por la desmanicomializaci\u00f3n, una causa que busca romper con los estigmas y construir un camino hacia la inclusi\u00f3n y el respeto. Sabemos que el camino no ha sido f\u00e1cil, pero cada paso dado ha sido un triunfo colectivo en la b\u00fasqueda de una salud mental digna para todos.<\/p>\n<p>La radio ha sido un faro en momentos oscuros, iluminando el camino hacia una sociedad m\u00e1s justa e inclusiva. Hemos compartido historias de valent\u00eda, resiliencia y amor; hemos creado conciencia sobre la importancia de cuidar nuestra salud mental y hemos recordado que no estamos solos en esta lucha.<\/p>\n<p>Hoy, queremos rendir homenaje a cada oyente, a cada colaborador y a cada persona que ha cre\u00eddo en el poder transformador de la comunicaci\u00f3n. Gracias por ser parte de esta traves\u00eda, por su apoyo incondicional y por su compromiso con nuestra misi\u00f3n.<\/p>\n<p>Sigamos adelante, reivindicando la dignidad de cada persona y trabajando por un futuro donde la salud mental sea una prioridad. Que este aniversario sea un recordatorio de que juntos somos m\u00e1s fuertes y que nuestras voces pueden generar cambios significativos.<\/p>\n<p>Y para celebrar este hermoso camino recorrido, quiero compartir con ustedes un poema:<\/p>\n<p>&#8212;<\/p>\n<p>*Voces al viento*<\/p>\n<p>En el aire flotan nuestras historias,<br \/>\necos de luchas, sue\u00f1os y memorias.<br \/>\nVeintisiete a\u00f1os alzando la voz,<br \/>\npor aquellos que sufren en silencio atroz.<\/p>\n<p>Unidos en torno a un mismo ideal,<br \/>\nla salud mental como un bien esencial.<br \/>\nDesmanicomializar es nuestra misi\u00f3n,<br \/>\nromper con estigmas, darles direcci\u00f3n.<\/p>\n<p>Cada palabra que al aire lanzamos<br \/>\nes semilla de esperanza que juntos sembramos.<br \/>\nPor vidas dignas y corazones fuertes,<br \/>\nsigamos adelante, no hay muros ni muertes.<\/p>\n<p>Celebremos hoy este hondo sentir,<br \/>\nnuestras voces juntas pueden resplandecer.<br \/>\nPor veintisiete a\u00f1os de amor y uni\u00f3n,<br \/>\nsigamos cantando nuestra canci\u00f3n.<\/p>\n<p>\u00a1Gracias a todos por ser parte de esta historia! \ud83d\udc96<\/p>\n<h5 class=\"style-scope ytd-watch-metadata\"><strong>27 a\u00f1os de Vilardevoz en Subrayado<\/strong><\/h5>\n<p>Canal 10 de Montevideo, de su Informativo Subrayado, concurri\u00f3 hoy al festejo de nuestros 27 a\u00f1os y entrevistaron a Cecilia Baroni Coordinadora de la salida al aire de nuestra radio, adem\u00e1s de mostrar im\u00e1genes de lo acontecido.<\/p>\n<p><iframe class=\"video\" title=\"YouTube video player\" src=\"https:\/\/www.youtube.com\/embed\/PhwOWBbvjzk?si=7Ux14avu8Flj7Bgh\" width=\"560\" height=\"315\" frameborder=\"0\" allowfullscreen=\"allowfullscreen\"><\/iframe><\/p>\n<h5><strong>Todas las fotos del festejo<\/strong><\/h5>\n<p><img fetchpriority=\"high\" decoding=\"async\" class=\"foto\" src=\"https:\/\/radiovilardevoz.org\/wp-content\/uploads\/2024\/12\/WhatsApp-Image-2024-12-21-at-19.59.29-1-300x225.jpeg\" alt=\"\" width=\"300\" height=\"225\" \/><br \/>\n<img decoding=\"async\" class=\"foto\" src=\"https:\/\/radiovilardevoz.org\/wp-content\/uploads\/2024\/12\/WhatsApp-Image-2024-12-21-at-19.59.29-300x225.jpeg\" alt=\"\" width=\"300\" height=\"225\" \/><br \/>\n<img decoding=\"async\" class=\"foto\" src=\"https:\/\/radiovilardevoz.org\/wp-content\/uploads\/2024\/12\/WhatsApp-Image-2024-12-21-at-19.59.30-225x300.jpeg\" alt=\"\" width=\"225\" height=\"300\" \/><br \/>\n<img loading=\"lazy\" decoding=\"async\" class=\"foto\" src=\"https:\/\/radiovilardevoz.org\/wp-content\/uploads\/2024\/12\/WhatsApp-Image-2024-12-21-at-19.59.31-1-169x300.jpeg\" alt=\"\" width=\"169\" height=\"300\" \/><br \/>\n<img loading=\"lazy\" decoding=\"async\" class=\"foto\" src=\"https:\/\/radiovilardevoz.org\/wp-content\/uploads\/2024\/12\/WhatsApp-Image-2024-12-21-at-19.59.31-2-225x300.jpeg\" alt=\"\" width=\"225\" height=\"300\" \/><\/p>\n<p><img loading=\"lazy\" decoding=\"async\" class=\"foto\" src=\"https:\/\/radiovilardevoz.org\/wp-content\/uploads\/2024\/12\/WhatsApp-Image-2024-12-21-at-19.59.32-1-225x300.jpeg\" alt=\"\" width=\"225\" height=\"300\" \/><br \/>\n<img loading=\"lazy\" decoding=\"async\" class=\"foto\" src=\"https:\/\/radiovilardevoz.org\/wp-content\/uploads\/2024\/12\/WhatsApp-Image-2024-12-21-at-19.59.32-2-300x225.jpeg\" alt=\"\" width=\"300\" height=\"225\" \/><br \/>\n<img loading=\"lazy\" decoding=\"async\" class=\"foto\" src=\"https:\/\/radiovilardevoz.org\/wp-content\/uploads\/2024\/12\/WhatsApp-Image-2024-12-21-at-19.59.32-226x300.jpeg\" alt=\"\" width=\"226\" height=\"300\" \/><br \/>\n<img loading=\"lazy\" decoding=\"async\" class=\"foto\" src=\"https:\/\/radiovilardevoz.org\/wp-content\/uploads\/2024\/12\/WhatsApp-Image-2024-12-21-at-19.59.33-225x300.jpeg\" alt=\"\" width=\"225\" height=\"300\" \/><br \/>\n<img loading=\"lazy\" decoding=\"async\" class=\"foto\" src=\"https:\/\/radiovilardevoz.org\/wp-content\/uploads\/2024\/12\/WhatsApp-Image-2024-12-21-at-19.59.34-1-300x225.jpeg\" alt=\"\" width=\"300\" height=\"225\" \/><br \/>\n<img loading=\"lazy\" decoding=\"async\" class=\"foto\" src=\"https:\/\/radiovilardevoz.org\/wp-content\/uploads\/2024\/12\/WhatsApp-Image-2024-12-21-at-19.59.34-2-300x225.jpeg\" alt=\"\" width=\"300\" height=\"225\" \/><br \/>\n<img loading=\"lazy\" decoding=\"async\" class=\"foto\" src=\"https:\/\/radiovilardevoz.org\/wp-content\/uploads\/2024\/12\/WhatsApp-Image-2024-12-21-at-19.59.34-300x225.jpeg\" alt=\"\" width=\"300\" height=\"225\" \/><br \/>\n<img loading=\"lazy\" decoding=\"async\" class=\"foto\" src=\"https:\/\/radiovilardevoz.org\/wp-content\/uploads\/2024\/12\/WhatsApp-Image-2024-12-21-at-19.59.35-225x300.jpeg\" alt=\"\" width=\"225\" height=\"300\" \/><br \/>\n<img loading=\"lazy\" decoding=\"async\" class=\"foto\" src=\"https:\/\/radiovilardevoz.org\/wp-content\/uploads\/2024\/12\/WhatsApp-Image-2024-12-21-at-19.59.36-1-225x300.jpeg\" alt=\"\" width=\"225\" height=\"300\" \/><br \/>\n<img loading=\"lazy\" decoding=\"async\" class=\"foto\" src=\"https:\/\/radiovilardevoz.org\/wp-content\/uploads\/2024\/12\/WhatsApp-Image-2024-12-21-at-19.59.36-225x300.jpeg\" alt=\"\" width=\"225\" height=\"300\" \/><br \/>\n<img loading=\"lazy\" decoding=\"async\" class=\"foto\" src=\"https:\/\/radiovilardevoz.org\/wp-content\/uploads\/2024\/12\/WhatsApp-Image-2024-12-21-at-19.59.37-300x225.jpeg\" alt=\"\" width=\"300\" height=\"225\" \/><br \/>\n<img loading=\"lazy\" decoding=\"async\" class=\"foto\" src=\"https:\/\/radiovilardevoz.org\/wp-content\/uploads\/2024\/12\/WhatsApp-Image-2024-12-21-at-19.59.38-225x300.jpeg\" alt=\"\" width=\"225\" height=\"300\" \/><br \/>\n<img loading=\"lazy\" decoding=\"async\" class=\"foto\" src=\"https:\/\/radiovilardevoz.org\/wp-content\/uploads\/2024\/12\/WhatsApp-Image-2024-12-21-at-19.59.39-1-225x300.jpeg\" alt=\"\" width=\"225\" height=\"300\" \/><br \/>\n<img loading=\"lazy\" decoding=\"async\" class=\"foto\" src=\"https:\/\/radiovilardevoz.org\/wp-content\/uploads\/2024\/12\/WhatsApp-Image-2024-12-21-at-19.59.39-2-225x300.jpeg\" alt=\"\" width=\"225\" height=\"300\" \/><br \/>\n<img loading=\"lazy\" decoding=\"async\" class=\"foto\" src=\"https:\/\/radiovilardevoz.org\/wp-content\/uploads\/2024\/12\/WhatsApp-Image-2024-12-21-at-19.59.39-300x225.jpeg\" alt=\"\" width=\"300\" height=\"225\" \/><br \/>\n<img loading=\"lazy\" decoding=\"async\" class=\"foto\" src=\"https:\/\/radiovilardevoz.org\/wp-content\/uploads\/2024\/12\/WhatsApp-Image-2024-12-21-at-19.59.40-1-225x300.jpeg\" alt=\"\" width=\"225\" height=\"300\" \/><br \/>\n<img loading=\"lazy\" decoding=\"async\" class=\"foto\" src=\"https:\/\/radiovilardevoz.org\/wp-content\/uploads\/2024\/12\/WhatsApp-Image-2024-12-21-at-19.59.40-2-225x300.jpeg\" alt=\"\" width=\"225\" height=\"300\" \/><br \/>\n<img loading=\"lazy\" decoding=\"async\" class=\"foto\" src=\"https:\/\/radiovilardevoz.org\/wp-content\/uploads\/2024\/12\/WhatsApp-Image-2024-12-21-at-19.59.40-225x300.jpeg\" alt=\"\" width=\"225\" height=\"300\" \/><br \/>\n<img loading=\"lazy\" decoding=\"async\" class=\"foto\" src=\"https:\/\/radiovilardevoz.org\/wp-content\/uploads\/2024\/12\/WhatsApp-Image-2024-12-21-at-19.59.42-1-225x300.jpeg\" alt=\"\" width=\"225\" height=\"300\" \/><br \/>\n<img loading=\"lazy\" decoding=\"async\" class=\"foto\" src=\"https:\/\/radiovilardevoz.org\/wp-content\/uploads\/2024\/12\/WhatsApp-Image-2024-12-21-at-19.59.42-225x300.jpeg\" alt=\"\" width=\"225\" height=\"300\" \/><br \/>\n<img loading=\"lazy\" decoding=\"async\" class=\"foto\" src=\"https:\/\/radiovilardevoz.org\/wp-content\/uploads\/2024\/12\/WhatsApp-Image-2024-12-21-at-20.00.08-1-225x300.jpeg\" alt=\"\" width=\"225\" height=\"300\" \/><br \/>\n<img loading=\"lazy\" decoding=\"async\" class=\"foto\" src=\"https:\/\/radiovilardevoz.org\/wp-content\/uploads\/2024\/12\/WhatsApp-Image-2024-12-21-at-20.00.08-2-225x300.jpeg\" alt=\"\" width=\"225\" height=\"300\" \/><br \/>\n<img loading=\"lazy\" decoding=\"async\" class=\"foto\" src=\"https:\/\/radiovilardevoz.org\/wp-content\/uploads\/2024\/12\/WhatsApp-Image-2024-12-21-at-20.00.08-225x300.jpeg\" alt=\"\" width=\"225\" height=\"300\" \/><\/p>\n<h5><\/h5>\n<div class=\"pvc_clear\"><\/div>\n<p id=\"pvc_stats_1788\" class=\"pvc_stats all  \" data-element-id=\"1788\" style=\"\"><i class=\"pvc-stats-icon large\" aria-hidden=\"true\"><svg aria-hidden=\"true\" focusable=\"false\" data-prefix=\"far\" data-icon=\"chart-bar\" role=\"img\" xmlns=\"http:\/\/www.w3.org\/2000\/svg\" viewBox=\"0 0 512 512\" class=\"svg-inline--fa fa-chart-bar fa-w-16 fa-2x\"><path fill=\"currentColor\" d=\"M396.8 352h22.4c6.4 0 12.8-6.4 12.8-12.8V108.8c0-6.4-6.4-12.8-12.8-12.8h-22.4c-6.4 0-12.8 6.4-12.8 12.8v230.4c0 6.4 6.4 12.8 12.8 12.8zm-192 0h22.4c6.4 0 12.8-6.4 12.8-12.8V140.8c0-6.4-6.4-12.8-12.8-12.8h-22.4c-6.4 0-12.8 6.4-12.8 12.8v198.4c0 6.4 6.4 12.8 12.8 12.8zm96 0h22.4c6.4 0 12.8-6.4 12.8-12.8V204.8c0-6.4-6.4-12.8-12.8-12.8h-22.4c-6.4 0-12.8 6.4-12.8 12.8v134.4c0 6.4 6.4 12.8 12.8 12.8zM496 400H48V80c0-8.84-7.16-16-16-16H16C7.16 64 0 71.16 0 80v336c0 17.67 14.33 32 32 32h464c8.84 0 16-7.16 16-16v-16c0-8.84-7.16-16-16-16zm-387.2-48h22.4c6.4 0 12.8-6.4 12.8-12.8v-70.4c0-6.4-6.4-12.8-12.8-12.8h-22.4c-6.4 0-12.8 6.4-12.8 12.8v70.4c0 6.4 6.4 12.8 12.8 12.8z\" class=\"\"><\/path><\/svg><\/i> <img loading=\"lazy\" decoding=\"async\" width=\"16\" height=\"16\" alt=\"Loading\" src=\"https:\/\/radiovilardevoz.org\/wp-content\/plugins\/page-views-count\/ajax-loader-2x.gif\" border=0 \/><\/p>\n<div class=\"pvc_clear\"><\/div>\n","protected":false},"excerpt":{"rendered":"<p>21 de diciembre de 2024 \u2728\ud83c\udf89 \u00a1Feliz 27\u00ba aniversario, Radio Vilardevoz! \ud83c\udf89\u2728 Hoy celebramos no solo un n\u00famero, sino 27 a\u00f1os de compromiso, lucha y amor. Cada d\u00eda, esta radio&hellip; <\/p>\n<div class=\"pvc_clear\"><\/div>\n<p id=\"pvc_stats_1788\" class=\"pvc_stats all  \" data-element-id=\"1788\" style=\"\"><i class=\"pvc-stats-icon large\" aria-hidden=\"true\"><svg aria-hidden=\"true\" focusable=\"false\" data-prefix=\"far\" data-icon=\"chart-bar\" role=\"img\" xmlns=\"http:\/\/www.w3.org\/2000\/svg\" viewBox=\"0 0 512 512\" class=\"svg-inline--fa fa-chart-bar fa-w-16 fa-2x\"><path fill=\"currentColor\" d=\"M396.8 352h22.4c6.4 0 12.8-6.4 12.8-12.8V108.8c0-6.4-6.4-12.8-12.8-12.8h-22.4c-6.4 0-12.8 6.4-12.8 12.8v230.4c0 6.4 6.4 12.8 12.8 12.8zm-192 0h22.4c6.4 0 12.8-6.4 12.8-12.8V140.8c0-6.4-6.4-12.8-12.8-12.8h-22.4c-6.4 0-12.8 6.4-12.8 12.8v198.4c0 6.4 6.4 12.8 12.8 12.8zm96 0h22.4c6.4 0 12.8-6.4 12.8-12.8V204.8c0-6.4-6.4-12.8-12.8-12.8h-22.4c-6.4 0-12.8 6.4-12.8 12.8v134.4c0 6.4 6.4 12.8 12.8 12.8zM496 400H48V80c0-8.84-7.16-16-16-16H16C7.16 64 0 71.16 0 80v336c0 17.67 14.33 32 32 32h464c8.84 0 16-7.16 16-16v-16c0-8.84-7.16-16-16-16zm-387.2-48h22.4c6.4 0 12.8-6.4 12.8-12.8v-70.4c0-6.4-6.4-12.8-12.8-12.8h-22.4c-6.4 0-12.8 6.4-12.8 12.8v70.4c0 6.4 6.4 12.8 12.8 12.8z\" class=\"\"><\/path><\/svg><\/i> <img loading=\"lazy\" decoding=\"async\" width=\"16\" height=\"16\" alt=\"Loading\" src=\"https:\/\/radiovilardevoz.org\/wp-content\/plugins\/page-views-count\/ajax-loader-2x.gif\" border=0 \/><\/p>\n<div class=\"pvc_clear\"><\/div>\n","protected":false},"author":7,"featured_media":1792,"comment_status":"open","ping_status":"open","sticky":false,"template":"","format":"standard","meta":{"footnotes":""},"categories":[7],"tags":[],"class_list":["post-1788","post","type-post","status-publish","format-standard","has-post-thumbnail","hentry","category-noticias-destacadas"],"_links":{"self":[{"href":"https:\/\/radiovilardevoz.org\/index.php?rest_route=\/wp\/v2\/posts\/1788","targetHints":{"allow":["GET"]}}],"collection":[{"href":"https:\/\/radiovilardevoz.org\/index.php?rest_route=\/wp\/v2\/posts"}],"about":[{"href":"https:\/\/radiovilardevoz.org\/index.php?rest_route=\/wp\/v2\/types\/post"}],"author":[{"embeddable":true,"href":"https:\/\/radiovilardevoz.org\/index.php?rest_route=\/wp\/v2\/users\/7"}],"replies":[{"embeddable":true,"href":"https:\/\/radiovilardevoz.org\/index.php?rest_route=%2Fwp%2Fv2%2Fcomments&post=1788"}],"version-history":[{"count":6,"href":"https:\/\/radiovilardevoz.org\/index.php?rest_route=\/wp\/v2\/posts\/1788\/revisions"}],"predecessor-version":[{"id":1826,"href":"https:\/\/radiovilardevoz.org\/index.php?rest_route=\/wp\/v2\/posts\/1788\/revisions\/1826"}],"wp:featuredmedia":[{"embeddable":true,"href":"https:\/\/radiovilardevoz.org\/index.php?rest_route=\/wp\/v2\/media\/1792"}],"wp:attachment":[{"href":"https:\/\/radiovilardevoz.org\/index.php?rest_route=%2Fwp%2Fv2%2Fmedia&parent=1788"}],"wp:term":[{"taxonomy":"category","embeddable":true,"href":"https:\/\/radiovilardevoz.org\/index.php?rest_route=%2Fwp%2Fv2%2Fcategories&post=1788"},{"taxonomy":"post_tag","embeddable":true,"href":"https:\/\/radiovilardevoz.org\/index.php?rest_route=%2Fwp%2Fv2%2Ftags&post=1788"}],"curies":[{"name":"wp","href":"https:\/\/api.w.org\/{rel}","templated":true}]}}