{"id":2096,"date":"2025-03-17T20:20:01","date_gmt":"2025-03-17T23:20:01","guid":{"rendered":"https:\/\/radiovilardevoz.org\/?p=2096"},"modified":"2025-03-17T20:28:33","modified_gmt":"2025-03-17T23:28:33","slug":"red-psicofeminista-entrevista-central","status":"publish","type":"post","link":"https:\/\/radiovilardevoz.org\/?p=2096","title":{"rendered":"Red PsicoFeminista &#8211; Entrevista Central"},"content":{"rendered":"<h5 style=\"text-align: right;\">08 de marzo de 2025<\/h5>\n<p><img decoding=\"async\" class=\"alignnone size-medium wp-image-2097 foto\" src=\"https:\/\/radiovilardevoz.org\/wp-content\/uploads\/2025\/03\/Captura-de-pantalla-2025-03-17-200414-min-300x93.png\" alt=\"\" width=\"300\" height=\"93\" srcset=\"https:\/\/radiovilardevoz.org\/wp-content\/uploads\/2025\/03\/Captura-de-pantalla-2025-03-17-200414-min-300x93.png 300w, https:\/\/radiovilardevoz.org\/wp-content\/uploads\/2025\/03\/Captura-de-pantalla-2025-03-17-200414-min.png 749w\" sizes=\"(max-width: 300px) 100vw, 300px\" \/><\/p>\n<p>Prepar\u00e1ndonos para la marcha de hoy el 08 M, recibimos a las compa\u00f1eras de la Red PsicoFeminista con sus integrantes charlamos como vienen los Preparativos y que es la Red.<\/p>\n<p>\u00abSomos un grupo de psic\u00f3logas feministas de Uruguay unidas para visibilizar el estrecho v\u00ednculo de nuestra profesi\u00f3n con los derechos humanos y por tanto, con todos los aspectos que atraviesan a las personas.<\/p>\n<p>Concebimos a la salud mental de forma global, visualizando al ser humano inserto en un momento hist\u00f3rico, social, econ\u00f3mico, cultural, por tanto entendemos necesario incluir la perspectiva de g\u00e9nero en lo que respecta a nuestra profesi\u00f3n, lo cual ampl\u00eda nuestra mirada sobre el sufrimiento ps\u00edquico.<\/p>\n<p>Trabajar con perspectiva de g\u00e9nero nos permite entender que dentro del sistema patriarcal existen relaciones de poder asim\u00e9tricas entre los g\u00e9neros e identidades que generan efectos sobre las subjetividades. A su vez implica entender que este sistema nos atraviesa en los distintos aspectos de nuestra vida, y que la perspectiva de g\u00e9nero no s\u00f3lo es aplicable a situaciones de violencia basada en g\u00e9nero, sino a todos los motivos de consulta en los distintos \u00e1mbitos de la psicolog\u00eda.\u00bb<\/p>\n<p><iframe src=\"https:\/\/www.ivoox.com\/player_ej_143250113_6_1.html?c1=5b3411\" width=\"100%\" height=\"200\" frameborder=\"0\" allowfullscreen=\"\" scrolling=\"no\" loading=\"lazy\"><\/iframe><\/p>\n<div class=\"pvc_clear\"><\/div>\n<p id=\"pvc_stats_2096\" class=\"pvc_stats all  \" data-element-id=\"2096\" style=\"\"><i class=\"pvc-stats-icon large\" aria-hidden=\"true\"><svg aria-hidden=\"true\" focusable=\"false\" data-prefix=\"far\" data-icon=\"chart-bar\" role=\"img\" xmlns=\"http:\/\/www.w3.org\/2000\/svg\" viewBox=\"0 0 512 512\" class=\"svg-inline--fa fa-chart-bar fa-w-16 fa-2x\"><path fill=\"currentColor\" d=\"M396.8 352h22.4c6.4 0 12.8-6.4 12.8-12.8V108.8c0-6.4-6.4-12.8-12.8-12.8h-22.4c-6.4 0-12.8 6.4-12.8 12.8v230.4c0 6.4 6.4 12.8 12.8 12.8zm-192 0h22.4c6.4 0 12.8-6.4 12.8-12.8V140.8c0-6.4-6.4-12.8-12.8-12.8h-22.4c-6.4 0-12.8 6.4-12.8 12.8v198.4c0 6.4 6.4 12.8 12.8 12.8zm96 0h22.4c6.4 0 12.8-6.4 12.8-12.8V204.8c0-6.4-6.4-12.8-12.8-12.8h-22.4c-6.4 0-12.8 6.4-12.8 12.8v134.4c0 6.4 6.4 12.8 12.8 12.8zM496 400H48V80c0-8.84-7.16-16-16-16H16C7.16 64 0 71.16 0 80v336c0 17.67 14.33 32 32 32h464c8.84 0 16-7.16 16-16v-16c0-8.84-7.16-16-16-16zm-387.2-48h22.4c6.4 0 12.8-6.4 12.8-12.8v-70.4c0-6.4-6.4-12.8-12.8-12.8h-22.4c-6.4 0-12.8 6.4-12.8 12.8v70.4c0 6.4 6.4 12.8 12.8 12.8z\" class=\"\"><\/path><\/svg><\/i> <img decoding=\"async\" width=\"16\" height=\"16\" alt=\"Loading\" src=\"https:\/\/radiovilardevoz.org\/wp-content\/plugins\/page-views-count\/ajax-loader-2x.gif\" border=0 \/><\/p>\n<div class=\"pvc_clear\"><\/div>\n","protected":false},"excerpt":{"rendered":"<p>08 de marzo de 2025 Prepar\u00e1ndonos para la marcha de hoy el 08 M, recibimos a las compa\u00f1eras de la Red PsicoFeminista con sus integrantes charlamos como vienen los Preparativos&hellip; <\/p>\n<div class=\"pvc_clear\"><\/div>\n<p id=\"pvc_stats_2096\" class=\"pvc_stats all  \" data-element-id=\"2096\" style=\"\"><i class=\"pvc-stats-icon large\" aria-hidden=\"true\"><svg aria-hidden=\"true\" focusable=\"false\" data-prefix=\"far\" data-icon=\"chart-bar\" role=\"img\" xmlns=\"http:\/\/www.w3.org\/2000\/svg\" viewBox=\"0 0 512 512\" class=\"svg-inline--fa fa-chart-bar fa-w-16 fa-2x\"><path fill=\"currentColor\" d=\"M396.8 352h22.4c6.4 0 12.8-6.4 12.8-12.8V108.8c0-6.4-6.4-12.8-12.8-12.8h-22.4c-6.4 0-12.8 6.4-12.8 12.8v230.4c0 6.4 6.4 12.8 12.8 12.8zm-192 0h22.4c6.4 0 12.8-6.4 12.8-12.8V140.8c0-6.4-6.4-12.8-12.8-12.8h-22.4c-6.4 0-12.8 6.4-12.8 12.8v198.4c0 6.4 6.4 12.8 12.8 12.8zm96 0h22.4c6.4 0 12.8-6.4 12.8-12.8V204.8c0-6.4-6.4-12.8-12.8-12.8h-22.4c-6.4 0-12.8 6.4-12.8 12.8v134.4c0 6.4 6.4 12.8 12.8 12.8zM496 400H48V80c0-8.84-7.16-16-16-16H16C7.16 64 0 71.16 0 80v336c0 17.67 14.33 32 32 32h464c8.84 0 16-7.16 16-16v-16c0-8.84-7.16-16-16-16zm-387.2-48h22.4c6.4 0 12.8-6.4 12.8-12.8v-70.4c0-6.4-6.4-12.8-12.8-12.8h-22.4c-6.4 0-12.8 6.4-12.8 12.8v70.4c0 6.4 6.4 12.8 12.8 12.8z\" class=\"\"><\/path><\/svg><\/i> <img decoding=\"async\" width=\"16\" height=\"16\" alt=\"Loading\" src=\"https:\/\/radiovilardevoz.org\/wp-content\/plugins\/page-views-count\/ajax-loader-2x.gif\" border=0 \/><\/p>\n<div class=\"pvc_clear\"><\/div>\n","protected":false},"author":7,"featured_media":2098,"comment_status":"open","ping_status":"open","sticky":false,"template":"","format":"standard","meta":{"footnotes":""},"categories":[13,7],"tags":[],"class_list":["post-2096","post","type-post","status-publish","format-standard","has-post-thumbnail","hentry","category-ddhh-y-salud-mental","category-noticias-destacadas"],"_links":{"self":[{"href":"https:\/\/radiovilardevoz.org\/index.php?rest_route=\/wp\/v2\/posts\/2096","targetHints":{"allow":["GET"]}}],"collection":[{"href":"https:\/\/radiovilardevoz.org\/index.php?rest_route=\/wp\/v2\/posts"}],"about":[{"href":"https:\/\/radiovilardevoz.org\/index.php?rest_route=\/wp\/v2\/types\/post"}],"author":[{"embeddable":true,"href":"https:\/\/radiovilardevoz.org\/index.php?rest_route=\/wp\/v2\/users\/7"}],"replies":[{"embeddable":true,"href":"https:\/\/radiovilardevoz.org\/index.php?rest_route=%2Fwp%2Fv2%2Fcomments&post=2096"}],"version-history":[{"count":2,"href":"https:\/\/radiovilardevoz.org\/index.php?rest_route=\/wp\/v2\/posts\/2096\/revisions"}],"predecessor-version":[{"id":2100,"href":"https:\/\/radiovilardevoz.org\/index.php?rest_route=\/wp\/v2\/posts\/2096\/revisions\/2100"}],"wp:featuredmedia":[{"embeddable":true,"href":"https:\/\/radiovilardevoz.org\/index.php?rest_route=\/wp\/v2\/media\/2098"}],"wp:attachment":[{"href":"https:\/\/radiovilardevoz.org\/index.php?rest_route=%2Fwp%2Fv2%2Fmedia&parent=2096"}],"wp:term":[{"taxonomy":"category","embeddable":true,"href":"https:\/\/radiovilardevoz.org\/index.php?rest_route=%2Fwp%2Fv2%2Fcategories&post=2096"},{"taxonomy":"post_tag","embeddable":true,"href":"https:\/\/radiovilardevoz.org\/index.php?rest_route=%2Fwp%2Fv2%2Ftags&post=2096"}],"curies":[{"name":"wp","href":"https:\/\/api.w.org\/{rel}","templated":true}]}}