{"id":2105,"date":"2025-03-20T19:30:34","date_gmt":"2025-03-20T22:30:34","guid":{"rendered":"https:\/\/radiovilardevoz.org\/?p=2105"},"modified":"2025-07-30T22:25:42","modified_gmt":"2025-07-31T01:25:42","slug":"recibimos-a-la-gran-actriz-angie-ona-%f0%9f%8e%ad%e2%9c%a8","status":"publish","type":"post","link":"https:\/\/radiovilardevoz.org\/?p=2105","title":{"rendered":"Recibimos a la gran actriz Angie O\u00f1a \ud83c\udfad\u2728"},"content":{"rendered":"<h5 style=\"text-align: right;\"><span style=\"color: #0000ff;\"><strong>15 de marzo de 2025<\/strong><\/span><\/h5>\n<p><img fetchpriority=\"high\" decoding=\"async\" class=\"alignnone size-medium wp-image-2106 foto\" src=\"https:\/\/radiovilardevoz.org\/wp-content\/uploads\/2025\/03\/485018002_9452090404858713_6922283731961050420_n-min-297x300.jpg\" alt=\"\" width=\"297\" height=\"300\" srcset=\"https:\/\/radiovilardevoz.org\/wp-content\/uploads\/2025\/03\/485018002_9452090404858713_6922283731961050420_n-min-297x300.jpg 297w, https:\/\/radiovilardevoz.org\/wp-content\/uploads\/2025\/03\/485018002_9452090404858713_6922283731961050420_n-min.jpg 682w\" sizes=\"(max-width: 297px) 100vw, 297px\" \/><\/p>\n<p data-start=\"0\" data-end=\"217\">Hoy recibimos a la gran <strong data-start=\"24\" data-end=\"37\">Angie O\u00f1a<\/strong> que el <strong data-start=\"45\" data-end=\"67\">jueves 20 de marzo<\/strong> pr\u00f3ximo estar\u00e1 con la obra <strong data-start=\"95\" data-end=\"109\">Ser Humana<\/strong> y el <strong data-start=\"115\" data-end=\"130\">29 de marzo<\/strong> con la obra <strong data-start=\"143\" data-end=\"154\">Onirika<\/strong> en el <strong data-start=\"161\" data-end=\"192\">Centro Cultural El Artesano<\/strong> con <strong data-start=\"197\" data-end=\"214\">entrada libre<\/strong>.<\/p>\n<p data-start=\"219\" data-end=\"272\">Compartimos las hermosas palabras de <strong data-start=\"256\" data-end=\"269\">Angie O\u00f1a<\/strong>:<\/p>\n<p data-start=\"274\" data-end=\"604\">\u00abSoy feliz cada vez que visito <strong data-start=\"306\" data-end=\"327\">@radio.vilardevoz<\/strong>. Gracias por recibirme con tanto amor! Gracias a <strong data-start=\"377\" data-end=\"385\">Alba<\/strong> y a <strong data-start=\"390\" data-end=\"401\">Cecilia<\/strong> por su hermosa entrevista! Gracias a todas las personas que estuvieron ah\u00ed, presentes, y a todas las personas que participaron con preguntas y hermos\u00edsimos comentarios. <strong data-start=\"571\" data-end=\"599\">Las llevo en mi coraz\u00f3n.<\/strong><\/p>\n<p data-start=\"606\" data-end=\"786\">Gracias por todos los regalitos&#8230; Especialmente gracias a <strong data-start=\"665\" data-end=\"683\">Marcos Almir\u00f3n<\/strong> por haberme regalado tremenda l\u00e1mina, pintada por \u00e9l!, que como ver\u00e1n en las im\u00e1genes ya encuadr\u00e9&#8230;<\/p>\n<p data-start=\"788\" data-end=\"889\">Les invito a seguir a <strong data-start=\"810\" data-end=\"830\">@atelierdelanave<\/strong>. Aguante el <strong data-start=\"843\" data-end=\"882\">Espacio Cultural NAVE DE LES LOQUES<\/strong>!!!\u00bb<\/p>\n<p data-start=\"891\" data-end=\"1029\" data-is-last-node=\"\" data-is-only-node=\"\">Tambi\u00e9n hablamos de <strong data-start=\"911\" data-end=\"937\">democratizar la locura<\/strong> y c\u00f3mo el <strong data-start=\"948\" data-end=\"958\">teatro<\/strong> colabora para ello. <strong data-start=\"979\" data-end=\"1029\" data-is-last-node=\"\">Muchas gracias por el intercambio y el cari\u00f1o.<\/strong><\/p>\n<hr \/>\n<p><span style=\"color: #ff0000;\"><em><strong>Aqu\u00ed abajo la entrevista<\/strong><\/em><\/span> \ud83c\udf99\ufe0f\ud83d\udc47\ud83d\udcfb<span style=\"color: #ff0000;\">:<\/span><\/p>\n<p><iframe src=\"https:\/\/www.ivoox.com\/player_ej_143311581_6_1.html?c1=5b3411\" width=\"100%\" height=\"200\" frameborder=\"0\" scrolling=\"no\" allowfullscreen=\"allowfullscreen\"><\/iframe><\/p>\n<div class=\"pvc_clear\"><\/div>\n<p id=\"pvc_stats_2105\" class=\"pvc_stats all  \" data-element-id=\"2105\" style=\"\"><i class=\"pvc-stats-icon large\" aria-hidden=\"true\"><svg aria-hidden=\"true\" focusable=\"false\" data-prefix=\"far\" data-icon=\"chart-bar\" role=\"img\" xmlns=\"http:\/\/www.w3.org\/2000\/svg\" viewBox=\"0 0 512 512\" class=\"svg-inline--fa fa-chart-bar fa-w-16 fa-2x\"><path fill=\"currentColor\" d=\"M396.8 352h22.4c6.4 0 12.8-6.4 12.8-12.8V108.8c0-6.4-6.4-12.8-12.8-12.8h-22.4c-6.4 0-12.8 6.4-12.8 12.8v230.4c0 6.4 6.4 12.8 12.8 12.8zm-192 0h22.4c6.4 0 12.8-6.4 12.8-12.8V140.8c0-6.4-6.4-12.8-12.8-12.8h-22.4c-6.4 0-12.8 6.4-12.8 12.8v198.4c0 6.4 6.4 12.8 12.8 12.8zm96 0h22.4c6.4 0 12.8-6.4 12.8-12.8V204.8c0-6.4-6.4-12.8-12.8-12.8h-22.4c-6.4 0-12.8 6.4-12.8 12.8v134.4c0 6.4 6.4 12.8 12.8 12.8zM496 400H48V80c0-8.84-7.16-16-16-16H16C7.16 64 0 71.16 0 80v336c0 17.67 14.33 32 32 32h464c8.84 0 16-7.16 16-16v-16c0-8.84-7.16-16-16-16zm-387.2-48h22.4c6.4 0 12.8-6.4 12.8-12.8v-70.4c0-6.4-6.4-12.8-12.8-12.8h-22.4c-6.4 0-12.8 6.4-12.8 12.8v70.4c0 6.4 6.4 12.8 12.8 12.8z\" class=\"\"><\/path><\/svg><\/i> <img decoding=\"async\" width=\"16\" height=\"16\" alt=\"Loading\" src=\"https:\/\/radiovilardevoz.org\/wp-content\/plugins\/page-views-count\/ajax-loader-2x.gif\" border=0 \/><\/p>\n<div class=\"pvc_clear\"><\/div>\n","protected":false},"excerpt":{"rendered":"<p>15 de marzo de 2025 Hoy recibimos a la gran Angie O\u00f1a que el jueves 20 de marzo pr\u00f3ximo estar\u00e1 con la obra Ser Humana y el 29 de marzo&hellip; <\/p>\n<div class=\"pvc_clear\"><\/div>\n<p id=\"pvc_stats_2105\" class=\"pvc_stats all  \" data-element-id=\"2105\" style=\"\"><i class=\"pvc-stats-icon large\" aria-hidden=\"true\"><svg aria-hidden=\"true\" focusable=\"false\" data-prefix=\"far\" data-icon=\"chart-bar\" role=\"img\" xmlns=\"http:\/\/www.w3.org\/2000\/svg\" viewBox=\"0 0 512 512\" class=\"svg-inline--fa fa-chart-bar fa-w-16 fa-2x\"><path fill=\"currentColor\" d=\"M396.8 352h22.4c6.4 0 12.8-6.4 12.8-12.8V108.8c0-6.4-6.4-12.8-12.8-12.8h-22.4c-6.4 0-12.8 6.4-12.8 12.8v230.4c0 6.4 6.4 12.8 12.8 12.8zm-192 0h22.4c6.4 0 12.8-6.4 12.8-12.8V140.8c0-6.4-6.4-12.8-12.8-12.8h-22.4c-6.4 0-12.8 6.4-12.8 12.8v198.4c0 6.4 6.4 12.8 12.8 12.8zm96 0h22.4c6.4 0 12.8-6.4 12.8-12.8V204.8c0-6.4-6.4-12.8-12.8-12.8h-22.4c-6.4 0-12.8 6.4-12.8 12.8v134.4c0 6.4 6.4 12.8 12.8 12.8zM496 400H48V80c0-8.84-7.16-16-16-16H16C7.16 64 0 71.16 0 80v336c0 17.67 14.33 32 32 32h464c8.84 0 16-7.16 16-16v-16c0-8.84-7.16-16-16-16zm-387.2-48h22.4c6.4 0 12.8-6.4 12.8-12.8v-70.4c0-6.4-6.4-12.8-12.8-12.8h-22.4c-6.4 0-12.8 6.4-12.8 12.8v70.4c0 6.4 6.4 12.8 12.8 12.8z\" class=\"\"><\/path><\/svg><\/i> <img decoding=\"async\" width=\"16\" height=\"16\" alt=\"Loading\" src=\"https:\/\/radiovilardevoz.org\/wp-content\/plugins\/page-views-count\/ajax-loader-2x.gif\" border=0 \/><\/p>\n<div class=\"pvc_clear\"><\/div>\n","protected":false},"author":7,"featured_media":2106,"comment_status":"open","ping_status":"open","sticky":false,"template":"","format":"standard","meta":{"footnotes":""},"categories":[7],"tags":[],"class_list":["post-2105","post","type-post","status-publish","format-standard","has-post-thumbnail","hentry","category-noticias-destacadas"],"_links":{"self":[{"href":"https:\/\/radiovilardevoz.org\/index.php?rest_route=\/wp\/v2\/posts\/2105","targetHints":{"allow":["GET"]}}],"collection":[{"href":"https:\/\/radiovilardevoz.org\/index.php?rest_route=\/wp\/v2\/posts"}],"about":[{"href":"https:\/\/radiovilardevoz.org\/index.php?rest_route=\/wp\/v2\/types\/post"}],"author":[{"embeddable":true,"href":"https:\/\/radiovilardevoz.org\/index.php?rest_route=\/wp\/v2\/users\/7"}],"replies":[{"embeddable":true,"href":"https:\/\/radiovilardevoz.org\/index.php?rest_route=%2Fwp%2Fv2%2Fcomments&post=2105"}],"version-history":[{"count":8,"href":"https:\/\/radiovilardevoz.org\/index.php?rest_route=\/wp\/v2\/posts\/2105\/revisions"}],"predecessor-version":[{"id":2116,"href":"https:\/\/radiovilardevoz.org\/index.php?rest_route=\/wp\/v2\/posts\/2105\/revisions\/2116"}],"wp:featuredmedia":[{"embeddable":true,"href":"https:\/\/radiovilardevoz.org\/index.php?rest_route=\/wp\/v2\/media\/2106"}],"wp:attachment":[{"href":"https:\/\/radiovilardevoz.org\/index.php?rest_route=%2Fwp%2Fv2%2Fmedia&parent=2105"}],"wp:term":[{"taxonomy":"category","embeddable":true,"href":"https:\/\/radiovilardevoz.org\/index.php?rest_route=%2Fwp%2Fv2%2Fcategories&post=2105"},{"taxonomy":"post_tag","embeddable":true,"href":"https:\/\/radiovilardevoz.org\/index.php?rest_route=%2Fwp%2Fv2%2Ftags&post=2105"}],"curies":[{"name":"wp","href":"https:\/\/api.w.org\/{rel}","templated":true}]}}