{"id":2141,"date":"2025-03-22T10:06:59","date_gmt":"2025-03-22T13:06:59","guid":{"rendered":"https:\/\/radiovilardevoz.org\/?p=2141"},"modified":"2025-03-22T10:30:53","modified_gmt":"2025-03-22T13:30:53","slug":"italia-vilardevoz-en-congreso","status":"publish","type":"post","link":"https:\/\/radiovilardevoz.org\/?p=2141","title":{"rendered":"Italia, Vilardevoz en Congreso"},"content":{"rendered":"<h5 style=\"text-align: right;\"><span style=\"color: #0000ff;\">22 de marzo de 2025<\/span><\/h5>\n<p class=\"\" data-start=\"144\" data-end=\"592\"><strong data-start=\"144\" data-end=\"237\">En estos d\u00edas se estar\u00e1 celebrando el Congreso <em data-start=\"193\" data-end=\"214\">Cultivar la Belleza<\/em> en Albanova, Italia,<\/strong> y tendremos el placer de estar a trav\u00e9s de la participaci\u00f3n de nuestras compa\u00f1eras <strong data-start=\"321\" data-end=\"339\">Josefina Ongay<\/strong> y <strong data-start=\"342\" data-end=\"360\">Cecilia Baroni<\/strong>.<br data-start=\"361\" data-end=\"364\" data-is-only-node=\"\" \/>Y es que este a\u00f1o, en el marco de la formaci\u00f3n que organiza la <strong data-start=\"427\" data-end=\"470\">Asociaci\u00f3n Acci\u00f3n Colectiva (Argentina)<\/strong> en conjunto con la <strong data-start=\"490\" data-end=\"528\">Red Internazional dell\u2019 Inclusione<\/strong>, les compartimos el programa e iremos publicando novedades.<\/p>\n<p class=\"\" data-start=\"594\" data-end=\"683\">Para ir adelantando, <strong data-start=\"615\" data-end=\"632\">el domingo 23<\/strong> arrancan en <strong data-start=\"645\" data-end=\"653\">Roma<\/strong> siendo parte de <strong data-start=\"670\" data-end=\"682\">Radio 32<\/strong>.<\/p>\n<hr \/>\n<p data-start=\"594\" data-end=\"683\"><span style=\"color: #0000ff;\"><strong>En el siguiente enlace dejamos el modo de acceder a Radio 32:<br \/>\n<\/strong><\/span><\/p>\n<p data-start=\"594\" data-end=\"683\"><a href=\"https:\/\/radio32.net\/\" target=\"_blanck\">https:\/\/radio32.net\/<\/a><\/p>\n<hr \/>\n<p><strong>Tambi\u00e9n les compartimos el afiche de \u00abCultivar la Belleza\u00bb<\/strong><\/p>\n<p data-start=\"594\" data-end=\"683\"><img fetchpriority=\"high\" decoding=\"async\" class=\"alignnone size-medium wp-image-2146 foto cultivar\" src=\"https:\/\/radiovilardevoz.org\/wp-content\/uploads\/2025\/03\/Diseno-sin-titulo-212x300.png\" alt=\"\" width=\"212\" height=\"300\" srcset=\"https:\/\/radiovilardevoz.org\/wp-content\/uploads\/2025\/03\/Diseno-sin-titulo-212x300.png 212w, https:\/\/radiovilardevoz.org\/wp-content\/uploads\/2025\/03\/Diseno-sin-titulo-724x1024.png 724w, https:\/\/radiovilardevoz.org\/wp-content\/uploads\/2025\/03\/Diseno-sin-titulo-768x1086.png 768w, https:\/\/radiovilardevoz.org\/wp-content\/uploads\/2025\/03\/Diseno-sin-titulo-1086x1536.png 1086w, https:\/\/radiovilardevoz.org\/wp-content\/uploads\/2025\/03\/Diseno-sin-titulo-1448x2048.png 1448w\" sizes=\"(max-width: 212px) 100vw, 212px\" \/><\/p>\n<div class=\"pvc_clear\"><\/div>\n<p id=\"pvc_stats_2141\" class=\"pvc_stats all  \" data-element-id=\"2141\" style=\"\"><i class=\"pvc-stats-icon large\" aria-hidden=\"true\"><svg aria-hidden=\"true\" focusable=\"false\" data-prefix=\"far\" data-icon=\"chart-bar\" role=\"img\" xmlns=\"http:\/\/www.w3.org\/2000\/svg\" viewBox=\"0 0 512 512\" class=\"svg-inline--fa fa-chart-bar fa-w-16 fa-2x\"><path fill=\"currentColor\" d=\"M396.8 352h22.4c6.4 0 12.8-6.4 12.8-12.8V108.8c0-6.4-6.4-12.8-12.8-12.8h-22.4c-6.4 0-12.8 6.4-12.8 12.8v230.4c0 6.4 6.4 12.8 12.8 12.8zm-192 0h22.4c6.4 0 12.8-6.4 12.8-12.8V140.8c0-6.4-6.4-12.8-12.8-12.8h-22.4c-6.4 0-12.8 6.4-12.8 12.8v198.4c0 6.4 6.4 12.8 12.8 12.8zm96 0h22.4c6.4 0 12.8-6.4 12.8-12.8V204.8c0-6.4-6.4-12.8-12.8-12.8h-22.4c-6.4 0-12.8 6.4-12.8 12.8v134.4c0 6.4 6.4 12.8 12.8 12.8zM496 400H48V80c0-8.84-7.16-16-16-16H16C7.16 64 0 71.16 0 80v336c0 17.67 14.33 32 32 32h464c8.84 0 16-7.16 16-16v-16c0-8.84-7.16-16-16-16zm-387.2-48h22.4c6.4 0 12.8-6.4 12.8-12.8v-70.4c0-6.4-6.4-12.8-12.8-12.8h-22.4c-6.4 0-12.8 6.4-12.8 12.8v70.4c0 6.4 6.4 12.8 12.8 12.8z\" class=\"\"><\/path><\/svg><\/i> <img decoding=\"async\" width=\"16\" height=\"16\" alt=\"Loading\" src=\"https:\/\/radiovilardevoz.org\/wp-content\/plugins\/page-views-count\/ajax-loader-2x.gif\" border=0 \/><\/p>\n<div class=\"pvc_clear\"><\/div>\n","protected":false},"excerpt":{"rendered":"<p>22 de marzo de 2025 En estos d\u00edas se estar\u00e1 celebrando el Congreso Cultivar la Belleza en Albanova, Italia, y tendremos el placer de estar a trav\u00e9s de la participaci\u00f3n&hellip; <\/p>\n<div class=\"pvc_clear\"><\/div>\n<p id=\"pvc_stats_2141\" class=\"pvc_stats all  \" data-element-id=\"2141\" style=\"\"><i class=\"pvc-stats-icon large\" aria-hidden=\"true\"><svg aria-hidden=\"true\" focusable=\"false\" data-prefix=\"far\" data-icon=\"chart-bar\" role=\"img\" xmlns=\"http:\/\/www.w3.org\/2000\/svg\" viewBox=\"0 0 512 512\" class=\"svg-inline--fa fa-chart-bar fa-w-16 fa-2x\"><path fill=\"currentColor\" d=\"M396.8 352h22.4c6.4 0 12.8-6.4 12.8-12.8V108.8c0-6.4-6.4-12.8-12.8-12.8h-22.4c-6.4 0-12.8 6.4-12.8 12.8v230.4c0 6.4 6.4 12.8 12.8 12.8zm-192 0h22.4c6.4 0 12.8-6.4 12.8-12.8V140.8c0-6.4-6.4-12.8-12.8-12.8h-22.4c-6.4 0-12.8 6.4-12.8 12.8v198.4c0 6.4 6.4 12.8 12.8 12.8zm96 0h22.4c6.4 0 12.8-6.4 12.8-12.8V204.8c0-6.4-6.4-12.8-12.8-12.8h-22.4c-6.4 0-12.8 6.4-12.8 12.8v134.4c0 6.4 6.4 12.8 12.8 12.8zM496 400H48V80c0-8.84-7.16-16-16-16H16C7.16 64 0 71.16 0 80v336c0 17.67 14.33 32 32 32h464c8.84 0 16-7.16 16-16v-16c0-8.84-7.16-16-16-16zm-387.2-48h22.4c6.4 0 12.8-6.4 12.8-12.8v-70.4c0-6.4-6.4-12.8-12.8-12.8h-22.4c-6.4 0-12.8 6.4-12.8 12.8v70.4c0 6.4 6.4 12.8 12.8 12.8z\" class=\"\"><\/path><\/svg><\/i> <img decoding=\"async\" width=\"16\" height=\"16\" alt=\"Loading\" src=\"https:\/\/radiovilardevoz.org\/wp-content\/plugins\/page-views-count\/ajax-loader-2x.gif\" border=0 \/><\/p>\n<div class=\"pvc_clear\"><\/div>\n","protected":false},"author":7,"featured_media":2146,"comment_status":"open","ping_status":"open","sticky":false,"template":"","format":"standard","meta":{"footnotes":""},"categories":[7],"tags":[],"class_list":["post-2141","post","type-post","status-publish","format-standard","has-post-thumbnail","hentry","category-noticias-destacadas"],"_links":{"self":[{"href":"https:\/\/radiovilardevoz.org\/index.php?rest_route=\/wp\/v2\/posts\/2141","targetHints":{"allow":["GET"]}}],"collection":[{"href":"https:\/\/radiovilardevoz.org\/index.php?rest_route=\/wp\/v2\/posts"}],"about":[{"href":"https:\/\/radiovilardevoz.org\/index.php?rest_route=\/wp\/v2\/types\/post"}],"author":[{"embeddable":true,"href":"https:\/\/radiovilardevoz.org\/index.php?rest_route=\/wp\/v2\/users\/7"}],"replies":[{"embeddable":true,"href":"https:\/\/radiovilardevoz.org\/index.php?rest_route=%2Fwp%2Fv2%2Fcomments&post=2141"}],"version-history":[{"count":7,"href":"https:\/\/radiovilardevoz.org\/index.php?rest_route=\/wp\/v2\/posts\/2141\/revisions"}],"predecessor-version":[{"id":2153,"href":"https:\/\/radiovilardevoz.org\/index.php?rest_route=\/wp\/v2\/posts\/2141\/revisions\/2153"}],"wp:featuredmedia":[{"embeddable":true,"href":"https:\/\/radiovilardevoz.org\/index.php?rest_route=\/wp\/v2\/media\/2146"}],"wp:attachment":[{"href":"https:\/\/radiovilardevoz.org\/index.php?rest_route=%2Fwp%2Fv2%2Fmedia&parent=2141"}],"wp:term":[{"taxonomy":"category","embeddable":true,"href":"https:\/\/radiovilardevoz.org\/index.php?rest_route=%2Fwp%2Fv2%2Fcategories&post=2141"},{"taxonomy":"post_tag","embeddable":true,"href":"https:\/\/radiovilardevoz.org\/index.php?rest_route=%2Fwp%2Fv2%2Ftags&post=2141"}],"curies":[{"name":"wp","href":"https:\/\/api.w.org\/{rel}","templated":true}]}}