{"id":2167,"date":"2025-03-26T19:47:58","date_gmt":"2025-03-26T22:47:58","guid":{"rendered":"https:\/\/radiovilardevoz.org\/?p=2167"},"modified":"2025-03-27T06:56:21","modified_gmt":"2025-03-27T09:56:21","slug":"alejandra-volpe-cantante-interprete","status":"publish","type":"post","link":"https:\/\/radiovilardevoz.org\/?p=2167","title":{"rendered":"Alejandra Volpe- Cantante Int\u00e9rprete"},"content":{"rendered":"<h5 style=\"text-align: right;\">22 de marzo de 2025<\/h5>\n<h3><strong>Alejandra Volpe<\/strong><\/h3>\n<p><img fetchpriority=\"high\" decoding=\"async\" class=\"alignnone size-medium wp-image-2169 foto\" src=\"https:\/\/radiovilardevoz.org\/wp-content\/uploads\/2025\/03\/485880853_1095084255980228_754978947775322955_n-min-300x240.jpg\" alt=\"\" width=\"300\" height=\"240\" srcset=\"https:\/\/radiovilardevoz.org\/wp-content\/uploads\/2025\/03\/485880853_1095084255980228_754978947775322955_n-min-300x240.jpg 300w, https:\/\/radiovilardevoz.org\/wp-content\/uploads\/2025\/03\/485880853_1095084255980228_754978947775322955_n-min-600x480.jpg 600w, https:\/\/radiovilardevoz.org\/wp-content\/uploads\/2025\/03\/485880853_1095084255980228_754978947775322955_n-min-1024x819.jpg 1024w, https:\/\/radiovilardevoz.org\/wp-content\/uploads\/2025\/03\/485880853_1095084255980228_754978947775322955_n-min-768x614.jpg 768w, https:\/\/radiovilardevoz.org\/wp-content\/uploads\/2025\/03\/485880853_1095084255980228_754978947775322955_n-min.jpg 1155w\" sizes=\"(max-width: 300px) 100vw, 300px\" \/><\/p>\n<h3 style=\"text-align: center;\"><strong>Entrevista<\/strong><\/h3>\n<div class=\"font-size-12 text-light text-truncate-1 font-weight-light mb-05\" data-v-ea28b512=\"\">\n<p><span style=\"color: #000000;\">Continuando con el\u00a0<strong>Ciclo VilarMujer<\/strong>, recibimos a\u00a0<strong>Alejandra Volpe<\/strong>,\u00a0<strong>cantautora e int\u00e9rprete<\/strong>, que nos visita por primera vez en la\u00a0<strong>FonoPlatea<\/strong>. Les compartimos parte de su\u00a0<strong>extensa carrera<\/strong>\u00a0aqu\u00ed:<\/span><\/p>\n<ul>\n<li><span style=\"color: #000000;\">Ha participado en diversos proyectos musicales y hoy forma parte de\u00a0<strong>\u201cRosal Prisma\u201d y \u201cEl Tr\u00edo\u201d (d\u00fao)<\/strong>.<\/span><\/li>\n<li><span style=\"color: #000000;\">Ha estudiado con docentes como\u00a0<strong>Alicia Pietrafesa, Rita Contino, Liese Lange y Natalia Pe\u00f1a<\/strong>.<\/span><\/li>\n<li><span style=\"color: #000000;\">Particip\u00f3 en talleres y cl\u00ednicas, destac\u00e1ndose los impartidos por\u00a0<strong>Samantha Navarro, Pitufo Lombardo, Mariana Luc\u00eda, Rossana Taddei y S\u00e9verine Parent<\/strong>\u00a0(Coach vocal del\u00a0<strong>Cirque du Soleil<\/strong>).<\/span><\/li>\n<li><span style=\"color: #000000;\">Actualmente estudia en el\u00a0<strong>Conservatorio de M\u00fasica de Canelones<\/strong>\u00a0(segundo a\u00f1o de la C\u00e1tedra de Canto con la docente\u00a0<strong>Lea Amaro<\/strong>).<\/span><\/li>\n<li><span style=\"color: #000000;\">En\u00a0<strong>2015<\/strong>, fue una de los\u00a0<strong>5 m\u00fasicos emergentes seleccionados<\/strong>\u00a0para representar a Canelones en el\u00a0<strong>Encuentro Creativo de Red Sonar<\/strong>\u00a0(Isla de Providencia, Colombia).<\/span><\/li>\n<li><span style=\"color: #000000;\">Ese mismo a\u00f1o, fue seleccionada para una\u00a0<strong>vivencia creativo-cultural<\/strong>\u00a0en\u00a0<strong>San Pablo y R\u00edo de Janeiro<\/strong>\u00a0(Casas Colectivas de Fora do Eixo).<\/span><\/li>\n<li><span style=\"color: #000000;\">En\u00a0<strong>2016<\/strong>, viaj\u00f3 a\u00a0<strong>Caixias do Sul, Brasil<\/strong>, con su proyecto\u00a0<strong>\u201cAgreste\u201d<\/strong>, representando al\u00a0<strong>colectivo Acople<\/strong>.<\/span><\/li>\n<li><span style=\"color: #000000;\">Fue una de las\u00a0<strong>fundadoras del primer colectivo de m\u00fasicos de Pando, \u00abAcople\u00bb<\/strong>, promoviendo la profesionalizaci\u00f3n de m\u00fasicos locales.<\/span><\/li>\n<li><span style=\"color: #000000;\">Participa en organizaciones por los derechos de los m\u00fasicos, como\u00a0<strong>Colectiva Mydmus<\/strong>\u00a0(M\u00fasicas y Disidencias en la M\u00fasica Uruguaya) y la\u00a0<strong>Asociaci\u00f3n Canelonense de M\u00fasicos (ACADEM-FUDEM)<\/strong>.<\/span><\/li>\n<li><span style=\"color: #000000;\">Es\u00a0<strong>diplomada en Gesti\u00f3n de M\u00fasica Comunitaria<\/strong>\u00a0(Facultad\u00a0<strong>CLAEH<\/strong>).<\/span><\/li>\n<\/ul>\n<p><span style=\"color: #000000;\"><strong>\u00a1Les invitamos a seguirla en redes!<\/strong><\/span><br \/>\n\ud83d\udd39<strong>\u00a0<a href=\"https:\/\/www.instagram.com\/alevolpe___\/\" target=\"_blank\" rel=\"noopener noreferrer\">Instagram<\/a><\/strong><br \/>\n\ud83d\udd39<strong>\u00a0<a href=\"https:\/\/www.facebook.com\/MissTinyRocker\" target=\"_blank\" rel=\"noopener noreferrer\">Facebook<\/a><\/strong><\/p>\n<p><span style=\"color: #ff0000;\"><strong>Aqu\u00ed debajo compartimos el audio de la entrevista:<\/strong><\/span><\/p>\n<\/div>\n<p><iframe src=\"https:\/\/www.ivoox.com\/player_ej_143888875_6_1.html?c1=5b3411\" width=\"100%\" height=\"200\" frameborder=\"0\" scrolling=\"no\" allowfullscreen=\"allowfullscreen\"><\/iframe><\/p>\n<div class=\"pvc_clear\"><\/div>\n<p id=\"pvc_stats_2167\" class=\"pvc_stats all  \" data-element-id=\"2167\" style=\"\"><i class=\"pvc-stats-icon large\" aria-hidden=\"true\"><svg aria-hidden=\"true\" focusable=\"false\" data-prefix=\"far\" data-icon=\"chart-bar\" role=\"img\" xmlns=\"http:\/\/www.w3.org\/2000\/svg\" viewBox=\"0 0 512 512\" class=\"svg-inline--fa fa-chart-bar fa-w-16 fa-2x\"><path fill=\"currentColor\" d=\"M396.8 352h22.4c6.4 0 12.8-6.4 12.8-12.8V108.8c0-6.4-6.4-12.8-12.8-12.8h-22.4c-6.4 0-12.8 6.4-12.8 12.8v230.4c0 6.4 6.4 12.8 12.8 12.8zm-192 0h22.4c6.4 0 12.8-6.4 12.8-12.8V140.8c0-6.4-6.4-12.8-12.8-12.8h-22.4c-6.4 0-12.8 6.4-12.8 12.8v198.4c0 6.4 6.4 12.8 12.8 12.8zm96 0h22.4c6.4 0 12.8-6.4 12.8-12.8V204.8c0-6.4-6.4-12.8-12.8-12.8h-22.4c-6.4 0-12.8 6.4-12.8 12.8v134.4c0 6.4 6.4 12.8 12.8 12.8zM496 400H48V80c0-8.84-7.16-16-16-16H16C7.16 64 0 71.16 0 80v336c0 17.67 14.33 32 32 32h464c8.84 0 16-7.16 16-16v-16c0-8.84-7.16-16-16-16zm-387.2-48h22.4c6.4 0 12.8-6.4 12.8-12.8v-70.4c0-6.4-6.4-12.8-12.8-12.8h-22.4c-6.4 0-12.8 6.4-12.8 12.8v70.4c0 6.4 6.4 12.8 12.8 12.8z\" class=\"\"><\/path><\/svg><\/i> <img decoding=\"async\" width=\"16\" height=\"16\" alt=\"Loading\" src=\"https:\/\/radiovilardevoz.org\/wp-content\/plugins\/page-views-count\/ajax-loader-2x.gif\" border=0 \/><\/p>\n<div class=\"pvc_clear\"><\/div>\n","protected":false},"excerpt":{"rendered":"<p>22 de marzo de 2025 Alejandra Volpe Entrevista Continuando con el\u00a0Ciclo VilarMujer, recibimos a\u00a0Alejandra Volpe,\u00a0cantautora e int\u00e9rprete, que nos visita por primera vez en la\u00a0FonoPlatea. Les compartimos parte de su\u00a0extensa&hellip; <\/p>\n<div class=\"pvc_clear\"><\/div>\n<p id=\"pvc_stats_2167\" class=\"pvc_stats all  \" data-element-id=\"2167\" style=\"\"><i class=\"pvc-stats-icon large\" aria-hidden=\"true\"><svg aria-hidden=\"true\" focusable=\"false\" data-prefix=\"far\" data-icon=\"chart-bar\" role=\"img\" xmlns=\"http:\/\/www.w3.org\/2000\/svg\" viewBox=\"0 0 512 512\" class=\"svg-inline--fa fa-chart-bar fa-w-16 fa-2x\"><path fill=\"currentColor\" d=\"M396.8 352h22.4c6.4 0 12.8-6.4 12.8-12.8V108.8c0-6.4-6.4-12.8-12.8-12.8h-22.4c-6.4 0-12.8 6.4-12.8 12.8v230.4c0 6.4 6.4 12.8 12.8 12.8zm-192 0h22.4c6.4 0 12.8-6.4 12.8-12.8V140.8c0-6.4-6.4-12.8-12.8-12.8h-22.4c-6.4 0-12.8 6.4-12.8 12.8v198.4c0 6.4 6.4 12.8 12.8 12.8zm96 0h22.4c6.4 0 12.8-6.4 12.8-12.8V204.8c0-6.4-6.4-12.8-12.8-12.8h-22.4c-6.4 0-12.8 6.4-12.8 12.8v134.4c0 6.4 6.4 12.8 12.8 12.8zM496 400H48V80c0-8.84-7.16-16-16-16H16C7.16 64 0 71.16 0 80v336c0 17.67 14.33 32 32 32h464c8.84 0 16-7.16 16-16v-16c0-8.84-7.16-16-16-16zm-387.2-48h22.4c6.4 0 12.8-6.4 12.8-12.8v-70.4c0-6.4-6.4-12.8-12.8-12.8h-22.4c-6.4 0-12.8 6.4-12.8 12.8v70.4c0 6.4 6.4 12.8 12.8 12.8z\" class=\"\"><\/path><\/svg><\/i> <img decoding=\"async\" width=\"16\" height=\"16\" alt=\"Loading\" src=\"https:\/\/radiovilardevoz.org\/wp-content\/plugins\/page-views-count\/ajax-loader-2x.gif\" border=0 \/><\/p>\n<div class=\"pvc_clear\"><\/div>\n","protected":false},"author":7,"featured_media":2168,"comment_status":"open","ping_status":"open","sticky":false,"template":"","format":"standard","meta":{"footnotes":""},"categories":[7],"tags":[],"class_list":["post-2167","post","type-post","status-publish","format-standard","has-post-thumbnail","hentry","category-noticias-destacadas"],"_links":{"self":[{"href":"https:\/\/radiovilardevoz.org\/index.php?rest_route=\/wp\/v2\/posts\/2167","targetHints":{"allow":["GET"]}}],"collection":[{"href":"https:\/\/radiovilardevoz.org\/index.php?rest_route=\/wp\/v2\/posts"}],"about":[{"href":"https:\/\/radiovilardevoz.org\/index.php?rest_route=\/wp\/v2\/types\/post"}],"author":[{"embeddable":true,"href":"https:\/\/radiovilardevoz.org\/index.php?rest_route=\/wp\/v2\/users\/7"}],"replies":[{"embeddable":true,"href":"https:\/\/radiovilardevoz.org\/index.php?rest_route=%2Fwp%2Fv2%2Fcomments&post=2167"}],"version-history":[{"count":5,"href":"https:\/\/radiovilardevoz.org\/index.php?rest_route=\/wp\/v2\/posts\/2167\/revisions"}],"predecessor-version":[{"id":2175,"href":"https:\/\/radiovilardevoz.org\/index.php?rest_route=\/wp\/v2\/posts\/2167\/revisions\/2175"}],"wp:featuredmedia":[{"embeddable":true,"href":"https:\/\/radiovilardevoz.org\/index.php?rest_route=\/wp\/v2\/media\/2168"}],"wp:attachment":[{"href":"https:\/\/radiovilardevoz.org\/index.php?rest_route=%2Fwp%2Fv2%2Fmedia&parent=2167"}],"wp:term":[{"taxonomy":"category","embeddable":true,"href":"https:\/\/radiovilardevoz.org\/index.php?rest_route=%2Fwp%2Fv2%2Fcategories&post=2167"},{"taxonomy":"post_tag","embeddable":true,"href":"https:\/\/radiovilardevoz.org\/index.php?rest_route=%2Fwp%2Fv2%2Ftags&post=2167"}],"curies":[{"name":"wp","href":"https:\/\/api.w.org\/{rel}","templated":true}]}}