{"id":2179,"date":"2025-04-06T20:25:23","date_gmt":"2025-04-06T23:25:23","guid":{"rendered":"https:\/\/radiovilardevoz.org\/?p=2179"},"modified":"2025-05-10T17:43:20","modified_gmt":"2025-05-10T20:43:20","slug":"maine-hermo-y-los-de-al-lado","status":"publish","type":"post","link":"https:\/\/radiovilardevoz.org\/?p=2179","title":{"rendered":"Maine Hermo y Los de al Lado"},"content":{"rendered":"<h5 style=\"text-align: right;\"><strong>29 de marzo de 2025<\/strong><\/h5>\n<p><img fetchpriority=\"high\" decoding=\"async\" class=\"alignnone size-medium wp-image-2181 foto2\" src=\"https:\/\/radiovilardevoz.org\/wp-content\/uploads\/2025\/04\/487521339_1101615258660461_7051374521947613960_n-min-300x225.jpg\" alt=\"\" width=\"300\" height=\"225\" srcset=\"https:\/\/radiovilardevoz.org\/wp-content\/uploads\/2025\/04\/487521339_1101615258660461_7051374521947613960_n-min-300x225.jpg 300w, https:\/\/radiovilardevoz.org\/wp-content\/uploads\/2025\/04\/487521339_1101615258660461_7051374521947613960_n-min-600x450.jpg 600w, https:\/\/radiovilardevoz.org\/wp-content\/uploads\/2025\/04\/487521339_1101615258660461_7051374521947613960_n-min-1024x768.jpg 1024w, https:\/\/radiovilardevoz.org\/wp-content\/uploads\/2025\/04\/487521339_1101615258660461_7051374521947613960_n-min-768x576.jpg 768w, https:\/\/radiovilardevoz.org\/wp-content\/uploads\/2025\/04\/487521339_1101615258660461_7051374521947613960_n-min.jpg 1280w\" sizes=\"(max-width: 300px) 100vw, 300px\" \/><\/p>\n<h5><strong>Entrevista<\/strong><\/h5>\n<p align=\"LEFT\"><span style=\"color: #000000;\"><span style=\"font-size: large;\"><span style=\"font-family: Roboto, Helvetica Neue, Arial, Noto Sans, sans-serif, Apple Color Emoji, Segoe UI Emoji, Segoe UI Symbol, Noto Color Emoji;\">Hermosa Ma\u00f1ana con la visita de los amigos Maine Hermo y Los de al Lado en el cierre del Laberinto Musical de Marzo. Nos contaron detalles de su pr\u00f3xima presentaci\u00f3n el S\u00e1bado 05 de Abril en el Centro Cultural Goes. Nos compartieron an\u00e9cdotas y emociones del barrio como vecinos del Hospital Vilardeb\u00f3&#8230;&#8230; Maine y Los de al Lado es un proyecto que une dos propuestas musicales conectadas por el lazo de la amistad y de la m\u00fasica. El espect\u00e1culo tiene como hilo conductor la canci\u00f3n popular, urbana, de barrio, con algunos elementos propios del folclore latinoamericano. Habr\u00e1 m\u00fasicas de cada proyecto as\u00ed como un bloque de composiciones conjuntas. Maine Hermo, ha editado recientemente su segundo disco (Del alquitr\u00e1n, 2023) y es compositora de canciones intimistas. Los de al Lado es un proyecto que surgi\u00f3 recientemente (2022) y que tiene como integrantes a Danilo Santini y Pablo Dotta. Las m\u00fasicas del d\u00fao, se orientan en la b\u00fasqueda de ciertos elementos t\u00edmbricos y arreglos vocales, propiciando una atm\u00f3sfera con aires de canci\u00f3n montevideana.\u00a0<\/span><\/span><\/span><\/p>\n<p><iframe src=\"https:\/\/www.ivoox.com\/player_ej_144432347_6_1.html?c1=5b3411\" width=\"100%\" height=\"200\" frameborder=\"0\" scrolling=\"no\" allowfullscreen=\"allowfullscreen\"><\/iframe><\/p>\n<div class=\"pvc_clear\"><\/div>\n<p id=\"pvc_stats_2179\" class=\"pvc_stats all  \" data-element-id=\"2179\" style=\"\"><i class=\"pvc-stats-icon large\" aria-hidden=\"true\"><svg aria-hidden=\"true\" focusable=\"false\" data-prefix=\"far\" data-icon=\"chart-bar\" role=\"img\" xmlns=\"http:\/\/www.w3.org\/2000\/svg\" viewBox=\"0 0 512 512\" class=\"svg-inline--fa fa-chart-bar fa-w-16 fa-2x\"><path fill=\"currentColor\" d=\"M396.8 352h22.4c6.4 0 12.8-6.4 12.8-12.8V108.8c0-6.4-6.4-12.8-12.8-12.8h-22.4c-6.4 0-12.8 6.4-12.8 12.8v230.4c0 6.4 6.4 12.8 12.8 12.8zm-192 0h22.4c6.4 0 12.8-6.4 12.8-12.8V140.8c0-6.4-6.4-12.8-12.8-12.8h-22.4c-6.4 0-12.8 6.4-12.8 12.8v198.4c0 6.4 6.4 12.8 12.8 12.8zm96 0h22.4c6.4 0 12.8-6.4 12.8-12.8V204.8c0-6.4-6.4-12.8-12.8-12.8h-22.4c-6.4 0-12.8 6.4-12.8 12.8v134.4c0 6.4 6.4 12.8 12.8 12.8zM496 400H48V80c0-8.84-7.16-16-16-16H16C7.16 64 0 71.16 0 80v336c0 17.67 14.33 32 32 32h464c8.84 0 16-7.16 16-16v-16c0-8.84-7.16-16-16-16zm-387.2-48h22.4c6.4 0 12.8-6.4 12.8-12.8v-70.4c0-6.4-6.4-12.8-12.8-12.8h-22.4c-6.4 0-12.8 6.4-12.8 12.8v70.4c0 6.4 6.4 12.8 12.8 12.8z\" class=\"\"><\/path><\/svg><\/i> <img decoding=\"async\" width=\"16\" height=\"16\" alt=\"Loading\" src=\"https:\/\/radiovilardevoz.org\/wp-content\/plugins\/page-views-count\/ajax-loader-2x.gif\" border=0 \/><\/p>\n<div class=\"pvc_clear\"><\/div>\n","protected":false},"excerpt":{"rendered":"<p>29 de marzo de 2025 Entrevista Hermosa Ma\u00f1ana con la visita de los amigos Maine Hermo y Los de al Lado en el cierre del Laberinto Musical de Marzo. Nos&hellip; <\/p>\n<div class=\"pvc_clear\"><\/div>\n<p id=\"pvc_stats_2179\" class=\"pvc_stats all  \" data-element-id=\"2179\" style=\"\"><i class=\"pvc-stats-icon large\" aria-hidden=\"true\"><svg aria-hidden=\"true\" focusable=\"false\" data-prefix=\"far\" data-icon=\"chart-bar\" role=\"img\" xmlns=\"http:\/\/www.w3.org\/2000\/svg\" viewBox=\"0 0 512 512\" class=\"svg-inline--fa fa-chart-bar fa-w-16 fa-2x\"><path fill=\"currentColor\" d=\"M396.8 352h22.4c6.4 0 12.8-6.4 12.8-12.8V108.8c0-6.4-6.4-12.8-12.8-12.8h-22.4c-6.4 0-12.8 6.4-12.8 12.8v230.4c0 6.4 6.4 12.8 12.8 12.8zm-192 0h22.4c6.4 0 12.8-6.4 12.8-12.8V140.8c0-6.4-6.4-12.8-12.8-12.8h-22.4c-6.4 0-12.8 6.4-12.8 12.8v198.4c0 6.4 6.4 12.8 12.8 12.8zm96 0h22.4c6.4 0 12.8-6.4 12.8-12.8V204.8c0-6.4-6.4-12.8-12.8-12.8h-22.4c-6.4 0-12.8 6.4-12.8 12.8v134.4c0 6.4 6.4 12.8 12.8 12.8zM496 400H48V80c0-8.84-7.16-16-16-16H16C7.16 64 0 71.16 0 80v336c0 17.67 14.33 32 32 32h464c8.84 0 16-7.16 16-16v-16c0-8.84-7.16-16-16-16zm-387.2-48h22.4c6.4 0 12.8-6.4 12.8-12.8v-70.4c0-6.4-6.4-12.8-12.8-12.8h-22.4c-6.4 0-12.8 6.4-12.8 12.8v70.4c0 6.4 6.4 12.8 12.8 12.8z\" class=\"\"><\/path><\/svg><\/i> <img decoding=\"async\" width=\"16\" height=\"16\" alt=\"Loading\" src=\"https:\/\/radiovilardevoz.org\/wp-content\/plugins\/page-views-count\/ajax-loader-2x.gif\" border=0 \/><\/p>\n<div class=\"pvc_clear\"><\/div>\n","protected":false},"author":7,"featured_media":2184,"comment_status":"open","ping_status":"open","sticky":false,"template":"","format":"standard","meta":{"footnotes":""},"categories":[7],"tags":[],"class_list":["post-2179","post","type-post","status-publish","format-standard","has-post-thumbnail","hentry","category-noticias-destacadas"],"_links":{"self":[{"href":"https:\/\/radiovilardevoz.org\/index.php?rest_route=\/wp\/v2\/posts\/2179","targetHints":{"allow":["GET"]}}],"collection":[{"href":"https:\/\/radiovilardevoz.org\/index.php?rest_route=\/wp\/v2\/posts"}],"about":[{"href":"https:\/\/radiovilardevoz.org\/index.php?rest_route=\/wp\/v2\/types\/post"}],"author":[{"embeddable":true,"href":"https:\/\/radiovilardevoz.org\/index.php?rest_route=\/wp\/v2\/users\/7"}],"replies":[{"embeddable":true,"href":"https:\/\/radiovilardevoz.org\/index.php?rest_route=%2Fwp%2Fv2%2Fcomments&post=2179"}],"version-history":[{"count":4,"href":"https:\/\/radiovilardevoz.org\/index.php?rest_route=\/wp\/v2\/posts\/2179\/revisions"}],"predecessor-version":[{"id":2325,"href":"https:\/\/radiovilardevoz.org\/index.php?rest_route=\/wp\/v2\/posts\/2179\/revisions\/2325"}],"wp:featuredmedia":[{"embeddable":true,"href":"https:\/\/radiovilardevoz.org\/index.php?rest_route=\/wp\/v2\/media\/2184"}],"wp:attachment":[{"href":"https:\/\/radiovilardevoz.org\/index.php?rest_route=%2Fwp%2Fv2%2Fmedia&parent=2179"}],"wp:term":[{"taxonomy":"category","embeddable":true,"href":"https:\/\/radiovilardevoz.org\/index.php?rest_route=%2Fwp%2Fv2%2Fcategories&post=2179"},{"taxonomy":"post_tag","embeddable":true,"href":"https:\/\/radiovilardevoz.org\/index.php?rest_route=%2Fwp%2Fv2%2Ftags&post=2179"}],"curies":[{"name":"wp","href":"https:\/\/api.w.org\/{rel}","templated":true}]}}