{"id":2348,"date":"2025-05-12T23:37:38","date_gmt":"2025-05-13T02:37:38","guid":{"rendered":"https:\/\/radiovilardevoz.org\/?p=2348"},"modified":"2025-08-20T17:06:13","modified_gmt":"2025-08-20T20:06:13","slug":"video-del-congreso-cultivar-la-belleza-en-albanova-italia","status":"publish","type":"post","link":"https:\/\/radiovilardevoz.org\/?p=2348","title":{"rendered":"Video previo al Congreso Cultivar la Belleza en Albanova, Italia"},"content":{"rendered":"<h5 style=\"text-align: right;\">25 de marzo de 2025<\/h5>\n<h4 style=\"text-align: center;\"><strong>Participa de Radio Vilardevoz Cecilia Baroni<\/strong><\/h4>\n<p>(Traducci\u00f3n del italiano al espa\u00f1ol):<\/p>\n<p>\u00abEn este episodio especial entrevistamos a dos aliados de nuestra \u2018empresa de comunicaci\u00f3n\u2019. A la librer\u00eda &#8216;I fiori Blu&#8217; vinieron a visitarnos dos organizaciones que comparten principios y m\u00e9todos de comunicaci\u00f3n: Celeste Romero de la Asociaci\u00f3n civil Acci\u00f3n Colectiva Onlus de la Ciudad Aut\u00f3noma de Buenos Aires (Argentina) y Cecilia Baroni de Radio Vilardevoz y casa Autogestionada &#8216;La nave de les loques&#8217; (Montevideo &#8211; Uruguay).<\/p>\n<p>Hablamos con ellos sobre c\u00f3mo \u201ccultivar la belleza\u201d en vista del congreso del 28 y 29 de marzo en Aversa.<br \/>\nSaber m\u00e1s: https:\/\/radio32.net\/coltivare-la-bell&#8230;<\/p>\n<p>El Podcast de Fresa es un espacio de discusi\u00f3n, intercambio y escucha para pensar el mundo y todo aquello que es incompatible con el orden social y la llamada normalidad.<br \/>\nPorque la normalidad, cuando no se cuestiona, puede da\u00f1ar seriamente la salud.<br \/>\nY as\u00ed hay lugar para la diversidad, para lo incongruente, para el error, para la locura. Porque s\u00f3lo de aqu\u00ed, en realidad, puede surgir la riqueza, la belleza, la creatividad y la sensatez.<br \/>\nEl Strawberry Podcast es una peque\u00f1a, loca, inc\u00f3moda aventura de comunicaci\u00f3n, nacida para cultivar pasiones, personas, ecosistemas que siguen caminando por el camino trazado por Franco Basaglia, por Franco Rotelli. \u00a1Disfruta escuch\u00e1ndolo!<\/p>\n<p>Puedes seguir el Podcast delle Fragole directamente en Spotify o en las frecuencias de Radio Fragola\u00bb<\/p>\n<h4 style=\"text-align: center;\"><strong>A continuaci\u00f3n compartimos el video de esa actividad<\/strong><\/h4>\n<p><iframe class=\"video\" title=\"YouTube video player\" src=\"https:\/\/www.youtube.com\/embed\/nim-it3lbFM?si=n5xEYhPjba7ebhId\" width=\"560\" height=\"315\" frameborder=\"0\" allowfullscreen=\"allowfullscreen\"><\/iframe><\/p>\n<div class=\"pvc_clear\"><\/div>\n<p id=\"pvc_stats_2348\" class=\"pvc_stats all  \" data-element-id=\"2348\" style=\"\"><i class=\"pvc-stats-icon large\" aria-hidden=\"true\"><svg aria-hidden=\"true\" focusable=\"false\" data-prefix=\"far\" data-icon=\"chart-bar\" role=\"img\" xmlns=\"http:\/\/www.w3.org\/2000\/svg\" viewBox=\"0 0 512 512\" class=\"svg-inline--fa fa-chart-bar fa-w-16 fa-2x\"><path fill=\"currentColor\" d=\"M396.8 352h22.4c6.4 0 12.8-6.4 12.8-12.8V108.8c0-6.4-6.4-12.8-12.8-12.8h-22.4c-6.4 0-12.8 6.4-12.8 12.8v230.4c0 6.4 6.4 12.8 12.8 12.8zm-192 0h22.4c6.4 0 12.8-6.4 12.8-12.8V140.8c0-6.4-6.4-12.8-12.8-12.8h-22.4c-6.4 0-12.8 6.4-12.8 12.8v198.4c0 6.4 6.4 12.8 12.8 12.8zm96 0h22.4c6.4 0 12.8-6.4 12.8-12.8V204.8c0-6.4-6.4-12.8-12.8-12.8h-22.4c-6.4 0-12.8 6.4-12.8 12.8v134.4c0 6.4 6.4 12.8 12.8 12.8zM496 400H48V80c0-8.84-7.16-16-16-16H16C7.16 64 0 71.16 0 80v336c0 17.67 14.33 32 32 32h464c8.84 0 16-7.16 16-16v-16c0-8.84-7.16-16-16-16zm-387.2-48h22.4c6.4 0 12.8-6.4 12.8-12.8v-70.4c0-6.4-6.4-12.8-12.8-12.8h-22.4c-6.4 0-12.8 6.4-12.8 12.8v70.4c0 6.4 6.4 12.8 12.8 12.8z\" class=\"\"><\/path><\/svg><\/i> <img decoding=\"async\" width=\"16\" height=\"16\" alt=\"Loading\" src=\"https:\/\/radiovilardevoz.org\/wp-content\/plugins\/page-views-count\/ajax-loader-2x.gif\" border=0 \/><\/p>\n<div class=\"pvc_clear\"><\/div>\n","protected":false},"excerpt":{"rendered":"<p>25 de marzo de 2025 Participa de Radio Vilardevoz Cecilia Baroni (Traducci\u00f3n del italiano al espa\u00f1ol): \u00abEn este episodio especial entrevistamos a dos aliados de nuestra \u2018empresa de comunicaci\u00f3n\u2019. A&hellip; <\/p>\n<div class=\"pvc_clear\"><\/div>\n<p id=\"pvc_stats_2348\" class=\"pvc_stats all  \" data-element-id=\"2348\" style=\"\"><i class=\"pvc-stats-icon large\" aria-hidden=\"true\"><svg aria-hidden=\"true\" focusable=\"false\" data-prefix=\"far\" data-icon=\"chart-bar\" role=\"img\" xmlns=\"http:\/\/www.w3.org\/2000\/svg\" viewBox=\"0 0 512 512\" class=\"svg-inline--fa fa-chart-bar fa-w-16 fa-2x\"><path fill=\"currentColor\" d=\"M396.8 352h22.4c6.4 0 12.8-6.4 12.8-12.8V108.8c0-6.4-6.4-12.8-12.8-12.8h-22.4c-6.4 0-12.8 6.4-12.8 12.8v230.4c0 6.4 6.4 12.8 12.8 12.8zm-192 0h22.4c6.4 0 12.8-6.4 12.8-12.8V140.8c0-6.4-6.4-12.8-12.8-12.8h-22.4c-6.4 0-12.8 6.4-12.8 12.8v198.4c0 6.4 6.4 12.8 12.8 12.8zm96 0h22.4c6.4 0 12.8-6.4 12.8-12.8V204.8c0-6.4-6.4-12.8-12.8-12.8h-22.4c-6.4 0-12.8 6.4-12.8 12.8v134.4c0 6.4 6.4 12.8 12.8 12.8zM496 400H48V80c0-8.84-7.16-16-16-16H16C7.16 64 0 71.16 0 80v336c0 17.67 14.33 32 32 32h464c8.84 0 16-7.16 16-16v-16c0-8.84-7.16-16-16-16zm-387.2-48h22.4c6.4 0 12.8-6.4 12.8-12.8v-70.4c0-6.4-6.4-12.8-12.8-12.8h-22.4c-6.4 0-12.8 6.4-12.8 12.8v70.4c0 6.4 6.4 12.8 12.8 12.8z\" class=\"\"><\/path><\/svg><\/i> <img decoding=\"async\" width=\"16\" height=\"16\" alt=\"Loading\" src=\"https:\/\/radiovilardevoz.org\/wp-content\/plugins\/page-views-count\/ajax-loader-2x.gif\" border=0 \/><\/p>\n<div class=\"pvc_clear\"><\/div>\n","protected":false},"author":7,"featured_media":2353,"comment_status":"open","ping_status":"open","sticky":false,"template":"","format":"standard","meta":{"footnotes":""},"categories":[25,13,7],"tags":[],"class_list":["post-2348","post","type-post","status-publish","format-standard","has-post-thumbnail","hentry","category-audiovisuales","category-ddhh-y-salud-mental","category-noticias-destacadas"],"_links":{"self":[{"href":"https:\/\/radiovilardevoz.org\/index.php?rest_route=\/wp\/v2\/posts\/2348","targetHints":{"allow":["GET"]}}],"collection":[{"href":"https:\/\/radiovilardevoz.org\/index.php?rest_route=\/wp\/v2\/posts"}],"about":[{"href":"https:\/\/radiovilardevoz.org\/index.php?rest_route=\/wp\/v2\/types\/post"}],"author":[{"embeddable":true,"href":"https:\/\/radiovilardevoz.org\/index.php?rest_route=\/wp\/v2\/users\/7"}],"replies":[{"embeddable":true,"href":"https:\/\/radiovilardevoz.org\/index.php?rest_route=%2Fwp%2Fv2%2Fcomments&post=2348"}],"version-history":[{"count":5,"href":"https:\/\/radiovilardevoz.org\/index.php?rest_route=\/wp\/v2\/posts\/2348\/revisions"}],"predecessor-version":[{"id":2354,"href":"https:\/\/radiovilardevoz.org\/index.php?rest_route=\/wp\/v2\/posts\/2348\/revisions\/2354"}],"wp:featuredmedia":[{"embeddable":true,"href":"https:\/\/radiovilardevoz.org\/index.php?rest_route=\/wp\/v2\/media\/2353"}],"wp:attachment":[{"href":"https:\/\/radiovilardevoz.org\/index.php?rest_route=%2Fwp%2Fv2%2Fmedia&parent=2348"}],"wp:term":[{"taxonomy":"category","embeddable":true,"href":"https:\/\/radiovilardevoz.org\/index.php?rest_route=%2Fwp%2Fv2%2Fcategories&post=2348"},{"taxonomy":"post_tag","embeddable":true,"href":"https:\/\/radiovilardevoz.org\/index.php?rest_route=%2Fwp%2Fv2%2Ftags&post=2348"}],"curies":[{"name":"wp","href":"https:\/\/api.w.org\/{rel}","templated":true}]}}