{"id":2696,"date":"2025-06-19T12:43:53","date_gmt":"2025-06-19T15:43:53","guid":{"rendered":"https:\/\/radiovilardevoz.org\/?p=2696"},"modified":"2025-06-19T12:47:26","modified_gmt":"2025-06-19T15:47:26","slug":"paren-de-matarnos-marcha","status":"publish","type":"post","link":"https:\/\/radiovilardevoz.org\/?p=2696","title":{"rendered":"\u00a1\u00a1\u00a1PAREN DE MATARNOS!!! (MARCHA)"},"content":{"rendered":"<h5 style=\"text-align: right;\">11 de junio de 2025<\/h5>\n<p><strong>Concentraci\u00f3n del mi\u00e9rcoles 11\/6 17:30 hs en la Plaza Cagancha y <\/strong><strong>marcha hacia el Ministerio del Interior.<\/strong><\/p>\n<p><strong>Lee a continuaci\u00f2n la<\/strong> <strong><a href=\"https:\/\/radiovilardevoz.org\/wp-content\/uploads\/2025\/06\/Nota-Vilardevoz-Marcha-Miercoles-11-06.pdf\" target=\"_blanck\">Nota Vilardevoz (Marcha Miercoles 11-06)<\/a><\/strong><\/p>\n<p><strong>Debajo video de la marcha con lectura de la Proclama:<\/strong><\/p>\n<div style=\"width: 640px;\" class=\"wp-video\"><video class=\"short\" id=\"video-2696-1\" width=\"640\" height=\"360\" preload=\"metadata\" controls=\"controls\"><source type=\"video\/mp4\" src=\"https:\/\/radiovilardevoz.org\/wp-content\/uploads\/2025\/06\/Video-by-_furia.uy_.mp4?_=1\" \/><a href=\"https:\/\/radiovilardevoz.org\/wp-content\/uploads\/2025\/06\/Video-by-_furia.uy_.mp4\">https:\/\/radiovilardevoz.org\/wp-content\/uploads\/2025\/06\/Video-by-_furia.uy_.mp4<\/a><\/video><\/div>\n<p>\ud83d\udce3 En la tarde noche de hoy se realiz\u00f3 una concentraci\u00f3n en la Plaza Cagancha, con posterior movilizaci\u00f3n hacia el Ministerio del Interior, bajo la consigna \u00abNo somos peligrosos, estamos en peligro\u00bb.<\/p>\n<p>\ud83d\udd25Con c\u00e1nticos, micr\u00f3fono abierto, pancartas y carteles, la marcha narr\u00f3 por las calles la memoria y la exigencia de justicia por \u00abLucas, Franco, y todos les que faltan\u00bb \u2014haciendo referencia a quienes han sido asesinados por efectivos policiales en medio de una crisis, en contextos manicomializantes, o en situaci\u00f3n de calle\u2014.<\/p>\n<p>\ud83d\udcf2 Difund\u00ed, compart\u00ed, solidarizate.<\/p>\n<p>&nbsp;<\/p>\n<div class=\"pvc_clear\"><\/div>\n<p id=\"pvc_stats_2696\" class=\"pvc_stats all  \" data-element-id=\"2696\" style=\"\"><i class=\"pvc-stats-icon large\" aria-hidden=\"true\"><svg aria-hidden=\"true\" focusable=\"false\" data-prefix=\"far\" data-icon=\"chart-bar\" role=\"img\" xmlns=\"http:\/\/www.w3.org\/2000\/svg\" viewBox=\"0 0 512 512\" class=\"svg-inline--fa fa-chart-bar fa-w-16 fa-2x\"><path fill=\"currentColor\" d=\"M396.8 352h22.4c6.4 0 12.8-6.4 12.8-12.8V108.8c0-6.4-6.4-12.8-12.8-12.8h-22.4c-6.4 0-12.8 6.4-12.8 12.8v230.4c0 6.4 6.4 12.8 12.8 12.8zm-192 0h22.4c6.4 0 12.8-6.4 12.8-12.8V140.8c0-6.4-6.4-12.8-12.8-12.8h-22.4c-6.4 0-12.8 6.4-12.8 12.8v198.4c0 6.4 6.4 12.8 12.8 12.8zm96 0h22.4c6.4 0 12.8-6.4 12.8-12.8V204.8c0-6.4-6.4-12.8-12.8-12.8h-22.4c-6.4 0-12.8 6.4-12.8 12.8v134.4c0 6.4 6.4 12.8 12.8 12.8zM496 400H48V80c0-8.84-7.16-16-16-16H16C7.16 64 0 71.16 0 80v336c0 17.67 14.33 32 32 32h464c8.84 0 16-7.16 16-16v-16c0-8.84-7.16-16-16-16zm-387.2-48h22.4c6.4 0 12.8-6.4 12.8-12.8v-70.4c0-6.4-6.4-12.8-12.8-12.8h-22.4c-6.4 0-12.8 6.4-12.8 12.8v70.4c0 6.4 6.4 12.8 12.8 12.8z\" class=\"\"><\/path><\/svg><\/i> <img decoding=\"async\" width=\"16\" height=\"16\" alt=\"Loading\" src=\"https:\/\/radiovilardevoz.org\/wp-content\/plugins\/page-views-count\/ajax-loader-2x.gif\" border=0 \/><\/p>\n<div class=\"pvc_clear\"><\/div>\n","protected":false},"excerpt":{"rendered":"<p>11 de junio de 2025 Concentraci\u00f3n del mi\u00e9rcoles 11\/6 17:30 hs en la Plaza Cagancha y marcha hacia el Ministerio del Interior. Lee a continuaci\u00f2n la Nota Vilardevoz (Marcha Miercoles&hellip; <\/p>\n<div class=\"pvc_clear\"><\/div>\n<p id=\"pvc_stats_2696\" class=\"pvc_stats all  \" data-element-id=\"2696\" style=\"\"><i class=\"pvc-stats-icon large\" aria-hidden=\"true\"><svg aria-hidden=\"true\" focusable=\"false\" data-prefix=\"far\" data-icon=\"chart-bar\" role=\"img\" xmlns=\"http:\/\/www.w3.org\/2000\/svg\" viewBox=\"0 0 512 512\" class=\"svg-inline--fa fa-chart-bar fa-w-16 fa-2x\"><path fill=\"currentColor\" d=\"M396.8 352h22.4c6.4 0 12.8-6.4 12.8-12.8V108.8c0-6.4-6.4-12.8-12.8-12.8h-22.4c-6.4 0-12.8 6.4-12.8 12.8v230.4c0 6.4 6.4 12.8 12.8 12.8zm-192 0h22.4c6.4 0 12.8-6.4 12.8-12.8V140.8c0-6.4-6.4-12.8-12.8-12.8h-22.4c-6.4 0-12.8 6.4-12.8 12.8v198.4c0 6.4 6.4 12.8 12.8 12.8zm96 0h22.4c6.4 0 12.8-6.4 12.8-12.8V204.8c0-6.4-6.4-12.8-12.8-12.8h-22.4c-6.4 0-12.8 6.4-12.8 12.8v134.4c0 6.4 6.4 12.8 12.8 12.8zM496 400H48V80c0-8.84-7.16-16-16-16H16C7.16 64 0 71.16 0 80v336c0 17.67 14.33 32 32 32h464c8.84 0 16-7.16 16-16v-16c0-8.84-7.16-16-16-16zm-387.2-48h22.4c6.4 0 12.8-6.4 12.8-12.8v-70.4c0-6.4-6.4-12.8-12.8-12.8h-22.4c-6.4 0-12.8 6.4-12.8 12.8v70.4c0 6.4 6.4 12.8 12.8 12.8z\" class=\"\"><\/path><\/svg><\/i> <img decoding=\"async\" width=\"16\" height=\"16\" alt=\"Loading\" src=\"https:\/\/radiovilardevoz.org\/wp-content\/plugins\/page-views-count\/ajax-loader-2x.gif\" border=0 \/><\/p>\n<div class=\"pvc_clear\"><\/div>\n","protected":false},"author":7,"featured_media":2703,"comment_status":"open","ping_status":"open","sticky":false,"template":"","format":"standard","meta":{"footnotes":""},"categories":[7],"tags":[],"class_list":["post-2696","post","type-post","status-publish","format-standard","has-post-thumbnail","hentry","category-noticias-destacadas"],"_links":{"self":[{"href":"https:\/\/radiovilardevoz.org\/index.php?rest_route=\/wp\/v2\/posts\/2696","targetHints":{"allow":["GET"]}}],"collection":[{"href":"https:\/\/radiovilardevoz.org\/index.php?rest_route=\/wp\/v2\/posts"}],"about":[{"href":"https:\/\/radiovilardevoz.org\/index.php?rest_route=\/wp\/v2\/types\/post"}],"author":[{"embeddable":true,"href":"https:\/\/radiovilardevoz.org\/index.php?rest_route=\/wp\/v2\/users\/7"}],"replies":[{"embeddable":true,"href":"https:\/\/radiovilardevoz.org\/index.php?rest_route=%2Fwp%2Fv2%2Fcomments&post=2696"}],"version-history":[{"count":5,"href":"https:\/\/radiovilardevoz.org\/index.php?rest_route=\/wp\/v2\/posts\/2696\/revisions"}],"predecessor-version":[{"id":2704,"href":"https:\/\/radiovilardevoz.org\/index.php?rest_route=\/wp\/v2\/posts\/2696\/revisions\/2704"}],"wp:featuredmedia":[{"embeddable":true,"href":"https:\/\/radiovilardevoz.org\/index.php?rest_route=\/wp\/v2\/media\/2703"}],"wp:attachment":[{"href":"https:\/\/radiovilardevoz.org\/index.php?rest_route=%2Fwp%2Fv2%2Fmedia&parent=2696"}],"wp:term":[{"taxonomy":"category","embeddable":true,"href":"https:\/\/radiovilardevoz.org\/index.php?rest_route=%2Fwp%2Fv2%2Fcategories&post=2696"},{"taxonomy":"post_tag","embeddable":true,"href":"https:\/\/radiovilardevoz.org\/index.php?rest_route=%2Fwp%2Fv2%2Ftags&post=2696"}],"curies":[{"name":"wp","href":"https:\/\/api.w.org\/{rel}","templated":true}]}}