{"id":2705,"date":"2025-06-19T13:19:32","date_gmt":"2025-06-19T16:19:32","guid":{"rendered":"https:\/\/radiovilardevoz.org\/?p=2705"},"modified":"2025-07-12T16:51:10","modified_gmt":"2025-07-12T19:51:10","slug":"se-viene-la-fanfarria-invernal","status":"publish","type":"post","link":"https:\/\/radiovilardevoz.org\/?p=2705","title":{"rendered":"Se viene la Fanfarria Invernal"},"content":{"rendered":"<h5 style=\"text-align: right;\">15 de junio de 2025<\/h5>\n<p><img decoding=\"async\" class=\"alignnone size-medium wp-image-2719 foto\" src=\"https:\/\/radiovilardevoz.org\/wp-content\/uploads\/2025\/06\/foto-fanfarria-inv-afiche-224x300.jpeg\" alt=\"\" width=\"350\" srcset=\"https:\/\/radiovilardevoz.org\/wp-content\/uploads\/2025\/06\/foto-fanfarria-inv-afiche-224x300.jpeg 224w, https:\/\/radiovilardevoz.org\/wp-content\/uploads\/2025\/06\/foto-fanfarria-inv-afiche-600x804.jpeg 600w, https:\/\/radiovilardevoz.org\/wp-content\/uploads\/2025\/06\/foto-fanfarria-inv-afiche.jpeg 663w\" sizes=\"(max-width: 224px) 100vw, 224px\" \/><\/p>\n<p>&nbsp;<\/p>\n<p><strong>Manifiesto: <a href=\"https:\/\/radiovilardevoz.org\/wp-content\/uploads\/2025\/06\/Manifiesto-Fanfarrico-2025.pdf\" target=\"_blanck\">Manifiesto Fanf\u00e1rrico 2025<\/a><\/strong><\/p>\n<p>&nbsp;<\/p>\n<p><img fetchpriority=\"high\" decoding=\"async\" class=\"alignnone size-medium wp-image-2736 foto\" src=\"https:\/\/radiovilardevoz.org\/wp-content\/uploads\/2025\/06\/andres-urbano-fanfarria-225x300.jpg\" alt=\"\" width=\"225\" height=\"300\" srcset=\"https:\/\/radiovilardevoz.org\/wp-content\/uploads\/2025\/06\/andres-urbano-fanfarria-225x300.jpg 225w, https:\/\/radiovilardevoz.org\/wp-content\/uploads\/2025\/06\/andres-urbano-fanfarria-600x800.jpg 600w, https:\/\/radiovilardevoz.org\/wp-content\/uploads\/2025\/06\/andres-urbano-fanfarria-768x1023.jpg 768w, https:\/\/radiovilardevoz.org\/wp-content\/uploads\/2025\/06\/andres-urbano-fanfarria-1153x1536.jpg 1153w, https:\/\/radiovilardevoz.org\/wp-content\/uploads\/2025\/06\/andres-urbano-fanfarria.jpg 1440w\" sizes=\"(max-width: 225px) 100vw, 225px\" \/><\/p>\n<p style=\"text-align: center;\"><strong>Andr\u00e9s del Centro Cultural Urbano<\/strong><\/p>\n<div class=\"xdj266r x14z9mp xat24cr x1lziwak x1vvkbs x126k92a\">\n<div dir=\"auto\">Este s\u00e1bado 14 de junio en nuestra Entrevista Central recibimos a Andr\u00e9s Integrante de Urbano Centro Cultural que nos vino a contar los detalles de la Fanfarria Invernal es un evento para recibir la Bienvenida del Invierno 2025.<\/div>\n<\/div>\n<div class=\"x14z9mp xat24cr x1lziwak x1vvkbs xtlvy1s x126k92a\">\n<div dir=\"auto\">El s\u00e1bado 21 de junio a las 12 horas se realizar\u00e1 la d\u00e9cima edici\u00f3n de la Fanfarria Invernal, una actividad que busca visibilizar y sensibilizar sobre los derechos de las personas en situaci\u00f3n de calle, desde su propia perspectiva.<\/div>\n<\/div>\n<div class=\"x14z9mp xat24cr x1lziwak x1vvkbs xtlvy1s x126k92a\">\n<div dir=\"auto\">Este a\u00f1o se replicar\u00e1 el recorrido de ediciones anteriores: comenzar\u00e1 en la Plaza Juan Pedro Fabini (El Entrevero) y llegar\u00e1 hasta la Plaza Libertad (Cagancha). El desfile ser\u00e1 encabezado por Bloco Inchal\u00e1 y culminar\u00e1 con un espect\u00e1culo musical a cargo de Rueda de Candombe.<\/div>\n<div dir=\"auto\"><\/div>\n<p>&nbsp;<\/p>\n<div dir=\"auto\"><strong>Aqu\u00ed debajo compartimos el audio de la entrevista:<\/strong><\/div>\n<div dir=\"auto\"><\/div>\n<div dir=\"auto\"><\/div>\n<\/div>\n<p><iframe src=\"https:\/\/www.ivoox.com\/player_ej_150418861_6_1.html?c1=5b3411\" width=\"100%\" height=\"200\" frameborder=\"0\" scrolling=\"no\" allowfullscreen=\"allowfullscreen\"><\/iframe><\/p>\n<div class=\"pvc_clear\"><\/div>\n<p id=\"pvc_stats_2705\" class=\"pvc_stats all  \" data-element-id=\"2705\" style=\"\"><i class=\"pvc-stats-icon large\" aria-hidden=\"true\"><svg aria-hidden=\"true\" focusable=\"false\" data-prefix=\"far\" data-icon=\"chart-bar\" role=\"img\" xmlns=\"http:\/\/www.w3.org\/2000\/svg\" viewBox=\"0 0 512 512\" class=\"svg-inline--fa fa-chart-bar fa-w-16 fa-2x\"><path fill=\"currentColor\" d=\"M396.8 352h22.4c6.4 0 12.8-6.4 12.8-12.8V108.8c0-6.4-6.4-12.8-12.8-12.8h-22.4c-6.4 0-12.8 6.4-12.8 12.8v230.4c0 6.4 6.4 12.8 12.8 12.8zm-192 0h22.4c6.4 0 12.8-6.4 12.8-12.8V140.8c0-6.4-6.4-12.8-12.8-12.8h-22.4c-6.4 0-12.8 6.4-12.8 12.8v198.4c0 6.4 6.4 12.8 12.8 12.8zm96 0h22.4c6.4 0 12.8-6.4 12.8-12.8V204.8c0-6.4-6.4-12.8-12.8-12.8h-22.4c-6.4 0-12.8 6.4-12.8 12.8v134.4c0 6.4 6.4 12.8 12.8 12.8zM496 400H48V80c0-8.84-7.16-16-16-16H16C7.16 64 0 71.16 0 80v336c0 17.67 14.33 32 32 32h464c8.84 0 16-7.16 16-16v-16c0-8.84-7.16-16-16-16zm-387.2-48h22.4c6.4 0 12.8-6.4 12.8-12.8v-70.4c0-6.4-6.4-12.8-12.8-12.8h-22.4c-6.4 0-12.8 6.4-12.8 12.8v70.4c0 6.4 6.4 12.8 12.8 12.8z\" class=\"\"><\/path><\/svg><\/i> <img decoding=\"async\" width=\"16\" height=\"16\" alt=\"Loading\" src=\"https:\/\/radiovilardevoz.org\/wp-content\/plugins\/page-views-count\/ajax-loader-2x.gif\" border=0 \/><\/p>\n<div class=\"pvc_clear\"><\/div>\n","protected":false},"excerpt":{"rendered":"<p>15 de junio de 2025 &nbsp; Manifiesto: Manifiesto Fanf\u00e1rrico 2025 &nbsp; Andr\u00e9s del Centro Cultural Urbano Este s\u00e1bado 14 de junio en nuestra Entrevista Central recibimos a Andr\u00e9s Integrante de&hellip; <\/p>\n<div class=\"pvc_clear\"><\/div>\n<p id=\"pvc_stats_2705\" class=\"pvc_stats all  \" data-element-id=\"2705\" style=\"\"><i class=\"pvc-stats-icon large\" aria-hidden=\"true\"><svg aria-hidden=\"true\" focusable=\"false\" data-prefix=\"far\" data-icon=\"chart-bar\" role=\"img\" xmlns=\"http:\/\/www.w3.org\/2000\/svg\" viewBox=\"0 0 512 512\" class=\"svg-inline--fa fa-chart-bar fa-w-16 fa-2x\"><path fill=\"currentColor\" d=\"M396.8 352h22.4c6.4 0 12.8-6.4 12.8-12.8V108.8c0-6.4-6.4-12.8-12.8-12.8h-22.4c-6.4 0-12.8 6.4-12.8 12.8v230.4c0 6.4 6.4 12.8 12.8 12.8zm-192 0h22.4c6.4 0 12.8-6.4 12.8-12.8V140.8c0-6.4-6.4-12.8-12.8-12.8h-22.4c-6.4 0-12.8 6.4-12.8 12.8v198.4c0 6.4 6.4 12.8 12.8 12.8zm96 0h22.4c6.4 0 12.8-6.4 12.8-12.8V204.8c0-6.4-6.4-12.8-12.8-12.8h-22.4c-6.4 0-12.8 6.4-12.8 12.8v134.4c0 6.4 6.4 12.8 12.8 12.8zM496 400H48V80c0-8.84-7.16-16-16-16H16C7.16 64 0 71.16 0 80v336c0 17.67 14.33 32 32 32h464c8.84 0 16-7.16 16-16v-16c0-8.84-7.16-16-16-16zm-387.2-48h22.4c6.4 0 12.8-6.4 12.8-12.8v-70.4c0-6.4-6.4-12.8-12.8-12.8h-22.4c-6.4 0-12.8 6.4-12.8 12.8v70.4c0 6.4 6.4 12.8 12.8 12.8z\" class=\"\"><\/path><\/svg><\/i> <img decoding=\"async\" width=\"16\" height=\"16\" alt=\"Loading\" src=\"https:\/\/radiovilardevoz.org\/wp-content\/plugins\/page-views-count\/ajax-loader-2x.gif\" border=0 \/><\/p>\n<div class=\"pvc_clear\"><\/div>\n","protected":false},"author":7,"featured_media":2827,"comment_status":"open","ping_status":"open","sticky":false,"template":"","format":"standard","meta":{"footnotes":""},"categories":[7],"tags":[],"class_list":["post-2705","post","type-post","status-publish","format-standard","has-post-thumbnail","hentry","category-noticias-destacadas"],"_links":{"self":[{"href":"https:\/\/radiovilardevoz.org\/index.php?rest_route=\/wp\/v2\/posts\/2705","targetHints":{"allow":["GET"]}}],"collection":[{"href":"https:\/\/radiovilardevoz.org\/index.php?rest_route=\/wp\/v2\/posts"}],"about":[{"href":"https:\/\/radiovilardevoz.org\/index.php?rest_route=\/wp\/v2\/types\/post"}],"author":[{"embeddable":true,"href":"https:\/\/radiovilardevoz.org\/index.php?rest_route=\/wp\/v2\/users\/7"}],"replies":[{"embeddable":true,"href":"https:\/\/radiovilardevoz.org\/index.php?rest_route=%2Fwp%2Fv2%2Fcomments&post=2705"}],"version-history":[{"count":23,"href":"https:\/\/radiovilardevoz.org\/index.php?rest_route=\/wp\/v2\/posts\/2705\/revisions"}],"predecessor-version":[{"id":2830,"href":"https:\/\/radiovilardevoz.org\/index.php?rest_route=\/wp\/v2\/posts\/2705\/revisions\/2830"}],"wp:featuredmedia":[{"embeddable":true,"href":"https:\/\/radiovilardevoz.org\/index.php?rest_route=\/wp\/v2\/media\/2827"}],"wp:attachment":[{"href":"https:\/\/radiovilardevoz.org\/index.php?rest_route=%2Fwp%2Fv2%2Fmedia&parent=2705"}],"wp:term":[{"taxonomy":"category","embeddable":true,"href":"https:\/\/radiovilardevoz.org\/index.php?rest_route=%2Fwp%2Fv2%2Fcategories&post=2705"},{"taxonomy":"post_tag","embeddable":true,"href":"https:\/\/radiovilardevoz.org\/index.php?rest_route=%2Fwp%2Fv2%2Ftags&post=2705"}],"curies":[{"name":"wp","href":"https:\/\/api.w.org\/{rel}","templated":true}]}}