{"id":2795,"date":"2025-06-30T17:26:58","date_gmt":"2025-06-30T20:26:58","guid":{"rendered":"https:\/\/radiovilardevoz.org\/?p=2795"},"modified":"2025-06-30T17:29:34","modified_gmt":"2025-06-30T20:29:34","slug":"mercado-popular-de-subsistencia","status":"publish","type":"post","link":"https:\/\/radiovilardevoz.org\/?p=2795","title":{"rendered":"Mercado Popular de Subsistencia"},"content":{"rendered":"<h5 style=\"text-align: right;\">21 de junio de 2025<\/h5>\n<div class=\"mb-05 lh-sm description-wrapper\" data-v-491386e6=\"\">\n<div class=\"description-container font-size-12\" data-v-491386e6=\"\">\n<div data-v-491386e6=\"\"><img decoding=\"async\" class=\"alignnone size-medium wp-image-2792 foto\" src=\"https:\/\/radiovilardevoz.org\/wp-content\/uploads\/2025\/06\/Captura-de-pantalla-2025-06-30-170818-min-300x155.png\" alt=\"\" width=\"300\" height=\"155\" srcset=\"https:\/\/radiovilardevoz.org\/wp-content\/uploads\/2025\/06\/Captura-de-pantalla-2025-06-30-170818-min-300x155.png 300w, https:\/\/radiovilardevoz.org\/wp-content\/uploads\/2025\/06\/Captura-de-pantalla-2025-06-30-170818-min.png 559w\" sizes=\"(max-width: 300px) 100vw, 300px\" \/><\/div>\n<div class=\"description mb-05\" data-v-491386e6=\"\">Recibimos a el compa\u00f1ero Nahuel integrante del Mercado Popular de Subsistencia Entrevero para contarnos como siguen su trabajo y las pr\u00f3ximas actividades&#8230;&#8230; El MPS es una organizaci\u00f3n tiene como objetivo no solo habilitar el acceso a productos buenos y baratos sino proponer una forma distinta de consumo, siendo consciente de a qui\u00e9n esta yendo nuestro dinero y que es lo que sostenemos desde nuestras pr\u00e1cticas. Nos organizamos barrialmente para comprar productos de empresas recuperadas por sus trabajadores, cooperativas, emprendimientos autogestionados y de producci\u00f3n nacional. Es muchas veces el sustento de estos emprendimientos a la vez que es un radical cambio en como pensamos y llevamos a cabo nuestro consumo. Es construir colectivamente las condiciones en las cuales queremos vivir.<\/div>\n<div data-v-491386e6=\"\">El sitio Web de MPS es:<strong>\u00a0<a href=\"https:\/\/mps.org.uy\/\" target=\"_blanck\">https:\/\/mps.org.uy\/<\/a><\/strong><\/div>\n<div data-v-491386e6=\"\">Compartimos el audio de la entrevista:<\/div>\n<\/div>\n<\/div>\n<p><iframe src=\"https:\/\/www.ivoox.com\/player_ej_150960172_6_1.html?c1=5b3411\" width=\"100%\" height=\"200\" frameborder=\"0\" scrolling=\"no\" allowfullscreen=\"allowfullscreen\"><\/iframe><\/p>\n<div class=\"pvc_clear\"><\/div>\n<p id=\"pvc_stats_2795\" class=\"pvc_stats all  \" data-element-id=\"2795\" style=\"\"><i class=\"pvc-stats-icon large\" aria-hidden=\"true\"><svg aria-hidden=\"true\" focusable=\"false\" data-prefix=\"far\" data-icon=\"chart-bar\" role=\"img\" xmlns=\"http:\/\/www.w3.org\/2000\/svg\" viewBox=\"0 0 512 512\" class=\"svg-inline--fa fa-chart-bar fa-w-16 fa-2x\"><path fill=\"currentColor\" d=\"M396.8 352h22.4c6.4 0 12.8-6.4 12.8-12.8V108.8c0-6.4-6.4-12.8-12.8-12.8h-22.4c-6.4 0-12.8 6.4-12.8 12.8v230.4c0 6.4 6.4 12.8 12.8 12.8zm-192 0h22.4c6.4 0 12.8-6.4 12.8-12.8V140.8c0-6.4-6.4-12.8-12.8-12.8h-22.4c-6.4 0-12.8 6.4-12.8 12.8v198.4c0 6.4 6.4 12.8 12.8 12.8zm96 0h22.4c6.4 0 12.8-6.4 12.8-12.8V204.8c0-6.4-6.4-12.8-12.8-12.8h-22.4c-6.4 0-12.8 6.4-12.8 12.8v134.4c0 6.4 6.4 12.8 12.8 12.8zM496 400H48V80c0-8.84-7.16-16-16-16H16C7.16 64 0 71.16 0 80v336c0 17.67 14.33 32 32 32h464c8.84 0 16-7.16 16-16v-16c0-8.84-7.16-16-16-16zm-387.2-48h22.4c6.4 0 12.8-6.4 12.8-12.8v-70.4c0-6.4-6.4-12.8-12.8-12.8h-22.4c-6.4 0-12.8 6.4-12.8 12.8v70.4c0 6.4 6.4 12.8 12.8 12.8z\" class=\"\"><\/path><\/svg><\/i> <img decoding=\"async\" width=\"16\" height=\"16\" alt=\"Loading\" src=\"https:\/\/radiovilardevoz.org\/wp-content\/plugins\/page-views-count\/ajax-loader-2x.gif\" border=0 \/><\/p>\n<div class=\"pvc_clear\"><\/div>\n","protected":false},"excerpt":{"rendered":"<p>21 de junio de 2025 Recibimos a el compa\u00f1ero Nahuel integrante del Mercado Popular de Subsistencia Entrevero para contarnos como siguen su trabajo y las pr\u00f3ximas actividades&#8230;&#8230; El MPS es&hellip; <\/p>\n<div class=\"pvc_clear\"><\/div>\n<p id=\"pvc_stats_2795\" class=\"pvc_stats all  \" data-element-id=\"2795\" style=\"\"><i class=\"pvc-stats-icon large\" aria-hidden=\"true\"><svg aria-hidden=\"true\" focusable=\"false\" data-prefix=\"far\" data-icon=\"chart-bar\" role=\"img\" xmlns=\"http:\/\/www.w3.org\/2000\/svg\" viewBox=\"0 0 512 512\" class=\"svg-inline--fa fa-chart-bar fa-w-16 fa-2x\"><path fill=\"currentColor\" d=\"M396.8 352h22.4c6.4 0 12.8-6.4 12.8-12.8V108.8c0-6.4-6.4-12.8-12.8-12.8h-22.4c-6.4 0-12.8 6.4-12.8 12.8v230.4c0 6.4 6.4 12.8 12.8 12.8zm-192 0h22.4c6.4 0 12.8-6.4 12.8-12.8V140.8c0-6.4-6.4-12.8-12.8-12.8h-22.4c-6.4 0-12.8 6.4-12.8 12.8v198.4c0 6.4 6.4 12.8 12.8 12.8zm96 0h22.4c6.4 0 12.8-6.4 12.8-12.8V204.8c0-6.4-6.4-12.8-12.8-12.8h-22.4c-6.4 0-12.8 6.4-12.8 12.8v134.4c0 6.4 6.4 12.8 12.8 12.8zM496 400H48V80c0-8.84-7.16-16-16-16H16C7.16 64 0 71.16 0 80v336c0 17.67 14.33 32 32 32h464c8.84 0 16-7.16 16-16v-16c0-8.84-7.16-16-16-16zm-387.2-48h22.4c6.4 0 12.8-6.4 12.8-12.8v-70.4c0-6.4-6.4-12.8-12.8-12.8h-22.4c-6.4 0-12.8 6.4-12.8 12.8v70.4c0 6.4 6.4 12.8 12.8 12.8z\" class=\"\"><\/path><\/svg><\/i> <img decoding=\"async\" width=\"16\" height=\"16\" alt=\"Loading\" src=\"https:\/\/radiovilardevoz.org\/wp-content\/plugins\/page-views-count\/ajax-loader-2x.gif\" border=0 \/><\/p>\n<div class=\"pvc_clear\"><\/div>\n","protected":false},"author":7,"featured_media":2791,"comment_status":"open","ping_status":"open","sticky":false,"template":"","format":"standard","meta":{"footnotes":""},"categories":[7],"tags":[],"class_list":["post-2795","post","type-post","status-publish","format-standard","has-post-thumbnail","hentry","category-noticias-destacadas"],"_links":{"self":[{"href":"https:\/\/radiovilardevoz.org\/index.php?rest_route=\/wp\/v2\/posts\/2795","targetHints":{"allow":["GET"]}}],"collection":[{"href":"https:\/\/radiovilardevoz.org\/index.php?rest_route=\/wp\/v2\/posts"}],"about":[{"href":"https:\/\/radiovilardevoz.org\/index.php?rest_route=\/wp\/v2\/types\/post"}],"author":[{"embeddable":true,"href":"https:\/\/radiovilardevoz.org\/index.php?rest_route=\/wp\/v2\/users\/7"}],"replies":[{"embeddable":true,"href":"https:\/\/radiovilardevoz.org\/index.php?rest_route=%2Fwp%2Fv2%2Fcomments&post=2795"}],"version-history":[{"count":4,"href":"https:\/\/radiovilardevoz.org\/index.php?rest_route=\/wp\/v2\/posts\/2795\/revisions"}],"predecessor-version":[{"id":2800,"href":"https:\/\/radiovilardevoz.org\/index.php?rest_route=\/wp\/v2\/posts\/2795\/revisions\/2800"}],"wp:featuredmedia":[{"embeddable":true,"href":"https:\/\/radiovilardevoz.org\/index.php?rest_route=\/wp\/v2\/media\/2791"}],"wp:attachment":[{"href":"https:\/\/radiovilardevoz.org\/index.php?rest_route=%2Fwp%2Fv2%2Fmedia&parent=2795"}],"wp:term":[{"taxonomy":"category","embeddable":true,"href":"https:\/\/radiovilardevoz.org\/index.php?rest_route=%2Fwp%2Fv2%2Fcategories&post=2795"},{"taxonomy":"post_tag","embeddable":true,"href":"https:\/\/radiovilardevoz.org\/index.php?rest_route=%2Fwp%2Fv2%2Ftags&post=2795"}],"curies":[{"name":"wp","href":"https:\/\/api.w.org\/{rel}","templated":true}]}}