{"id":2801,"date":"2025-06-30T17:39:36","date_gmt":"2025-06-30T20:39:36","guid":{"rendered":"https:\/\/radiovilardevoz.org\/?p=2801"},"modified":"2025-06-30T17:39:36","modified_gmt":"2025-06-30T20:39:36","slug":"natalia-paula-cantante-y-docente-de-canto","status":"publish","type":"post","link":"https:\/\/radiovilardevoz.org\/?p=2801","title":{"rendered":"Natalia Paula &#8211; Cantante y Docente de Canto"},"content":{"rendered":"<h5 style=\"text-align: right;\">28 de junio de 2025<\/h5>\n<p><img fetchpriority=\"high\" decoding=\"async\" class=\"alignnone size-medium wp-image-2793 foto\" src=\"https:\/\/radiovilardevoz.org\/wp-content\/uploads\/2025\/06\/514498620_1175712734584046_4749088234780222157_n-min-225x300.jpg\" alt=\"\" width=\"225\" height=\"300\" srcset=\"https:\/\/radiovilardevoz.org\/wp-content\/uploads\/2025\/06\/514498620_1175712734584046_4749088234780222157_n-min-225x300.jpg 225w, https:\/\/radiovilardevoz.org\/wp-content\/uploads\/2025\/06\/514498620_1175712734584046_4749088234780222157_n-min-600x800.jpg 600w, https:\/\/radiovilardevoz.org\/wp-content\/uploads\/2025\/06\/514498620_1175712734584046_4749088234780222157_n-min-768x1024.jpg 768w, https:\/\/radiovilardevoz.org\/wp-content\/uploads\/2025\/06\/514498620_1175712734584046_4749088234780222157_n-min-1152x1536.jpg 1152w, https:\/\/radiovilardevoz.org\/wp-content\/uploads\/2025\/06\/514498620_1175712734584046_4749088234780222157_n-min.jpg 1200w\" sizes=\"(max-width: 225px) 100vw, 225px\" \/><\/p>\n<p>Cerrando este frio mes de Junio en Nuestro Laberinto Musical donde cada 15 d\u00edas recibimos a m\u00fasicos amigos, este S\u00e1bado a la joven Natalia Paula cantante y docente de Canto. Natalia Paula Gonz\u00e1lez naci\u00f3 en Montevideo en 1986. Es Musica, compositora, performer y docente de Canto. Ademas de su labor art\u00edstica, se desempe\u00f1a como Docente de Canto, acompa\u00f1ando procesos de exploraci\u00f3n vocal desde una mirada corporal, sensible y expresiva. En su carrera solista desarrolla el Proyecto Canciones para Respirar, una propuesta de canciones propias que se enra\u00edza en la m\u00fasica popular Latinoamericana y en idea de la voz y como huella y aire. Su Musica es concebida como cuerpo presente, como espacio donde se entrelazan el canto, el movimiento y la Escucha.<\/p>\n<p>Audio de la entrevista:<\/p>\n<p>&nbsp;<br \/>\n<iframe src=\"https:\/\/www.ivoox.com\/player_ej_151398254_6_1.html?c1=5b3411\" width=\"100%\" height=\"200\" frameborder=\"0\" allowfullscreen=\"\" scrolling=\"no\" loading=\"lazy\"><\/iframe><\/p>\n<div class=\"pvc_clear\"><\/div>\n<p id=\"pvc_stats_2801\" class=\"pvc_stats all  \" data-element-id=\"2801\" style=\"\"><i class=\"pvc-stats-icon large\" aria-hidden=\"true\"><svg aria-hidden=\"true\" focusable=\"false\" data-prefix=\"far\" data-icon=\"chart-bar\" role=\"img\" xmlns=\"http:\/\/www.w3.org\/2000\/svg\" viewBox=\"0 0 512 512\" class=\"svg-inline--fa fa-chart-bar fa-w-16 fa-2x\"><path fill=\"currentColor\" d=\"M396.8 352h22.4c6.4 0 12.8-6.4 12.8-12.8V108.8c0-6.4-6.4-12.8-12.8-12.8h-22.4c-6.4 0-12.8 6.4-12.8 12.8v230.4c0 6.4 6.4 12.8 12.8 12.8zm-192 0h22.4c6.4 0 12.8-6.4 12.8-12.8V140.8c0-6.4-6.4-12.8-12.8-12.8h-22.4c-6.4 0-12.8 6.4-12.8 12.8v198.4c0 6.4 6.4 12.8 12.8 12.8zm96 0h22.4c6.4 0 12.8-6.4 12.8-12.8V204.8c0-6.4-6.4-12.8-12.8-12.8h-22.4c-6.4 0-12.8 6.4-12.8 12.8v134.4c0 6.4 6.4 12.8 12.8 12.8zM496 400H48V80c0-8.84-7.16-16-16-16H16C7.16 64 0 71.16 0 80v336c0 17.67 14.33 32 32 32h464c8.84 0 16-7.16 16-16v-16c0-8.84-7.16-16-16-16zm-387.2-48h22.4c6.4 0 12.8-6.4 12.8-12.8v-70.4c0-6.4-6.4-12.8-12.8-12.8h-22.4c-6.4 0-12.8 6.4-12.8 12.8v70.4c0 6.4 6.4 12.8 12.8 12.8z\" class=\"\"><\/path><\/svg><\/i> <img decoding=\"async\" width=\"16\" height=\"16\" alt=\"Loading\" src=\"https:\/\/radiovilardevoz.org\/wp-content\/plugins\/page-views-count\/ajax-loader-2x.gif\" border=0 \/><\/p>\n<div class=\"pvc_clear\"><\/div>\n","protected":false},"excerpt":{"rendered":"<p>28 de junio de 2025 Cerrando este frio mes de Junio en Nuestro Laberinto Musical donde cada 15 d\u00edas recibimos a m\u00fasicos amigos, este S\u00e1bado a la joven Natalia Paula&hellip; <\/p>\n<div class=\"pvc_clear\"><\/div>\n<p id=\"pvc_stats_2801\" class=\"pvc_stats all  \" data-element-id=\"2801\" style=\"\"><i class=\"pvc-stats-icon large\" aria-hidden=\"true\"><svg aria-hidden=\"true\" focusable=\"false\" data-prefix=\"far\" data-icon=\"chart-bar\" role=\"img\" xmlns=\"http:\/\/www.w3.org\/2000\/svg\" viewBox=\"0 0 512 512\" class=\"svg-inline--fa fa-chart-bar fa-w-16 fa-2x\"><path fill=\"currentColor\" d=\"M396.8 352h22.4c6.4 0 12.8-6.4 12.8-12.8V108.8c0-6.4-6.4-12.8-12.8-12.8h-22.4c-6.4 0-12.8 6.4-12.8 12.8v230.4c0 6.4 6.4 12.8 12.8 12.8zm-192 0h22.4c6.4 0 12.8-6.4 12.8-12.8V140.8c0-6.4-6.4-12.8-12.8-12.8h-22.4c-6.4 0-12.8 6.4-12.8 12.8v198.4c0 6.4 6.4 12.8 12.8 12.8zm96 0h22.4c6.4 0 12.8-6.4 12.8-12.8V204.8c0-6.4-6.4-12.8-12.8-12.8h-22.4c-6.4 0-12.8 6.4-12.8 12.8v134.4c0 6.4 6.4 12.8 12.8 12.8zM496 400H48V80c0-8.84-7.16-16-16-16H16C7.16 64 0 71.16 0 80v336c0 17.67 14.33 32 32 32h464c8.84 0 16-7.16 16-16v-16c0-8.84-7.16-16-16-16zm-387.2-48h22.4c6.4 0 12.8-6.4 12.8-12.8v-70.4c0-6.4-6.4-12.8-12.8-12.8h-22.4c-6.4 0-12.8 6.4-12.8 12.8v70.4c0 6.4 6.4 12.8 12.8 12.8z\" class=\"\"><\/path><\/svg><\/i> <img decoding=\"async\" width=\"16\" height=\"16\" alt=\"Loading\" src=\"https:\/\/radiovilardevoz.org\/wp-content\/plugins\/page-views-count\/ajax-loader-2x.gif\" border=0 \/><\/p>\n<div class=\"pvc_clear\"><\/div>\n","protected":false},"author":7,"featured_media":2794,"comment_status":"open","ping_status":"open","sticky":false,"template":"","format":"standard","meta":{"footnotes":""},"categories":[7],"tags":[],"class_list":["post-2801","post","type-post","status-publish","format-standard","has-post-thumbnail","hentry","category-noticias-destacadas"],"_links":{"self":[{"href":"https:\/\/radiovilardevoz.org\/index.php?rest_route=\/wp\/v2\/posts\/2801","targetHints":{"allow":["GET"]}}],"collection":[{"href":"https:\/\/radiovilardevoz.org\/index.php?rest_route=\/wp\/v2\/posts"}],"about":[{"href":"https:\/\/radiovilardevoz.org\/index.php?rest_route=\/wp\/v2\/types\/post"}],"author":[{"embeddable":true,"href":"https:\/\/radiovilardevoz.org\/index.php?rest_route=\/wp\/v2\/users\/7"}],"replies":[{"embeddable":true,"href":"https:\/\/radiovilardevoz.org\/index.php?rest_route=%2Fwp%2Fv2%2Fcomments&post=2801"}],"version-history":[{"count":2,"href":"https:\/\/radiovilardevoz.org\/index.php?rest_route=\/wp\/v2\/posts\/2801\/revisions"}],"predecessor-version":[{"id":2803,"href":"https:\/\/radiovilardevoz.org\/index.php?rest_route=\/wp\/v2\/posts\/2801\/revisions\/2803"}],"wp:featuredmedia":[{"embeddable":true,"href":"https:\/\/radiovilardevoz.org\/index.php?rest_route=\/wp\/v2\/media\/2794"}],"wp:attachment":[{"href":"https:\/\/radiovilardevoz.org\/index.php?rest_route=%2Fwp%2Fv2%2Fmedia&parent=2801"}],"wp:term":[{"taxonomy":"category","embeddable":true,"href":"https:\/\/radiovilardevoz.org\/index.php?rest_route=%2Fwp%2Fv2%2Fcategories&post=2801"},{"taxonomy":"post_tag","embeddable":true,"href":"https:\/\/radiovilardevoz.org\/index.php?rest_route=%2Fwp%2Fv2%2Ftags&post=2801"}],"curies":[{"name":"wp","href":"https:\/\/api.w.org\/{rel}","templated":true}]}}