{"id":2853,"date":"2025-07-18T12:37:08","date_gmt":"2025-07-18T15:37:08","guid":{"rendered":"https:\/\/radiovilardevoz.org\/?p=2853"},"modified":"2025-08-20T17:02:49","modified_gmt":"2025-08-20T20:02:49","slug":"presentacion-del-libro-historias-de-la-locura-en-uruguay","status":"publish","type":"post","link":"https:\/\/radiovilardevoz.org\/?p=2853","title":{"rendered":"Presentaci\u00f3n del libro Historias de la locura en Uruguay"},"content":{"rendered":"<h5 style=\"text-align: right;\">17 de julio de 2025<\/h5>\n<p style=\"text-align: center;\"><strong>Hoy, adem\u00e1s de la presentaci\u00f3n del libro, realizamos la presentaci\u00f3n de la Escuelita Loca.<\/strong><\/p>\n<p style=\"text-align: center;\"><strong>Escuelita loca (evento 17\/7)<\/strong><\/p>\n<p><strong>\u00a0<\/strong><\/p>\n<p>Desvilardebocear y vilardevocear una tarea, puntualmente de esta escuelita, que nace ante la urgente necesidad de hacer carne en cada una de las personas. Munir de humanidad no es tarea sencilla en esta sociedad de consumo donde todo se mercantiliza y la locura es un producto que cotiza por su alto dividendo aportado a la farmafia. Qu\u00e9 manera m\u00e1s potente de generar ganancias en suministro de medicamentos!<\/p>\n<p>&nbsp;<\/p>\n<p>La ausencia de producci\u00f3n de la poblaci\u00f3n loca tomada como un cero a la izquierda que gasta sin producir e ignora que lxs locxs no viven, solo sobreviven en dep\u00f3sitos como los centros monovalentes. All\u00ed encerradxs con las l\u00f3gicas manicomiales, tal escoria data de largos a\u00f1os: d\u00e9cadas con paradigma perimido, violento y ausente de cuidado y trato inhumano cosificando a los seres declarados incapaces<\/p>\n<p>&nbsp;<\/p>\n<p>En nuestra escuelita, siguiendo los lineamientos de vilardevoz, nace una forma de formar de manera h\u00edbrida con locura y academia, abrazados para la liberaci\u00f3n, frenando las balas que matan sin miramientos. Total la locura estorba, molesta y cuesta y paga con su vida\u2026<\/p>\n<p>Mostrarle al mundo que somos personas va m\u00e1s all\u00e1 de una ley, toma su rumbo de nave y arriba a puerto, tenemos varios espacios para dar voz a los \u201csin voz\u201d\u2026<\/p>\n<p>&nbsp;<\/p>\n<p>Estas voces hoy multiplicadas en ecos y micr\u00f3fonos abiertos de fonoplatea sin puertas, donde habla la locura en primera persona, pinta voces con colores primarios sin fr\u00edos y claros oscuros, tomando ese tono de arco iris donde se hace presente el artivismo que pinta a cincel y amor de locura en arte. En el entra-mar, bordamos entretejidos de aprendizaje horizontal, protagonizando la voz de aquel encierro hoy abierto de par en par\u2026 y que decir, locxs y equipo y equipo y locxs, hacemos historia naciendo paridxs por la gloria en un acto de fe!<\/p>\n<p>&nbsp;<\/p>\n<p>\u00bfQu\u00e9 es una escuelita loca?<\/p>\n<p>Es un espacio de formaci\u00f3n popular abierto para todxs quienes quieran participar<\/p>\n<p>y para todos los niveles educativos, donde se construye, transforma e intercambian diversos saberes. Toma forma y gana un espacio espec\u00edfico en este a\u00f1o de 2025, pero ya se viene tramando y funcionando en los diferentes espacios que se llevan adelante desde Vilardevoz hace casi 28 a\u00f1os.<\/p>\n<p>&nbsp;<\/p>\n<p>Objeto de estudio:<\/p>\n<p>Se estudia la locura, aprendemos de cada unx, ense\u00f1amos y aprendemos c\u00f3mo lidiar con tanta locura y no morir en el intento, c\u00f3mo defender nuestros derechos. Estudiamos nuestros modos de hacer las cosas: el saber vilardevocense aprendiendo a desaprender los saberes hegem\u00f3nicos.<\/p>\n<p>Nos Inspiramos en los saberes producidos en Vilardevoz y en varios referentes antimanicomiales como Franca y Franco Basaglia, Paulo Freire, Marisa Wagner, Juan Carlos Carrasco, Rebellato, Ana Mar\u00eda Fernandez, entre otrxs. Somos la primera escuelita loca de Am\u00e9rica Latina, teniendo como antecedentes la escuelita loca de Madrid, fundada en 2023, y la escuelita trans de Uruguay de 2024.<\/p>\n<p>&nbsp;<\/p>\n<p>\u00a1Habemus escuelita loca! Y en este marco queremos dar paso a la presentaci\u00f3n del libro \u201cUna cartograf\u00eda antimanicomial. Historias de la locura en Uruguay (1985-2017)\u201d de Cecilia Baroni.<\/p>\n<hr \/>\n<p style=\"text-align: center;\"><strong>Presentaci\u00f3n del libro \u00abUna Cartograf\u00eda Antimanicomial &#8211; Historias de la locura en Uruguay (1985-2017)\u00bb<\/strong><\/p>\n<p>Presentaci\u00f3n a cargo de <strong>Mariana Marques Moraes<\/strong>:<\/p>\n<p><a href=\"https:\/\/radiovilardevoz.org\/wp-content\/uploads\/2025\/07\/Presentacion-libro-Ceci-Baroni.docx-Mariana.pdf\" target=\"_blanck\" rel=\"noopener noreferrer\"><strong>Presentacio\u0301n &#8211; libro Ceci Baroni.docx &#8211; Mariana<\/strong><\/a><\/p>\n<p>Presentaci\u00f3n a cargo de <strong>Alba Villalba<\/strong>:<\/p>\n<p><a href=\"https:\/\/radiovilardevoz.org\/wp-content\/uploads\/2025\/07\/Texto-de-presentacion-del-libro-Alba.pdf\" target=\"_blanck\" rel=\"noopener noreferrer\"><strong>Texto de presentaci\u00f3n del libro &#8211; Alba<\/strong><\/a><\/p>\n<p><img fetchpriority=\"high\" decoding=\"async\" class=\"alignnone size-medium wp-image-2859 foto\" src=\"https:\/\/radiovilardevoz.org\/wp-content\/uploads\/2025\/07\/WhatsApp-Image-2025-07-18-at-11.50.46-300x224.jpeg\" alt=\"\" width=\"300\" height=\"224\" srcset=\"https:\/\/radiovilardevoz.org\/wp-content\/uploads\/2025\/07\/WhatsApp-Image-2025-07-18-at-11.50.46-300x224.jpeg 300w, https:\/\/radiovilardevoz.org\/wp-content\/uploads\/2025\/07\/WhatsApp-Image-2025-07-18-at-11.50.46-600x449.jpeg 600w, https:\/\/radiovilardevoz.org\/wp-content\/uploads\/2025\/07\/WhatsApp-Image-2025-07-18-at-11.50.46-1024x765.jpeg 1024w, https:\/\/radiovilardevoz.org\/wp-content\/uploads\/2025\/07\/WhatsApp-Image-2025-07-18-at-11.50.46-768x574.jpeg 768w, https:\/\/radiovilardevoz.org\/wp-content\/uploads\/2025\/07\/WhatsApp-Image-2025-07-18-at-11.50.46-1536x1148.jpeg 1536w, https:\/\/radiovilardevoz.org\/wp-content\/uploads\/2025\/07\/WhatsApp-Image-2025-07-18-at-11.50.46.jpeg 1600w\" sizes=\"(max-width: 300px) 100vw, 300px\" \/> <img decoding=\"async\" class=\"alignnone size-medium wp-image-2858 foto\" src=\"https:\/\/radiovilardevoz.org\/wp-content\/uploads\/2025\/07\/WhatsApp-Image-2025-07-18-at-11.50.47-1-279x300.jpeg\" alt=\"\" width=\"279\" height=\"300\" srcset=\"https:\/\/radiovilardevoz.org\/wp-content\/uploads\/2025\/07\/WhatsApp-Image-2025-07-18-at-11.50.47-1-279x300.jpeg 279w, https:\/\/radiovilardevoz.org\/wp-content\/uploads\/2025\/07\/WhatsApp-Image-2025-07-18-at-11.50.47-1-600x645.jpeg 600w, https:\/\/radiovilardevoz.org\/wp-content\/uploads\/2025\/07\/WhatsApp-Image-2025-07-18-at-11.50.47-1-953x1024.jpeg 953w, https:\/\/radiovilardevoz.org\/wp-content\/uploads\/2025\/07\/WhatsApp-Image-2025-07-18-at-11.50.47-1-768x826.jpeg 768w, https:\/\/radiovilardevoz.org\/wp-content\/uploads\/2025\/07\/WhatsApp-Image-2025-07-18-at-11.50.47-1.jpeg 1080w\" sizes=\"(max-width: 279px) 100vw, 279px\" \/> <img decoding=\"async\" class=\"alignnone size-medium wp-image-2857 foto\" src=\"https:\/\/radiovilardevoz.org\/wp-content\/uploads\/2025\/07\/WhatsApp-Image-2025-07-18-at-11.50.47-300x169.jpeg\" alt=\"\" width=\"300\" height=\"169\" srcset=\"https:\/\/radiovilardevoz.org\/wp-content\/uploads\/2025\/07\/WhatsApp-Image-2025-07-18-at-11.50.47-300x169.jpeg 300w, https:\/\/radiovilardevoz.org\/wp-content\/uploads\/2025\/07\/WhatsApp-Image-2025-07-18-at-11.50.47-600x337.jpeg 600w, https:\/\/radiovilardevoz.org\/wp-content\/uploads\/2025\/07\/WhatsApp-Image-2025-07-18-at-11.50.47-1024x576.jpeg 1024w, https:\/\/radiovilardevoz.org\/wp-content\/uploads\/2025\/07\/WhatsApp-Image-2025-07-18-at-11.50.47-768x432.jpeg 768w, https:\/\/radiovilardevoz.org\/wp-content\/uploads\/2025\/07\/WhatsApp-Image-2025-07-18-at-11.50.47-1536x864.jpeg 1536w, https:\/\/radiovilardevoz.org\/wp-content\/uploads\/2025\/07\/WhatsApp-Image-2025-07-18-at-11.50.47.jpeg 1599w\" sizes=\"(max-width: 300px) 100vw, 300px\" \/><\/p>\n<hr \/>\n<p style=\"text-align: center;\"><strong><span class=\"yt-core-attributed-string yt-core-attributed-string--white-space-pre-wrap\" dir=\"auto\" role=\"text\"><span class=\"yt-core-attributed-string--link-inherit-color\" dir=\"auto\">Presentaci\u00f3n del libro\u00a0<\/span><\/span><\/strong><strong><span class=\"yt-core-attributed-string yt-core-attributed-string--white-space-pre-wrap\" dir=\"auto\" role=\"text\"><span class=\"yt-core-attributed-string--link-inherit-color\" dir=\"auto\">MVD Noticias edici\u00f3n central &#8211; TV Ciudad<\/span><\/span><\/strong><\/p>\n<p><iframe class=\"video\" title=\"YouTube video player\" src=\"https:\/\/www.youtube.com\/embed\/kiPYMY01PiI?si=dOQIJCBO90SL1uhF\" width=\"560\" height=\"315\" frameborder=\"0\" allowfullscreen=\"allowfullscreen\"><\/iframe><\/p>\n<div class=\"pvc_clear\"><\/div>\n<p id=\"pvc_stats_2853\" class=\"pvc_stats all  \" data-element-id=\"2853\" style=\"\"><i class=\"pvc-stats-icon large\" aria-hidden=\"true\"><svg aria-hidden=\"true\" focusable=\"false\" data-prefix=\"far\" data-icon=\"chart-bar\" role=\"img\" xmlns=\"http:\/\/www.w3.org\/2000\/svg\" viewBox=\"0 0 512 512\" class=\"svg-inline--fa fa-chart-bar fa-w-16 fa-2x\"><path fill=\"currentColor\" d=\"M396.8 352h22.4c6.4 0 12.8-6.4 12.8-12.8V108.8c0-6.4-6.4-12.8-12.8-12.8h-22.4c-6.4 0-12.8 6.4-12.8 12.8v230.4c0 6.4 6.4 12.8 12.8 12.8zm-192 0h22.4c6.4 0 12.8-6.4 12.8-12.8V140.8c0-6.4-6.4-12.8-12.8-12.8h-22.4c-6.4 0-12.8 6.4-12.8 12.8v198.4c0 6.4 6.4 12.8 12.8 12.8zm96 0h22.4c6.4 0 12.8-6.4 12.8-12.8V204.8c0-6.4-6.4-12.8-12.8-12.8h-22.4c-6.4 0-12.8 6.4-12.8 12.8v134.4c0 6.4 6.4 12.8 12.8 12.8zM496 400H48V80c0-8.84-7.16-16-16-16H16C7.16 64 0 71.16 0 80v336c0 17.67 14.33 32 32 32h464c8.84 0 16-7.16 16-16v-16c0-8.84-7.16-16-16-16zm-387.2-48h22.4c6.4 0 12.8-6.4 12.8-12.8v-70.4c0-6.4-6.4-12.8-12.8-12.8h-22.4c-6.4 0-12.8 6.4-12.8 12.8v70.4c0 6.4 6.4 12.8 12.8 12.8z\" class=\"\"><\/path><\/svg><\/i> <img loading=\"lazy\" decoding=\"async\" width=\"16\" height=\"16\" alt=\"Loading\" src=\"https:\/\/radiovilardevoz.org\/wp-content\/plugins\/page-views-count\/ajax-loader-2x.gif\" border=0 \/><\/p>\n<div class=\"pvc_clear\"><\/div>\n","protected":false},"excerpt":{"rendered":"<p>17 de julio de 2025 Hoy, adem\u00e1s de la presentaci\u00f3n del libro, realizamos la presentaci\u00f3n de la Escuelita Loca. Escuelita loca (evento 17\/7) \u00a0 Desvilardebocear y vilardevocear una tarea, puntualmente&hellip; <\/p>\n<div class=\"pvc_clear\"><\/div>\n<p id=\"pvc_stats_2853\" class=\"pvc_stats all  \" data-element-id=\"2853\" style=\"\"><i class=\"pvc-stats-icon large\" aria-hidden=\"true\"><svg aria-hidden=\"true\" focusable=\"false\" data-prefix=\"far\" data-icon=\"chart-bar\" role=\"img\" xmlns=\"http:\/\/www.w3.org\/2000\/svg\" viewBox=\"0 0 512 512\" class=\"svg-inline--fa fa-chart-bar fa-w-16 fa-2x\"><path fill=\"currentColor\" d=\"M396.8 352h22.4c6.4 0 12.8-6.4 12.8-12.8V108.8c0-6.4-6.4-12.8-12.8-12.8h-22.4c-6.4 0-12.8 6.4-12.8 12.8v230.4c0 6.4 6.4 12.8 12.8 12.8zm-192 0h22.4c6.4 0 12.8-6.4 12.8-12.8V140.8c0-6.4-6.4-12.8-12.8-12.8h-22.4c-6.4 0-12.8 6.4-12.8 12.8v198.4c0 6.4 6.4 12.8 12.8 12.8zm96 0h22.4c6.4 0 12.8-6.4 12.8-12.8V204.8c0-6.4-6.4-12.8-12.8-12.8h-22.4c-6.4 0-12.8 6.4-12.8 12.8v134.4c0 6.4 6.4 12.8 12.8 12.8zM496 400H48V80c0-8.84-7.16-16-16-16H16C7.16 64 0 71.16 0 80v336c0 17.67 14.33 32 32 32h464c8.84 0 16-7.16 16-16v-16c0-8.84-7.16-16-16-16zm-387.2-48h22.4c6.4 0 12.8-6.4 12.8-12.8v-70.4c0-6.4-6.4-12.8-12.8-12.8h-22.4c-6.4 0-12.8 6.4-12.8 12.8v70.4c0 6.4 6.4 12.8 12.8 12.8z\" class=\"\"><\/path><\/svg><\/i> <img loading=\"lazy\" decoding=\"async\" width=\"16\" height=\"16\" alt=\"Loading\" src=\"https:\/\/radiovilardevoz.org\/wp-content\/plugins\/page-views-count\/ajax-loader-2x.gif\" border=0 \/><\/p>\n<div class=\"pvc_clear\"><\/div>\n","protected":false},"author":7,"featured_media":2868,"comment_status":"open","ping_status":"open","sticky":false,"template":"","format":"standard","meta":{"footnotes":""},"categories":[25,7],"tags":[],"class_list":["post-2853","post","type-post","status-publish","format-standard","has-post-thumbnail","hentry","category-audiovisuales","category-noticias-destacadas"],"_links":{"self":[{"href":"https:\/\/radiovilardevoz.org\/index.php?rest_route=\/wp\/v2\/posts\/2853","targetHints":{"allow":["GET"]}}],"collection":[{"href":"https:\/\/radiovilardevoz.org\/index.php?rest_route=\/wp\/v2\/posts"}],"about":[{"href":"https:\/\/radiovilardevoz.org\/index.php?rest_route=\/wp\/v2\/types\/post"}],"author":[{"embeddable":true,"href":"https:\/\/radiovilardevoz.org\/index.php?rest_route=\/wp\/v2\/users\/7"}],"replies":[{"embeddable":true,"href":"https:\/\/radiovilardevoz.org\/index.php?rest_route=%2Fwp%2Fv2%2Fcomments&post=2853"}],"version-history":[{"count":9,"href":"https:\/\/radiovilardevoz.org\/index.php?rest_route=\/wp\/v2\/posts\/2853\/revisions"}],"predecessor-version":[{"id":2887,"href":"https:\/\/radiovilardevoz.org\/index.php?rest_route=\/wp\/v2\/posts\/2853\/revisions\/2887"}],"wp:featuredmedia":[{"embeddable":true,"href":"https:\/\/radiovilardevoz.org\/index.php?rest_route=\/wp\/v2\/media\/2868"}],"wp:attachment":[{"href":"https:\/\/radiovilardevoz.org\/index.php?rest_route=%2Fwp%2Fv2%2Fmedia&parent=2853"}],"wp:term":[{"taxonomy":"category","embeddable":true,"href":"https:\/\/radiovilardevoz.org\/index.php?rest_route=%2Fwp%2Fv2%2Fcategories&post=2853"},{"taxonomy":"post_tag","embeddable":true,"href":"https:\/\/radiovilardevoz.org\/index.php?rest_route=%2Fwp%2Fv2%2Ftags&post=2853"}],"curies":[{"name":"wp","href":"https:\/\/api.w.org\/{rel}","templated":true}]}}