{"id":2869,"date":"2025-07-21T15:59:36","date_gmt":"2025-07-21T18:59:36","guid":{"rendered":"https:\/\/radiovilardevoz.org\/?p=2869"},"modified":"2025-07-21T16:04:04","modified_gmt":"2025-07-21T19:04:04","slug":"la-salud-mental-es-en-colectivo","status":"publish","type":"post","link":"https:\/\/radiovilardevoz.org\/?p=2869","title":{"rendered":"La salud mental es en colectivo"},"content":{"rendered":"<p style=\"text-align: right;\">21 de julio de 2025<\/p>\n<p><img decoding=\"async\" class=\"alignnone size-medium wp-image-2873 foto\" src=\"https:\/\/radiovilardevoz.org\/wp-content\/uploads\/2025\/07\/mas-comunidad-300x133.png\" alt=\"\" width=\"300\" height=\"133\" srcset=\"https:\/\/radiovilardevoz.org\/wp-content\/uploads\/2025\/07\/mas-comunidad-300x133.png 300w, https:\/\/radiovilardevoz.org\/wp-content\/uploads\/2025\/07\/mas-comunidad.png 325w\" sizes=\"(max-width: 300px) 100vw, 300px\" \/><\/p>\n<p><strong>Publicaci\u00f3n de Mate Amargo:<\/strong><\/p>\n<p><strong><a href=\"https:\/\/www.mateamargo.org.uy\/2025\/07\/20\/la-salud-mental-es-en-colectivo\/\" target=\"_blanck\">https:\/\/www.mateamargo.org.uy\/2025\/07\/20\/la-salud-mental-es-en-colectivo\/<\/a><\/strong><\/p>\n<p>\u201cLa salida es colectiva siempre; en este mundo injusto y desigual, ninguna persona se salva sola\u201d Alfredo Moffatt<\/p>\n<p>Desde el a\u00f1o 2018 Uruguay cuenta con una ley de Salud Mental, Ley N\u00b0 19529, que establece en su art\u00edculo N\u00b0 38, que se deber\u00e1 generar un cronograma de cierre de los establecimientos asilares y estructuras monovalentes. Poniendo como l\u00edmite al cumplimiento definitivo del cronograma el a\u00f1o 2025.<\/p>\n<p>Llegado entonces el tiempo l\u00edmite establecido por la ley, viendo los desaf\u00edos y vac\u00edos que enfrenta la Salud Mental en Uruguay, es que charlamos con Maximiliano Rivero. \u00c9l es miembro fundador del Frente Antimanicomial, espacio que busca nuclear organizaciones, colectivos y personas que (como lo explicita su plataforma de creaci\u00f3n):<\/p>\n<p>\u201c\u2026 luchen por desmantelar la l\u00f3gica manicomial, las pr\u00e1cticas de encierro, exclusi\u00f3n y discriminaci\u00f3n que imperan en nuestro pa\u00eds y que se aplican particularmente en el campo de la Salud Mental. Este Frente reivindicar\u00e1 el derecho a la salud mental desde una perspectiva integral e intersectorial, haciendo \u00e9nfasis en la defensa del buen vivir de todas las personas sin discriminaci\u00f3n alguna.\u201d<\/p>\n<p>Se conforma en el a\u00f1o 2019 y su plataforma de creaci\u00f3n fue firmada por doce colectivos, han realizado m\u00faltiples actividades de sensibilizaci\u00f3n, formaci\u00f3n y denuncia, muchas de ellas en el marco de la pandemia.<\/p>\n<p>En el modelo hegem\u00f3nico m\u00e9dico y cultural que nos rodea, se ve a la salud, enfermedad, como un aspecto individual que se mide, se trata e impacta en la persona como unidad separada de su entorno. Tanto la ley, como la plataforma de creaci\u00f3n del frente antimanicomial entienden la salud mental atada a los derechos humanos, la justicia social, la vivienda, la educaci\u00f3n, la cultura, el trabajo, el medio ambiente, al g\u00e9nero y la diversidad y la econom\u00eda de personas y colectivos.<\/p>\n<p>&nbsp;<\/p>\n<p>Surge la pregunta: \u00bfes posible ser sano en un entorno insano? \u00bfEs posible en entornos plagados de violencia?, en una sociedad donde lo que impera es el inter\u00e9s por la acumulaci\u00f3n y la vida de las personas solo es importante de forma funcional al anterior inter\u00e9s, \u00bfqu\u00e9 es la salud mental?<\/p>\n<p>&nbsp;<\/p>\n<p>Nos dice Maximiliano: la idea del Frente es reivindicar el derecho a una salud mental desde una perspectiva integral e intersectorial y que hace \u00e9nfasis en la defensa del buen vivir, de todas las personas, entendiendo que para que exista este buen vivir y un cuidado de la salud mental hay que tener un trabajo digno, una vivienda digna, acceso a la salud de calidad, acceso a la educaci\u00f3n, vivir en un \u00e1mbito sin violencia, etc.<\/p>\n<p>&nbsp;<\/p>\n<p>Desde esta perspectiva de salud su atenci\u00f3n dista de una respuesta dise\u00f1ada por la farmac\u00e9utica de turno. A prop\u00f3sito la Ley N\u00b0 19529, en su 2do art\u00edculo, lo plantea de esta forma: \u201cLa protecci\u00f3n de la salud mental abarca acciones de promoci\u00f3n, prevenci\u00f3n, tratamiento y rehabilitaci\u00f3n, encaminadas a crear las condiciones para el ejercicio del derecho a una vida digna de todas las personas y particularmente de aquellas con trastorno mental\u201d.<\/p>\n<p>&nbsp;<\/p>\n<p>Le pedimos a Maximiliano que nos diera un estado de situaci\u00f3n de la tem\u00e1tica al d\u00eda de hoy.<\/p>\n<p>&nbsp;<\/p>\n<p>Maximiliano: El estado de situaci\u00f3n del Uruguay, en relaci\u00f3n a la salud mental, tiene que ver con una ley que no se reglamenta del todo, una ley que no se le pone plata, la salud mental siempre en el lugar m\u00e1s bajo de los presupuestos. Tenemos una ley desde el a\u00f1o 2017, una ley que llev\u00f3 un mont\u00f3n de discusi\u00f3n, una ley que llev\u00f3 un mont\u00f3n de negociaciones tambi\u00e9n. Un mont\u00f3n de los colectivos entendemos que es una herramienta s\u00faper necesaria y v\u00e1lida para este cambio de paradigma. Una ley que es muy contundente en sus art\u00edculos 38 y 37 que habla en definitiva del cierre de las instituciones asilares y monovalentes. El cierre, concretamente, de los manicomios para el a\u00f1o 2025, a\u00f1o en el que estamos hoy en d\u00eda. Lo que ha pasado es que no se le ha puesto plata, no se le ha puesto pienso, no existi\u00f3 voluntad pol\u00edtica para que esto sucediera.<\/p>\n<p>El Frente Antimanicomial, hace unos meses, empez\u00f3 a convocar junto con otras organizaciones de familiares a un encuentro en la nave, la casa comunitaria y espacio cultural que lleva adelante la radio Vilardevoz. Nos cuenta que tienen participaci\u00f3n inclusive del sindicato de trabajadores del hospital y de las colonias, bajo la consigna \u201clleg\u00f3 el 2025, \u00bfQu\u00e9 hay que abrir para cerrar?\u201d. Empezar a afirmar que hay que abrir otros dispositivos y otros lugares para poder cerrar las instituciones asilares y monovalentes, para poder cerrar los manicomios. \u00bfC\u00f3mo hacerlo para que ninguna de las personas que hoy en d\u00eda est\u00e1 en estos lugares termine en la calle o en otros lugares que reproducen las mismas l\u00f3gicas de encierro, las mismas l\u00f3gicas manicomiales?<\/p>\n<p>&nbsp;<\/p>\n<p>La Salud Mental, a pesar de formar parte de la vida de todas las personas, toma preponderancia en la agenda cuando suceden cosas atroces, como el joven muerto en manos de la polic\u00eda en el departamento de Durazno, cuando su familia llam\u00f3 a los efectivos para que lo ayudar\u00e1n a compensarlo y trasladarlo al centro de salud. O el paciente del Hospital de Cl\u00ednicas que, tambi\u00e9n, descompensado, recibi\u00f3 un balazo en el t\u00f3rax tambi\u00e9n por parte de un polic\u00eda, o recordemos en otros momentos cuando una jaur\u00eda de perros atac\u00f3 y mat\u00f3 a un paciente en una de las colonias. En esos momentos queda expuesta, descarnadamente, la estigmatizaci\u00f3n que recae sobre las personas con problemas de salud mental, la idea imperante de que son personas peligrosas, o simplemente invisibles, descartables.<\/p>\n<p>&nbsp;<\/p>\n<p>La \u00faltima marcha convocada por varias organizaciones, entre ellas el frente antimanicomial, realizada el 11 de junio ten\u00eda como consigna \u201cNo somos peligrosos, estamos en peligro\u201d<\/p>\n<p>&nbsp;<\/p>\n<p>Nos dice Maximiliano: este cambio de paradigma es s\u00faper necesario, para que dejen de creer que la locura es peligrosa, para que dejen de estigmatizarnos y esta idea de que estamos en peligro, porque cuando necesitamos que la salud mental sea atendida en una perspectiva de derechos, desde un lugar emp\u00e1tico, lo que recibe es una bala a quemarropa, yo creo que esa consigna es muy contundente\u2026da cuenta de la necesidad de formar a las personas que deber\u00edan de protegernos, pero tambi\u00e9n a los que nos prestan los servicios de salud, me atrever\u00eda a decir a la sociedad en general, empezar a ver la locura desde otro lugar.<\/p>\n<p>&nbsp;<\/p>\n<p>Al preguntarle sobre qu\u00e9 esperan de esta nueva administraci\u00f3n, nos plantea; que haya presupuesto para el cumplimiento de la Ley, un cambio en la forma que se ve la salud mental, que deje de ser importante solo en campa\u00f1a o cuando pasan situaciones extremas.<\/p>\n<p>&nbsp;<\/p>\n<p>Este encuentro nos deja posicionados frente al desaf\u00edo que implica construir formas de vivir que cuiden, valoricen y brinden espacio a todas las personas, porque solo estaremos bien cuando todas las personas logren estarlo, recordando la frase de Spinetta: \u201cLas almas repudian todo tipo de encierro\u201d<\/p>\n<div class=\"pvc_clear\"><\/div>\n<p id=\"pvc_stats_2869\" class=\"pvc_stats all  \" data-element-id=\"2869\" style=\"\"><i class=\"pvc-stats-icon large\" aria-hidden=\"true\"><svg aria-hidden=\"true\" focusable=\"false\" data-prefix=\"far\" data-icon=\"chart-bar\" role=\"img\" xmlns=\"http:\/\/www.w3.org\/2000\/svg\" viewBox=\"0 0 512 512\" class=\"svg-inline--fa fa-chart-bar fa-w-16 fa-2x\"><path fill=\"currentColor\" d=\"M396.8 352h22.4c6.4 0 12.8-6.4 12.8-12.8V108.8c0-6.4-6.4-12.8-12.8-12.8h-22.4c-6.4 0-12.8 6.4-12.8 12.8v230.4c0 6.4 6.4 12.8 12.8 12.8zm-192 0h22.4c6.4 0 12.8-6.4 12.8-12.8V140.8c0-6.4-6.4-12.8-12.8-12.8h-22.4c-6.4 0-12.8 6.4-12.8 12.8v198.4c0 6.4 6.4 12.8 12.8 12.8zm96 0h22.4c6.4 0 12.8-6.4 12.8-12.8V204.8c0-6.4-6.4-12.8-12.8-12.8h-22.4c-6.4 0-12.8 6.4-12.8 12.8v134.4c0 6.4 6.4 12.8 12.8 12.8zM496 400H48V80c0-8.84-7.16-16-16-16H16C7.16 64 0 71.16 0 80v336c0 17.67 14.33 32 32 32h464c8.84 0 16-7.16 16-16v-16c0-8.84-7.16-16-16-16zm-387.2-48h22.4c6.4 0 12.8-6.4 12.8-12.8v-70.4c0-6.4-6.4-12.8-12.8-12.8h-22.4c-6.4 0-12.8 6.4-12.8 12.8v70.4c0 6.4 6.4 12.8 12.8 12.8z\" class=\"\"><\/path><\/svg><\/i> <img decoding=\"async\" width=\"16\" height=\"16\" alt=\"Loading\" src=\"https:\/\/radiovilardevoz.org\/wp-content\/plugins\/page-views-count\/ajax-loader-2x.gif\" border=0 \/><\/p>\n<div class=\"pvc_clear\"><\/div>\n","protected":false},"excerpt":{"rendered":"<p>21 de julio de 2025 Publicaci\u00f3n de Mate Amargo: https:\/\/www.mateamargo.org.uy\/2025\/07\/20\/la-salud-mental-es-en-colectivo\/ \u201cLa salida es colectiva siempre; en este mundo injusto y desigual, ninguna persona se salva sola\u201d Alfredo Moffatt Desde el&hellip; <\/p>\n<div class=\"pvc_clear\"><\/div>\n<p id=\"pvc_stats_2869\" class=\"pvc_stats all  \" data-element-id=\"2869\" style=\"\"><i class=\"pvc-stats-icon large\" aria-hidden=\"true\"><svg aria-hidden=\"true\" focusable=\"false\" data-prefix=\"far\" data-icon=\"chart-bar\" role=\"img\" xmlns=\"http:\/\/www.w3.org\/2000\/svg\" viewBox=\"0 0 512 512\" class=\"svg-inline--fa fa-chart-bar fa-w-16 fa-2x\"><path fill=\"currentColor\" d=\"M396.8 352h22.4c6.4 0 12.8-6.4 12.8-12.8V108.8c0-6.4-6.4-12.8-12.8-12.8h-22.4c-6.4 0-12.8 6.4-12.8 12.8v230.4c0 6.4 6.4 12.8 12.8 12.8zm-192 0h22.4c6.4 0 12.8-6.4 12.8-12.8V140.8c0-6.4-6.4-12.8-12.8-12.8h-22.4c-6.4 0-12.8 6.4-12.8 12.8v198.4c0 6.4 6.4 12.8 12.8 12.8zm96 0h22.4c6.4 0 12.8-6.4 12.8-12.8V204.8c0-6.4-6.4-12.8-12.8-12.8h-22.4c-6.4 0-12.8 6.4-12.8 12.8v134.4c0 6.4 6.4 12.8 12.8 12.8zM496 400H48V80c0-8.84-7.16-16-16-16H16C7.16 64 0 71.16 0 80v336c0 17.67 14.33 32 32 32h464c8.84 0 16-7.16 16-16v-16c0-8.84-7.16-16-16-16zm-387.2-48h22.4c6.4 0 12.8-6.4 12.8-12.8v-70.4c0-6.4-6.4-12.8-12.8-12.8h-22.4c-6.4 0-12.8 6.4-12.8 12.8v70.4c0 6.4 6.4 12.8 12.8 12.8z\" class=\"\"><\/path><\/svg><\/i> <img decoding=\"async\" width=\"16\" height=\"16\" alt=\"Loading\" src=\"https:\/\/radiovilardevoz.org\/wp-content\/plugins\/page-views-count\/ajax-loader-2x.gif\" border=0 \/><\/p>\n<div class=\"pvc_clear\"><\/div>\n","protected":false},"author":7,"featured_media":2871,"comment_status":"open","ping_status":"open","sticky":false,"template":"","format":"standard","meta":{"footnotes":""},"categories":[7],"tags":[],"class_list":["post-2869","post","type-post","status-publish","format-standard","has-post-thumbnail","hentry","category-noticias-destacadas"],"_links":{"self":[{"href":"https:\/\/radiovilardevoz.org\/index.php?rest_route=\/wp\/v2\/posts\/2869","targetHints":{"allow":["GET"]}}],"collection":[{"href":"https:\/\/radiovilardevoz.org\/index.php?rest_route=\/wp\/v2\/posts"}],"about":[{"href":"https:\/\/radiovilardevoz.org\/index.php?rest_route=\/wp\/v2\/types\/post"}],"author":[{"embeddable":true,"href":"https:\/\/radiovilardevoz.org\/index.php?rest_route=\/wp\/v2\/users\/7"}],"replies":[{"embeddable":true,"href":"https:\/\/radiovilardevoz.org\/index.php?rest_route=%2Fwp%2Fv2%2Fcomments&post=2869"}],"version-history":[{"count":3,"href":"https:\/\/radiovilardevoz.org\/index.php?rest_route=\/wp\/v2\/posts\/2869\/revisions"}],"predecessor-version":[{"id":2874,"href":"https:\/\/radiovilardevoz.org\/index.php?rest_route=\/wp\/v2\/posts\/2869\/revisions\/2874"}],"wp:featuredmedia":[{"embeddable":true,"href":"https:\/\/radiovilardevoz.org\/index.php?rest_route=\/wp\/v2\/media\/2871"}],"wp:attachment":[{"href":"https:\/\/radiovilardevoz.org\/index.php?rest_route=%2Fwp%2Fv2%2Fmedia&parent=2869"}],"wp:term":[{"taxonomy":"category","embeddable":true,"href":"https:\/\/radiovilardevoz.org\/index.php?rest_route=%2Fwp%2Fv2%2Fcategories&post=2869"},{"taxonomy":"post_tag","embeddable":true,"href":"https:\/\/radiovilardevoz.org\/index.php?rest_route=%2Fwp%2Fv2%2Ftags&post=2869"}],"curies":[{"name":"wp","href":"https:\/\/api.w.org\/{rel}","templated":true}]}}