{"id":2889,"date":"2025-07-29T19:00:35","date_gmt":"2025-07-29T22:00:35","guid":{"rendered":"https:\/\/radiovilardevoz.org\/?p=2889"},"modified":"2025-07-29T19:48:43","modified_gmt":"2025-07-29T22:48:43","slug":"rodrigo-toto-yulele","status":"publish","type":"post","link":"https:\/\/radiovilardevoz.org\/?p=2889","title":{"rendered":"Rodrigo Toto Yulel\u00e9"},"content":{"rendered":"<h6 style=\"text-align: right;\">26 de julio de 2025<\/h6>\n<p><img fetchpriority=\"high\" decoding=\"async\" class=\"alignnone size-medium wp-image-2895 foto2\" src=\"https:\/\/radiovilardevoz.org\/wp-content\/uploads\/2025\/07\/WhatsApp-Image-2025-07-29-at-19.19.48-1-min-300x225.jpeg\" alt=\"\" width=\"300\" height=\"225\" srcset=\"https:\/\/radiovilardevoz.org\/wp-content\/uploads\/2025\/07\/WhatsApp-Image-2025-07-29-at-19.19.48-1-min-300x225.jpeg 300w, https:\/\/radiovilardevoz.org\/wp-content\/uploads\/2025\/07\/WhatsApp-Image-2025-07-29-at-19.19.48-1-min-600x450.jpeg 600w, https:\/\/radiovilardevoz.org\/wp-content\/uploads\/2025\/07\/WhatsApp-Image-2025-07-29-at-19.19.48-1-min-1024x768.jpeg 1024w, https:\/\/radiovilardevoz.org\/wp-content\/uploads\/2025\/07\/WhatsApp-Image-2025-07-29-at-19.19.48-1-min-768x576.jpeg 768w, https:\/\/radiovilardevoz.org\/wp-content\/uploads\/2025\/07\/WhatsApp-Image-2025-07-29-at-19.19.48-1-min-1536x1152.jpeg 1536w, https:\/\/radiovilardevoz.org\/wp-content\/uploads\/2025\/07\/WhatsApp-Image-2025-07-29-at-19.19.48-1-min.jpeg 1600w\" sizes=\"(max-width: 300px) 100vw, 300px\" \/> <img decoding=\"async\" class=\"alignnone size-medium wp-image-2896 foto\" src=\"https:\/\/radiovilardevoz.org\/wp-content\/uploads\/2025\/07\/WhatsApp-Image-2025-07-29-at-19.19.49-min-225x300.jpeg\" alt=\"\" width=\"225\" height=\"300\" srcset=\"https:\/\/radiovilardevoz.org\/wp-content\/uploads\/2025\/07\/WhatsApp-Image-2025-07-29-at-19.19.49-min-225x300.jpeg 225w, https:\/\/radiovilardevoz.org\/wp-content\/uploads\/2025\/07\/WhatsApp-Image-2025-07-29-at-19.19.49-min-600x800.jpeg 600w, https:\/\/radiovilardevoz.org\/wp-content\/uploads\/2025\/07\/WhatsApp-Image-2025-07-29-at-19.19.49-min-768x1024.jpeg 768w, https:\/\/radiovilardevoz.org\/wp-content\/uploads\/2025\/07\/WhatsApp-Image-2025-07-29-at-19.19.49-min-1152x1536.jpeg 1152w, https:\/\/radiovilardevoz.org\/wp-content\/uploads\/2025\/07\/WhatsApp-Image-2025-07-29-at-19.19.49-min.jpeg 1200w\" sizes=\"(max-width: 225px) 100vw, 225px\" \/> <img decoding=\"async\" class=\"alignnone size-medium wp-image-2894 foto\" src=\"https:\/\/radiovilardevoz.org\/wp-content\/uploads\/2025\/07\/WhatsApp-Image-2025-07-29-at-19.19.48-min-226x300.jpeg\" alt=\"\" width=\"226\" height=\"300\" srcset=\"https:\/\/radiovilardevoz.org\/wp-content\/uploads\/2025\/07\/WhatsApp-Image-2025-07-29-at-19.19.48-min-226x300.jpeg 226w, https:\/\/radiovilardevoz.org\/wp-content\/uploads\/2025\/07\/WhatsApp-Image-2025-07-29-at-19.19.48-min-600x797.jpeg 600w, https:\/\/radiovilardevoz.org\/wp-content\/uploads\/2025\/07\/WhatsApp-Image-2025-07-29-at-19.19.48-min-771x1024.jpeg 771w, https:\/\/radiovilardevoz.org\/wp-content\/uploads\/2025\/07\/WhatsApp-Image-2025-07-29-at-19.19.48-min-768x1021.jpeg 768w, https:\/\/radiovilardevoz.org\/wp-content\/uploads\/2025\/07\/WhatsApp-Image-2025-07-29-at-19.19.48-min-1156x1536.jpeg 1156w, https:\/\/radiovilardevoz.org\/wp-content\/uploads\/2025\/07\/WhatsApp-Image-2025-07-29-at-19.19.48-min.jpeg 1204w\" sizes=\"(max-width: 226px) 100vw, 226px\" \/><\/p>\n<p>Recibimos con mucha alegr\u00eda a un amigo entra\u00f1able de la radio Rodrigo Toto Yulele m\u00fasico con caminos juntos desde hace muchos a\u00f1os&#8230;. En esta ocasi\u00f3n de su vuelta a Uruguay despu\u00e9s de estar un tiempo en Argentina, con un nuevo disco llamado No Sabemos como que lo presentara el jueves 07 de Agosto a las 20.30 horas en la Sala Zavala Muniz del Teatro Sol\u00eds. Estar\u00e1 con banda completa para deleitar todos los sentidos. Un show donde se podr\u00e1 presenciar el despliegue completo de las canciones del m\u00fasico.<\/p>\n<p><strong>Audio de la entrevista:<\/strong><\/p>\n<p><iframe src=\"https:\/\/www.ivoox.com\/player_ej_153948522_6_1.html?c1=5b3411\" width=\"100%\" height=\"200\" frameborder=\"0\" scrolling=\"no\" allowfullscreen=\"allowfullscreen\"><\/iframe><\/p>\n<p>&nbsp;<\/p>\n<div class=\"pvc_clear\"><\/div>\n<p id=\"pvc_stats_2889\" class=\"pvc_stats all  \" data-element-id=\"2889\" style=\"\"><i class=\"pvc-stats-icon large\" aria-hidden=\"true\"><svg aria-hidden=\"true\" focusable=\"false\" data-prefix=\"far\" data-icon=\"chart-bar\" role=\"img\" xmlns=\"http:\/\/www.w3.org\/2000\/svg\" viewBox=\"0 0 512 512\" class=\"svg-inline--fa fa-chart-bar fa-w-16 fa-2x\"><path fill=\"currentColor\" d=\"M396.8 352h22.4c6.4 0 12.8-6.4 12.8-12.8V108.8c0-6.4-6.4-12.8-12.8-12.8h-22.4c-6.4 0-12.8 6.4-12.8 12.8v230.4c0 6.4 6.4 12.8 12.8 12.8zm-192 0h22.4c6.4 0 12.8-6.4 12.8-12.8V140.8c0-6.4-6.4-12.8-12.8-12.8h-22.4c-6.4 0-12.8 6.4-12.8 12.8v198.4c0 6.4 6.4 12.8 12.8 12.8zm96 0h22.4c6.4 0 12.8-6.4 12.8-12.8V204.8c0-6.4-6.4-12.8-12.8-12.8h-22.4c-6.4 0-12.8 6.4-12.8 12.8v134.4c0 6.4 6.4 12.8 12.8 12.8zM496 400H48V80c0-8.84-7.16-16-16-16H16C7.16 64 0 71.16 0 80v336c0 17.67 14.33 32 32 32h464c8.84 0 16-7.16 16-16v-16c0-8.84-7.16-16-16-16zm-387.2-48h22.4c6.4 0 12.8-6.4 12.8-12.8v-70.4c0-6.4-6.4-12.8-12.8-12.8h-22.4c-6.4 0-12.8 6.4-12.8 12.8v70.4c0 6.4 6.4 12.8 12.8 12.8z\" class=\"\"><\/path><\/svg><\/i> <img loading=\"lazy\" decoding=\"async\" width=\"16\" height=\"16\" alt=\"Loading\" src=\"https:\/\/radiovilardevoz.org\/wp-content\/plugins\/page-views-count\/ajax-loader-2x.gif\" border=0 \/><\/p>\n<div class=\"pvc_clear\"><\/div>\n","protected":false},"excerpt":{"rendered":"<p>26 de julio de 2025 Recibimos con mucha alegr\u00eda a un amigo entra\u00f1able de la radio Rodrigo Toto Yulele m\u00fasico con caminos juntos desde hace muchos a\u00f1os&#8230;. En esta ocasi\u00f3n&hellip; <\/p>\n<div class=\"pvc_clear\"><\/div>\n<p id=\"pvc_stats_2889\" class=\"pvc_stats all  \" data-element-id=\"2889\" style=\"\"><i class=\"pvc-stats-icon large\" aria-hidden=\"true\"><svg aria-hidden=\"true\" focusable=\"false\" data-prefix=\"far\" data-icon=\"chart-bar\" role=\"img\" xmlns=\"http:\/\/www.w3.org\/2000\/svg\" viewBox=\"0 0 512 512\" class=\"svg-inline--fa fa-chart-bar fa-w-16 fa-2x\"><path fill=\"currentColor\" d=\"M396.8 352h22.4c6.4 0 12.8-6.4 12.8-12.8V108.8c0-6.4-6.4-12.8-12.8-12.8h-22.4c-6.4 0-12.8 6.4-12.8 12.8v230.4c0 6.4 6.4 12.8 12.8 12.8zm-192 0h22.4c6.4 0 12.8-6.4 12.8-12.8V140.8c0-6.4-6.4-12.8-12.8-12.8h-22.4c-6.4 0-12.8 6.4-12.8 12.8v198.4c0 6.4 6.4 12.8 12.8 12.8zm96 0h22.4c6.4 0 12.8-6.4 12.8-12.8V204.8c0-6.4-6.4-12.8-12.8-12.8h-22.4c-6.4 0-12.8 6.4-12.8 12.8v134.4c0 6.4 6.4 12.8 12.8 12.8zM496 400H48V80c0-8.84-7.16-16-16-16H16C7.16 64 0 71.16 0 80v336c0 17.67 14.33 32 32 32h464c8.84 0 16-7.16 16-16v-16c0-8.84-7.16-16-16-16zm-387.2-48h22.4c6.4 0 12.8-6.4 12.8-12.8v-70.4c0-6.4-6.4-12.8-12.8-12.8h-22.4c-6.4 0-12.8 6.4-12.8 12.8v70.4c0 6.4 6.4 12.8 12.8 12.8z\" class=\"\"><\/path><\/svg><\/i> <img loading=\"lazy\" decoding=\"async\" width=\"16\" height=\"16\" alt=\"Loading\" src=\"https:\/\/radiovilardevoz.org\/wp-content\/plugins\/page-views-count\/ajax-loader-2x.gif\" border=0 \/><\/p>\n<div class=\"pvc_clear\"><\/div>\n","protected":false},"author":7,"featured_media":2895,"comment_status":"open","ping_status":"open","sticky":false,"template":"","format":"standard","meta":{"footnotes":""},"categories":[7],"tags":[],"class_list":["post-2889","post","type-post","status-publish","format-standard","has-post-thumbnail","hentry","category-noticias-destacadas"],"_links":{"self":[{"href":"https:\/\/radiovilardevoz.org\/index.php?rest_route=\/wp\/v2\/posts\/2889","targetHints":{"allow":["GET"]}}],"collection":[{"href":"https:\/\/radiovilardevoz.org\/index.php?rest_route=\/wp\/v2\/posts"}],"about":[{"href":"https:\/\/radiovilardevoz.org\/index.php?rest_route=\/wp\/v2\/types\/post"}],"author":[{"embeddable":true,"href":"https:\/\/radiovilardevoz.org\/index.php?rest_route=\/wp\/v2\/users\/7"}],"replies":[{"embeddable":true,"href":"https:\/\/radiovilardevoz.org\/index.php?rest_route=%2Fwp%2Fv2%2Fcomments&post=2889"}],"version-history":[{"count":8,"href":"https:\/\/radiovilardevoz.org\/index.php?rest_route=\/wp\/v2\/posts\/2889\/revisions"}],"predecessor-version":[{"id":2901,"href":"https:\/\/radiovilardevoz.org\/index.php?rest_route=\/wp\/v2\/posts\/2889\/revisions\/2901"}],"wp:featuredmedia":[{"embeddable":true,"href":"https:\/\/radiovilardevoz.org\/index.php?rest_route=\/wp\/v2\/media\/2895"}],"wp:attachment":[{"href":"https:\/\/radiovilardevoz.org\/index.php?rest_route=%2Fwp%2Fv2%2Fmedia&parent=2889"}],"wp:term":[{"taxonomy":"category","embeddable":true,"href":"https:\/\/radiovilardevoz.org\/index.php?rest_route=%2Fwp%2Fv2%2Fcategories&post=2889"},{"taxonomy":"post_tag","embeddable":true,"href":"https:\/\/radiovilardevoz.org\/index.php?rest_route=%2Fwp%2Fv2%2Ftags&post=2889"}],"curies":[{"name":"wp","href":"https:\/\/api.w.org\/{rel}","templated":true}]}}