{"id":2946,"date":"2025-08-15T08:58:10","date_gmt":"2025-08-15T11:58:10","guid":{"rendered":"https:\/\/radiovilardevoz.org\/?p=2946"},"modified":"2025-08-15T15:38:41","modified_gmt":"2025-08-15T18:38:41","slug":"maite-gadea-cantautora","status":"publish","type":"post","link":"https:\/\/radiovilardevoz.org\/?p=2946","title":{"rendered":"Mait\u00e9 Gadea Cantautora"},"content":{"rendered":"<h6 style=\"text-align: right;\">09 de agosto de 2025<\/h6>\n<p><img fetchpriority=\"high\" decoding=\"async\" class=\"alignnone size-medium wp-image-2944 foto\" src=\"https:\/\/radiovilardevoz.org\/wp-content\/uploads\/2025\/08\/2-226x300.jpg\" alt=\"\" width=\"226\" height=\"300\" srcset=\"https:\/\/radiovilardevoz.org\/wp-content\/uploads\/2025\/08\/2-226x300.jpg 226w, https:\/\/radiovilardevoz.org\/wp-content\/uploads\/2025\/08\/2-600x797.jpg 600w, https:\/\/radiovilardevoz.org\/wp-content\/uploads\/2025\/08\/2-771x1024.jpg 771w, https:\/\/radiovilardevoz.org\/wp-content\/uploads\/2025\/08\/2-768x1020.jpg 768w, https:\/\/radiovilardevoz.org\/wp-content\/uploads\/2025\/08\/2-1157x1536.jpg 1157w, https:\/\/radiovilardevoz.org\/wp-content\/uploads\/2025\/08\/2.jpg 1536w\" sizes=\"(max-width: 226px) 100vw, 226px\" \/><\/p>\n<div class=\"mb-05 lh-sm description-wrapper\" data-v-6932caef=\"\">\n<div class=\"description-container font-size-12\" data-v-6932caef=\"\">\n<div class=\"description mb-05\" data-v-6932caef=\"\">En nuestro ciclo Laberinto Musical donde nos visitan m\u00fasicos amigos, desde hace algunos a\u00f1os, recibimos a la joven Cantautora Mait\u00e9 Gadea. Charlamos de sus comienzos, la musica sus influencias y nos vino a invitar a su pr\u00f3ximo recital el S\u00e1bado 23 de Agosto en la Sala Lazaroff. Los invitamos a tod@s a acompa\u00f1ar a esta joven interprete aqu\u00ed les compartimos la Informaci\u00f3n- Mait\u00e9 Gadea, ganadora del Premio Graffiti 2023 \u00abMejor \u00e1lbum de candombe fusi\u00f3n\u00bb por su disco \u00abVuelta al n\u00facleo\u00bb; acompa\u00f1ada por una banda de destacados m\u00fasicos, interpretar\u00e1 las canciones de su \u00e1lbum y tambi\u00e9n canciones nuevas e in\u00e9ditas, en una noche llena de magia. Las Entradas son gratuitas con reserva previa a trav\u00e9s del correo sala.lazaroff@imm.gub.uy o a los tel\u00e9fonos 1950 9075 -099 612 009<\/div>\n<div data-v-6932caef=\"\"><strong>Audio de la entrevista:<\/strong><\/div>\n<\/div>\n<\/div>\n<p><iframe src=\"https:\/\/www.ivoox.com\/player_ej_155466906_6_1.html?c1=5b3411\" width=\"100%\" height=\"200\" frameborder=\"0\" scrolling=\"no\" allowfullscreen=\"allowfullscreen\"><\/iframe><\/p>\n<div class=\"pvc_clear\"><\/div>\n<p id=\"pvc_stats_2946\" class=\"pvc_stats all  \" data-element-id=\"2946\" style=\"\"><i class=\"pvc-stats-icon large\" aria-hidden=\"true\"><svg aria-hidden=\"true\" focusable=\"false\" data-prefix=\"far\" data-icon=\"chart-bar\" role=\"img\" xmlns=\"http:\/\/www.w3.org\/2000\/svg\" viewBox=\"0 0 512 512\" class=\"svg-inline--fa fa-chart-bar fa-w-16 fa-2x\"><path fill=\"currentColor\" d=\"M396.8 352h22.4c6.4 0 12.8-6.4 12.8-12.8V108.8c0-6.4-6.4-12.8-12.8-12.8h-22.4c-6.4 0-12.8 6.4-12.8 12.8v230.4c0 6.4 6.4 12.8 12.8 12.8zm-192 0h22.4c6.4 0 12.8-6.4 12.8-12.8V140.8c0-6.4-6.4-12.8-12.8-12.8h-22.4c-6.4 0-12.8 6.4-12.8 12.8v198.4c0 6.4 6.4 12.8 12.8 12.8zm96 0h22.4c6.4 0 12.8-6.4 12.8-12.8V204.8c0-6.4-6.4-12.8-12.8-12.8h-22.4c-6.4 0-12.8 6.4-12.8 12.8v134.4c0 6.4 6.4 12.8 12.8 12.8zM496 400H48V80c0-8.84-7.16-16-16-16H16C7.16 64 0 71.16 0 80v336c0 17.67 14.33 32 32 32h464c8.84 0 16-7.16 16-16v-16c0-8.84-7.16-16-16-16zm-387.2-48h22.4c6.4 0 12.8-6.4 12.8-12.8v-70.4c0-6.4-6.4-12.8-12.8-12.8h-22.4c-6.4 0-12.8 6.4-12.8 12.8v70.4c0 6.4 6.4 12.8 12.8 12.8z\" class=\"\"><\/path><\/svg><\/i> <img decoding=\"async\" width=\"16\" height=\"16\" alt=\"Loading\" src=\"https:\/\/radiovilardevoz.org\/wp-content\/plugins\/page-views-count\/ajax-loader-2x.gif\" border=0 \/><\/p>\n<div class=\"pvc_clear\"><\/div>\n","protected":false},"excerpt":{"rendered":"<p>09 de agosto de 2025 En nuestro ciclo Laberinto Musical donde nos visitan m\u00fasicos amigos, desde hace algunos a\u00f1os, recibimos a la joven Cantautora Mait\u00e9 Gadea. Charlamos de sus comienzos,&hellip; <\/p>\n<div class=\"pvc_clear\"><\/div>\n<p id=\"pvc_stats_2946\" class=\"pvc_stats all  \" data-element-id=\"2946\" style=\"\"><i class=\"pvc-stats-icon large\" aria-hidden=\"true\"><svg aria-hidden=\"true\" focusable=\"false\" data-prefix=\"far\" data-icon=\"chart-bar\" role=\"img\" xmlns=\"http:\/\/www.w3.org\/2000\/svg\" viewBox=\"0 0 512 512\" class=\"svg-inline--fa fa-chart-bar fa-w-16 fa-2x\"><path fill=\"currentColor\" d=\"M396.8 352h22.4c6.4 0 12.8-6.4 12.8-12.8V108.8c0-6.4-6.4-12.8-12.8-12.8h-22.4c-6.4 0-12.8 6.4-12.8 12.8v230.4c0 6.4 6.4 12.8 12.8 12.8zm-192 0h22.4c6.4 0 12.8-6.4 12.8-12.8V140.8c0-6.4-6.4-12.8-12.8-12.8h-22.4c-6.4 0-12.8 6.4-12.8 12.8v198.4c0 6.4 6.4 12.8 12.8 12.8zm96 0h22.4c6.4 0 12.8-6.4 12.8-12.8V204.8c0-6.4-6.4-12.8-12.8-12.8h-22.4c-6.4 0-12.8 6.4-12.8 12.8v134.4c0 6.4 6.4 12.8 12.8 12.8zM496 400H48V80c0-8.84-7.16-16-16-16H16C7.16 64 0 71.16 0 80v336c0 17.67 14.33 32 32 32h464c8.84 0 16-7.16 16-16v-16c0-8.84-7.16-16-16-16zm-387.2-48h22.4c6.4 0 12.8-6.4 12.8-12.8v-70.4c0-6.4-6.4-12.8-12.8-12.8h-22.4c-6.4 0-12.8 6.4-12.8 12.8v70.4c0 6.4 6.4 12.8 12.8 12.8z\" class=\"\"><\/path><\/svg><\/i> <img decoding=\"async\" width=\"16\" height=\"16\" alt=\"Loading\" src=\"https:\/\/radiovilardevoz.org\/wp-content\/plugins\/page-views-count\/ajax-loader-2x.gif\" border=0 \/><\/p>\n<div class=\"pvc_clear\"><\/div>\n","protected":false},"author":7,"featured_media":2953,"comment_status":"open","ping_status":"open","sticky":false,"template":"","format":"standard","meta":{"footnotes":""},"categories":[7],"tags":[],"class_list":["post-2946","post","type-post","status-publish","format-standard","has-post-thumbnail","hentry","category-noticias-destacadas"],"_links":{"self":[{"href":"https:\/\/radiovilardevoz.org\/index.php?rest_route=\/wp\/v2\/posts\/2946","targetHints":{"allow":["GET"]}}],"collection":[{"href":"https:\/\/radiovilardevoz.org\/index.php?rest_route=\/wp\/v2\/posts"}],"about":[{"href":"https:\/\/radiovilardevoz.org\/index.php?rest_route=\/wp\/v2\/types\/post"}],"author":[{"embeddable":true,"href":"https:\/\/radiovilardevoz.org\/index.php?rest_route=\/wp\/v2\/users\/7"}],"replies":[{"embeddable":true,"href":"https:\/\/radiovilardevoz.org\/index.php?rest_route=%2Fwp%2Fv2%2Fcomments&post=2946"}],"version-history":[{"count":7,"href":"https:\/\/radiovilardevoz.org\/index.php?rest_route=\/wp\/v2\/posts\/2946\/revisions"}],"predecessor-version":[{"id":2955,"href":"https:\/\/radiovilardevoz.org\/index.php?rest_route=\/wp\/v2\/posts\/2946\/revisions\/2955"}],"wp:featuredmedia":[{"embeddable":true,"href":"https:\/\/radiovilardevoz.org\/index.php?rest_route=\/wp\/v2\/media\/2953"}],"wp:attachment":[{"href":"https:\/\/radiovilardevoz.org\/index.php?rest_route=%2Fwp%2Fv2%2Fmedia&parent=2946"}],"wp:term":[{"taxonomy":"category","embeddable":true,"href":"https:\/\/radiovilardevoz.org\/index.php?rest_route=%2Fwp%2Fv2%2Fcategories&post=2946"},{"taxonomy":"post_tag","embeddable":true,"href":"https:\/\/radiovilardevoz.org\/index.php?rest_route=%2Fwp%2Fv2%2Ftags&post=2946"}],"curies":[{"name":"wp","href":"https:\/\/api.w.org\/{rel}","templated":true}]}}