{"id":2964,"date":"2025-08-18T21:56:05","date_gmt":"2025-08-19T00:56:05","guid":{"rendered":"https:\/\/radiovilardevoz.org\/?p=2964"},"modified":"2025-08-20T17:00:22","modified_gmt":"2025-08-20T20:00:22","slug":"documental-comunidad-de-locos","status":"publish","type":"post","link":"https:\/\/radiovilardevoz.org\/?p=2964","title":{"rendered":"Documental Comunidad de Locos"},"content":{"rendered":"<h6 style=\"text-align: right;\">2005 es el a\u00f1o de realizado el documental, publicado en youtube en 2012.<\/h6>\n<p>&nbsp;<\/p>\n<p><iframe class=\"video\" title=\"YouTube video player\" src=\"https:\/\/www.youtube.com\/embed\/_Yr9C00yiDo?si=SqaiVbGfJjq7W5HT\" width=\"560\" height=\"315\" frameborder=\"0\" allowfullscreen=\"allowfullscreen\"><span data-mce-type=\"bookmark\" style=\"display: inline-block; width: 0px; overflow: hidden; line-height: 0;\" class=\"mce_SELRES_start\">\ufeff<\/span><\/iframe><\/p>\n<p>En este documental se trata el tema de las comunidades terap\u00e9uticas, que tiene su origen en Inglaterra de la post-guerra y que otros pa\u00edses de Europa tomaron y modificaron. En \u00e9ste film se rescata la experiencia de la Argentina.<\/p>\n<p>En 1957 se produjeron tres hechos importantes para el campo de la Salud Mental en la Rep\u00fablica Argentina; se cre\u00f3 en Instituto Nacional de Salud Mental, la carrera de psicolog\u00eda se implant\u00f3 en la UBA (Universidad de Buenos Aires) y Mauricio Goldemberg dirigi\u00f3 el primer Servicio de Psicopatolog\u00eda en el policl\u00ednico de Lanas (Pcia de Buenos Aires). De esto da cuenta primer tomo del libro \u201cLas huellas de la memoria, psicoan\u00e1lisis y Salud mental en la Argentina de los 60 y 70\u2013 \u201c, parte de cuya investigaci\u00f3n es el punto de partida de este film.<br \/>\nEl documental est\u00e1 basado en entrevistas a los protagonistas de las dos experiencias que narra, ambas parte del Plan Nacional de Salud Mental de 1967 implementado por el gobierno dictatorial de Ongan\u00eda.<\/p>\n<p>Una es la que se dio en Lomas de Zamora (Pcia de Buenos Aires), en el Hospital neuropsiqui\u00e1trico Jos\u00e9 A. Est\u00e9ves. En 1968 Wilbur R. Grimson, joven m\u00e9dico psiquiatra inaugura y se hace cargo de la direcci\u00f3n en el \u201cCentro Piloto\u201d del hospital con un equipo multidisciplinario que inclu\u00eda entre otros a Lucila Edelman, Miguel Vayo y Alfredo Moffatt y una nueva forma de trabajo; la de \u201ccomunidad terap\u00e9utica\u201d.<\/p>\n<p>En el mismo a\u00f1o, como parte del mismo plan, Ra\u00fal A. Camino se marcha rumbo a Federal, Provincia de Entre R\u00edos a lo que hasta ese entonces hab\u00eda sido el cuartel 12 de caballer\u00eda y ser\u00eda a partir desde ese momento y hasta la actualidad, el \u201cHospital Ciudad Colonia Federal\u201d. Crea as\u00ed la Comunidad terap\u00e9utica de Colonia Federal trasladando, en un viaje muy particular, pacientes del htal. Borda, de otros psiqui\u00e1tricos del interior y del htal. Moyano. Ambas experiencias son reprimidas por diferentes dictaduras y sus protagonistas perseguidos.<\/p>\n<p>Mediante la memoria y el relato de varios de los protagonistas de estas experiencias, incluyendo a un paciente y un ex paciente, se da cuenta de la metodolog\u00eda de trabajo de \u201ccomunidad terap\u00e9utica\u201d, el intento de los profesionales por la reconquista de la dignidad de personas de los pacientes perdida en los hospicios y de sus resultados.<\/p>\n<p>Hoy, con m\u00e1s del 30% de la poblaci\u00f3n bajo la l\u00ednea de la pobreza, queda claro, como ya quedaba en aquella \u00e9poca, que m\u00e1s de la mitad de los internos en hospitales psiqui\u00e1tricos lo est\u00e1n \u201cm\u00e1s por pobres que por locos\u201d. Y la sociedad mira para otro lado, tanto con los pobres como con los locos. Al fin de cuentas, son las mismas capacidades sociales las que se pierden.<\/p>\n<div class=\"pvc_clear\"><\/div>\n<p id=\"pvc_stats_2964\" class=\"pvc_stats all  \" data-element-id=\"2964\" style=\"\"><i class=\"pvc-stats-icon large\" aria-hidden=\"true\"><svg aria-hidden=\"true\" focusable=\"false\" data-prefix=\"far\" data-icon=\"chart-bar\" role=\"img\" xmlns=\"http:\/\/www.w3.org\/2000\/svg\" viewBox=\"0 0 512 512\" class=\"svg-inline--fa fa-chart-bar fa-w-16 fa-2x\"><path fill=\"currentColor\" d=\"M396.8 352h22.4c6.4 0 12.8-6.4 12.8-12.8V108.8c0-6.4-6.4-12.8-12.8-12.8h-22.4c-6.4 0-12.8 6.4-12.8 12.8v230.4c0 6.4 6.4 12.8 12.8 12.8zm-192 0h22.4c6.4 0 12.8-6.4 12.8-12.8V140.8c0-6.4-6.4-12.8-12.8-12.8h-22.4c-6.4 0-12.8 6.4-12.8 12.8v198.4c0 6.4 6.4 12.8 12.8 12.8zm96 0h22.4c6.4 0 12.8-6.4 12.8-12.8V204.8c0-6.4-6.4-12.8-12.8-12.8h-22.4c-6.4 0-12.8 6.4-12.8 12.8v134.4c0 6.4 6.4 12.8 12.8 12.8zM496 400H48V80c0-8.84-7.16-16-16-16H16C7.16 64 0 71.16 0 80v336c0 17.67 14.33 32 32 32h464c8.84 0 16-7.16 16-16v-16c0-8.84-7.16-16-16-16zm-387.2-48h22.4c6.4 0 12.8-6.4 12.8-12.8v-70.4c0-6.4-6.4-12.8-12.8-12.8h-22.4c-6.4 0-12.8 6.4-12.8 12.8v70.4c0 6.4 6.4 12.8 12.8 12.8z\" class=\"\"><\/path><\/svg><\/i> <img decoding=\"async\" width=\"16\" height=\"16\" alt=\"Loading\" src=\"https:\/\/radiovilardevoz.org\/wp-content\/plugins\/page-views-count\/ajax-loader-2x.gif\" border=0 \/><\/p>\n<div class=\"pvc_clear\"><\/div>\n","protected":false},"excerpt":{"rendered":"<p>2005 es el a\u00f1o de realizado el documental, publicado en youtube en 2012. &nbsp; \ufeff En este documental se trata el tema de las comunidades terap\u00e9uticas, que tiene su origen&hellip; <\/p>\n<div class=\"pvc_clear\"><\/div>\n<p id=\"pvc_stats_2964\" class=\"pvc_stats all  \" data-element-id=\"2964\" style=\"\"><i class=\"pvc-stats-icon large\" aria-hidden=\"true\"><svg aria-hidden=\"true\" focusable=\"false\" data-prefix=\"far\" data-icon=\"chart-bar\" role=\"img\" xmlns=\"http:\/\/www.w3.org\/2000\/svg\" viewBox=\"0 0 512 512\" class=\"svg-inline--fa fa-chart-bar fa-w-16 fa-2x\"><path fill=\"currentColor\" d=\"M396.8 352h22.4c6.4 0 12.8-6.4 12.8-12.8V108.8c0-6.4-6.4-12.8-12.8-12.8h-22.4c-6.4 0-12.8 6.4-12.8 12.8v230.4c0 6.4 6.4 12.8 12.8 12.8zm-192 0h22.4c6.4 0 12.8-6.4 12.8-12.8V140.8c0-6.4-6.4-12.8-12.8-12.8h-22.4c-6.4 0-12.8 6.4-12.8 12.8v198.4c0 6.4 6.4 12.8 12.8 12.8zm96 0h22.4c6.4 0 12.8-6.4 12.8-12.8V204.8c0-6.4-6.4-12.8-12.8-12.8h-22.4c-6.4 0-12.8 6.4-12.8 12.8v134.4c0 6.4 6.4 12.8 12.8 12.8zM496 400H48V80c0-8.84-7.16-16-16-16H16C7.16 64 0 71.16 0 80v336c0 17.67 14.33 32 32 32h464c8.84 0 16-7.16 16-16v-16c0-8.84-7.16-16-16-16zm-387.2-48h22.4c6.4 0 12.8-6.4 12.8-12.8v-70.4c0-6.4-6.4-12.8-12.8-12.8h-22.4c-6.4 0-12.8 6.4-12.8 12.8v70.4c0 6.4 6.4 12.8 12.8 12.8z\" class=\"\"><\/path><\/svg><\/i> <img decoding=\"async\" width=\"16\" height=\"16\" alt=\"Loading\" src=\"https:\/\/radiovilardevoz.org\/wp-content\/plugins\/page-views-count\/ajax-loader-2x.gif\" border=0 \/><\/p>\n<div class=\"pvc_clear\"><\/div>\n","protected":false},"author":7,"featured_media":2967,"comment_status":"open","ping_status":"open","sticky":false,"template":"","format":"standard","meta":{"footnotes":""},"categories":[25,7],"tags":[],"class_list":["post-2964","post","type-post","status-publish","format-standard","has-post-thumbnail","hentry","category-audiovisuales","category-noticias-destacadas"],"_links":{"self":[{"href":"https:\/\/radiovilardevoz.org\/index.php?rest_route=\/wp\/v2\/posts\/2964","targetHints":{"allow":["GET"]}}],"collection":[{"href":"https:\/\/radiovilardevoz.org\/index.php?rest_route=\/wp\/v2\/posts"}],"about":[{"href":"https:\/\/radiovilardevoz.org\/index.php?rest_route=\/wp\/v2\/types\/post"}],"author":[{"embeddable":true,"href":"https:\/\/radiovilardevoz.org\/index.php?rest_route=\/wp\/v2\/users\/7"}],"replies":[{"embeddable":true,"href":"https:\/\/radiovilardevoz.org\/index.php?rest_route=%2Fwp%2Fv2%2Fcomments&post=2964"}],"version-history":[{"count":1,"href":"https:\/\/radiovilardevoz.org\/index.php?rest_route=\/wp\/v2\/posts\/2964\/revisions"}],"predecessor-version":[{"id":2966,"href":"https:\/\/radiovilardevoz.org\/index.php?rest_route=\/wp\/v2\/posts\/2964\/revisions\/2966"}],"wp:featuredmedia":[{"embeddable":true,"href":"https:\/\/radiovilardevoz.org\/index.php?rest_route=\/wp\/v2\/media\/2967"}],"wp:attachment":[{"href":"https:\/\/radiovilardevoz.org\/index.php?rest_route=%2Fwp%2Fv2%2Fmedia&parent=2964"}],"wp:term":[{"taxonomy":"category","embeddable":true,"href":"https:\/\/radiovilardevoz.org\/index.php?rest_route=%2Fwp%2Fv2%2Fcategories&post=2964"},{"taxonomy":"post_tag","embeddable":true,"href":"https:\/\/radiovilardevoz.org\/index.php?rest_route=%2Fwp%2Fv2%2Ftags&post=2964"}],"curies":[{"name":"wp","href":"https:\/\/api.w.org\/{rel}","templated":true}]}}