{"id":2987,"date":"2025-08-19T20:00:00","date_gmt":"2025-08-19T23:00:00","guid":{"rendered":"https:\/\/radiovilardevoz.org\/?p=2987"},"modified":"2025-08-20T16:58:47","modified_gmt":"2025-08-20T19:58:47","slug":"el-marketing-de-la-locura-2da-parte","status":"publish","type":"post","link":"https:\/\/radiovilardevoz.org\/?p=2987","title":{"rendered":"El Marketing de la Locura-Parte 2"},"content":{"rendered":"<div class=\"centrar\">\n<div style=\"width: 600px;\" class=\"wp-video\"><video class=\"video\" id=\"video-2987-1\" width=\"600\" height=\"360\" preload=\"metadata\" controls=\"controls\"><source type=\"video\/mp4\" src=\"https:\/\/radiovilardevoz.org\/wp-content\/uploads\/2025\/08\/2-cchr-psychiatry-marketing-of-madness-02-psychotropic-drugs-the-story_640_es.mp4?_=1\" \/><a href=\"https:\/\/radiovilardevoz.org\/wp-content\/uploads\/2025\/08\/2-cchr-psychiatry-marketing-of-madness-02-psychotropic-drugs-the-story_640_es.mp4\">https:\/\/radiovilardevoz.org\/wp-content\/uploads\/2025\/08\/2-cchr-psychiatry-marketing-of-madness-02-psychotropic-drugs-the-story_640_es.mp4<\/a><\/video><\/div>\n<\/div>\n<h2 class=\"title\">Cap\u00edtulo 2: Los F\u00e1rmacos Psicotr\u00f3picos<\/h2>\n<div class=\"content\">\n<p><strong>Su Historia<br \/>\n<\/strong><\/p>\n<p>Los psiquiatras declaran una historia de grandes avances en el \u00e1rea de los f\u00e1rmacos psicotr\u00f3picos. Pero \u00bfes este desfile de elementos qu\u00edmicos para el cerebro, \u201cel gran avance cient\u00edfico\u201d que ellos afirman?<\/p>\n<p>El esfuerzo inicial de Sigmund Freud en lo que se refiere al marketing para los f\u00e1rmacos contribuy\u00f3 a crear una seria epidemia de coca\u00edna por toda Europa.<\/p>\n<p>Los psiquiatras a continuaci\u00f3n recurrieron a las anfetaminas hasta que se dieron cuenta de que no s\u00f3lo eran inefectivas, sino altamente t\u00f3xicas y adictivas.<\/p>\n<p>A\u00f1os m\u00e1s tarde, al mundo se le dijo que los \u201cantidepresivos\u201d eran en realidad \u201cdrogas de un estilo de vida\u201d, para una sociedad donde uno pod\u00eda elegir su estado de \u00e1nimo. Pero en el transcurso de diez a\u00f1os, los detalles espeluznantes sobre efectos secundarios tales como la violencia y el suicidio ya no pod\u00edan seguir ignor\u00e1ndose; con\u00a0una estimaci\u00f3n de 3.9 casos de efectos adversos s\u00f3lo con el\u00a0Prozac.<\/p>\n<p>Actualmente, el mismo patr\u00f3n se repite, con una cobertura implacable por los medios de comunicaci\u00f3n sobre los nuevos tratamientos qu\u00edmicos promocionados como \u201cf\u00e1rmacos milagrosos\u201d.<\/p>\n<p>Quedan dos preguntas: \u00bfd\u00f3nde est\u00e1 la ciencia que respalda a la psiquiatr\u00eda?<\/p>\n<p>Y, \u00bfcu\u00e1nto tiempo m\u00e1s va a continuar el p\u00fablico creyendo en las falsas esperanzas, la fanfarria publicitaria y las mentiras descaradas?<\/p>\n<\/div>\n<div class=\"pvc_clear\"><\/div>\n<p id=\"pvc_stats_2987\" class=\"pvc_stats all  \" data-element-id=\"2987\" style=\"\"><i class=\"pvc-stats-icon large\" aria-hidden=\"true\"><svg aria-hidden=\"true\" focusable=\"false\" data-prefix=\"far\" data-icon=\"chart-bar\" role=\"img\" xmlns=\"http:\/\/www.w3.org\/2000\/svg\" viewBox=\"0 0 512 512\" class=\"svg-inline--fa fa-chart-bar fa-w-16 fa-2x\"><path fill=\"currentColor\" d=\"M396.8 352h22.4c6.4 0 12.8-6.4 12.8-12.8V108.8c0-6.4-6.4-12.8-12.8-12.8h-22.4c-6.4 0-12.8 6.4-12.8 12.8v230.4c0 6.4 6.4 12.8 12.8 12.8zm-192 0h22.4c6.4 0 12.8-6.4 12.8-12.8V140.8c0-6.4-6.4-12.8-12.8-12.8h-22.4c-6.4 0-12.8 6.4-12.8 12.8v198.4c0 6.4 6.4 12.8 12.8 12.8zm96 0h22.4c6.4 0 12.8-6.4 12.8-12.8V204.8c0-6.4-6.4-12.8-12.8-12.8h-22.4c-6.4 0-12.8 6.4-12.8 12.8v134.4c0 6.4 6.4 12.8 12.8 12.8zM496 400H48V80c0-8.84-7.16-16-16-16H16C7.16 64 0 71.16 0 80v336c0 17.67 14.33 32 32 32h464c8.84 0 16-7.16 16-16v-16c0-8.84-7.16-16-16-16zm-387.2-48h22.4c6.4 0 12.8-6.4 12.8-12.8v-70.4c0-6.4-6.4-12.8-12.8-12.8h-22.4c-6.4 0-12.8 6.4-12.8 12.8v70.4c0 6.4 6.4 12.8 12.8 12.8z\" class=\"\"><\/path><\/svg><\/i> <img decoding=\"async\" width=\"16\" height=\"16\" alt=\"Loading\" src=\"https:\/\/radiovilardevoz.org\/wp-content\/plugins\/page-views-count\/ajax-loader-2x.gif\" border=0 \/><\/p>\n<div class=\"pvc_clear\"><\/div>\n","protected":false},"excerpt":{"rendered":"<p>Cap\u00edtulo 2: Los F\u00e1rmacos Psicotr\u00f3picos Su Historia Los psiquiatras declaran una historia de grandes avances en el \u00e1rea de los f\u00e1rmacos psicotr\u00f3picos. Pero \u00bfes este desfile de elementos qu\u00edmicos para&hellip; <\/p>\n<div class=\"pvc_clear\"><\/div>\n<p id=\"pvc_stats_2987\" class=\"pvc_stats all  \" data-element-id=\"2987\" style=\"\"><i class=\"pvc-stats-icon large\" aria-hidden=\"true\"><svg aria-hidden=\"true\" focusable=\"false\" data-prefix=\"far\" data-icon=\"chart-bar\" role=\"img\" xmlns=\"http:\/\/www.w3.org\/2000\/svg\" viewBox=\"0 0 512 512\" class=\"svg-inline--fa fa-chart-bar fa-w-16 fa-2x\"><path fill=\"currentColor\" d=\"M396.8 352h22.4c6.4 0 12.8-6.4 12.8-12.8V108.8c0-6.4-6.4-12.8-12.8-12.8h-22.4c-6.4 0-12.8 6.4-12.8 12.8v230.4c0 6.4 6.4 12.8 12.8 12.8zm-192 0h22.4c6.4 0 12.8-6.4 12.8-12.8V140.8c0-6.4-6.4-12.8-12.8-12.8h-22.4c-6.4 0-12.8 6.4-12.8 12.8v198.4c0 6.4 6.4 12.8 12.8 12.8zm96 0h22.4c6.4 0 12.8-6.4 12.8-12.8V204.8c0-6.4-6.4-12.8-12.8-12.8h-22.4c-6.4 0-12.8 6.4-12.8 12.8v134.4c0 6.4 6.4 12.8 12.8 12.8zM496 400H48V80c0-8.84-7.16-16-16-16H16C7.16 64 0 71.16 0 80v336c0 17.67 14.33 32 32 32h464c8.84 0 16-7.16 16-16v-16c0-8.84-7.16-16-16-16zm-387.2-48h22.4c6.4 0 12.8-6.4 12.8-12.8v-70.4c0-6.4-6.4-12.8-12.8-12.8h-22.4c-6.4 0-12.8 6.4-12.8 12.8v70.4c0 6.4 6.4 12.8 12.8 12.8z\" class=\"\"><\/path><\/svg><\/i> <img decoding=\"async\" width=\"16\" height=\"16\" alt=\"Loading\" src=\"https:\/\/radiovilardevoz.org\/wp-content\/plugins\/page-views-count\/ajax-loader-2x.gif\" border=0 \/><\/p>\n<div class=\"pvc_clear\"><\/div>\n","protected":false},"author":7,"featured_media":2994,"comment_status":"open","ping_status":"open","sticky":false,"template":"","format":"standard","meta":{"footnotes":""},"categories":[25,7],"tags":[],"class_list":["post-2987","post","type-post","status-publish","format-standard","has-post-thumbnail","hentry","category-audiovisuales","category-noticias-destacadas"],"_links":{"self":[{"href":"https:\/\/radiovilardevoz.org\/index.php?rest_route=\/wp\/v2\/posts\/2987","targetHints":{"allow":["GET"]}}],"collection":[{"href":"https:\/\/radiovilardevoz.org\/index.php?rest_route=\/wp\/v2\/posts"}],"about":[{"href":"https:\/\/radiovilardevoz.org\/index.php?rest_route=\/wp\/v2\/types\/post"}],"author":[{"embeddable":true,"href":"https:\/\/radiovilardevoz.org\/index.php?rest_route=\/wp\/v2\/users\/7"}],"replies":[{"embeddable":true,"href":"https:\/\/radiovilardevoz.org\/index.php?rest_route=%2Fwp%2Fv2%2Fcomments&post=2987"}],"version-history":[{"count":7,"href":"https:\/\/radiovilardevoz.org\/index.php?rest_route=\/wp\/v2\/posts\/2987\/revisions"}],"predecessor-version":[{"id":3028,"href":"https:\/\/radiovilardevoz.org\/index.php?rest_route=\/wp\/v2\/posts\/2987\/revisions\/3028"}],"wp:featuredmedia":[{"embeddable":true,"href":"https:\/\/radiovilardevoz.org\/index.php?rest_route=\/wp\/v2\/media\/2994"}],"wp:attachment":[{"href":"https:\/\/radiovilardevoz.org\/index.php?rest_route=%2Fwp%2Fv2%2Fmedia&parent=2987"}],"wp:term":[{"taxonomy":"category","embeddable":true,"href":"https:\/\/radiovilardevoz.org\/index.php?rest_route=%2Fwp%2Fv2%2Fcategories&post=2987"},{"taxonomy":"post_tag","embeddable":true,"href":"https:\/\/radiovilardevoz.org\/index.php?rest_route=%2Fwp%2Fv2%2Ftags&post=2987"}],"curies":[{"name":"wp","href":"https:\/\/api.w.org\/{rel}","templated":true}]}}