{"id":2989,"date":"2025-08-19T20:00:11","date_gmt":"2025-08-19T23:00:11","guid":{"rendered":"https:\/\/radiovilardevoz.org\/?p=2989"},"modified":"2025-08-20T16:58:15","modified_gmt":"2025-08-20T19:58:15","slug":"el-marketing-de-la-locura-1era-parte","status":"publish","type":"post","link":"https:\/\/radiovilardevoz.org\/?p=2989","title":{"rendered":"El Marketing de la Locura-Parte 1"},"content":{"rendered":"<div class=\"centrar\">\n<div style=\"width: 600px;\" class=\"wp-video\"><video class=\"video\" id=\"video-2989-1\" width=\"600\" height=\"360\" preload=\"metadata\" controls=\"controls\"><source type=\"video\/mp4\" src=\"https:\/\/radiovilardevoz.org\/wp-content\/uploads\/2025\/08\/1-cchr-psychiatry-marketing-of-madness-01-introduction_640_es.mp4?_=1\" \/><a href=\"https:\/\/radiovilardevoz.org\/wp-content\/uploads\/2025\/08\/1-cchr-psychiatry-marketing-of-madness-01-introduction_640_es.mp4\">https:\/\/radiovilardevoz.org\/wp-content\/uploads\/2025\/08\/1-cchr-psychiatry-marketing-of-madness-01-introduction_640_es.mp4<\/a><\/video><\/div>\n<\/div>\n<h2 class=\"title\">El Marketing de la Locura<\/h2>\n<div class=\"content\">\n<p>El documental definitivo sobre el uso de drogas psicotr\u00f3picas, esta es la historia de la asociaci\u00f3n de altos ingresos entre las compa\u00f1\u00edas farmac\u00e9uticas y la psiquiatr\u00eda que ha creado una ganancia de 80 mil millones d\u00f3lares del tr\u00e1fico de drogas psicotr\u00f3picas a un p\u00fablico desprevenido.<\/p>\n<p>Pero las apariencias enga\u00f1an.<\/p>\n<p>\u00bfCu\u00e1n validos son los diagn\u00f3sticos de los psiquiatras y cu\u00e1n seguros son sus f\u00e1rmacos?<\/p>\n<p>Escarbando en lo profundo debajo del barniz corporativo, este documental que consta de tres partes, denuncia la verdad detr\u00e1s del mecanismo de marketing astuto y el enga\u00f1o cient\u00edfico que oculta una campa\u00f1a de ventas peligrosa y frecuentemente mortal.<\/p>\n<h2 class=\"title\">Cap\u00edtulo 1: Introducci\u00f3n<\/h2>\n<div class=\"content\">\n<p>Los psiquiatras nos dicen que la forma de arreglar el comportamiento indeseado es alterando la qu\u00edmica cerebral con una pastilla.<\/p>\n<p>Pero a diferencia de un f\u00e1rmaco de uso general en medicina como la insulina, los medicamentos psicotr\u00f3picos no tienen como objetivo ninguna enfermedad medible que corregir y pueden alterar el delicad\u00edsimo equilibrio de procesos qu\u00edmicos que el cuerpo necesita para funcionar con fluidez.<\/p>\n<p>No obstante, los psiquiatras y las compa\u00f1\u00edas farmac\u00e9uticas han usado estos f\u00e1rmacos para crear un mercado enorme y lucrativo.<\/p>\n<p>Y han hecho esto dando nombres a m\u00e1s y m\u00e1s conductas indeseadas como \u201ctrastornos m\u00e9dicos\u201d que requieren medicaci\u00f3n psiqui\u00e1trica.<\/p>\n<p>\u00bfPero realmente se les deber\u00eda llamar enfermedades?<\/p>\n<p>As\u00ed que la cuesti\u00f3n es:<\/p>\n<p>\u00bfC\u00f3mo es que los f\u00e1rmacos psicotr\u00f3picos, sin ninguna enfermedad como objetivo, sin poderes curativos conocidos y una lista interminable de efectos secundarios, se han convertido en el tratamiento a seguir para cada tipo de malestar psicol\u00f3gico?<\/p>\n<p>\u00bfY c\u00f3mo los psiquiatras adoptaron estas drogas para llegar a\u00a0dominar el campo del tratamiento mental?<\/p>\n<\/div>\n<div class=\"after-content\">\n<div class=\"prev-next-menu row\">\n<div class=\"menu-pager\">\n<div class=\"page-itemS\"><\/div>\n<\/div>\n<\/div>\n<\/div>\n<\/div>\n<div class=\"pvc_clear\"><\/div>\n<p id=\"pvc_stats_2989\" class=\"pvc_stats all  \" data-element-id=\"2989\" style=\"\"><i class=\"pvc-stats-icon large\" aria-hidden=\"true\"><svg aria-hidden=\"true\" focusable=\"false\" data-prefix=\"far\" data-icon=\"chart-bar\" role=\"img\" xmlns=\"http:\/\/www.w3.org\/2000\/svg\" viewBox=\"0 0 512 512\" class=\"svg-inline--fa fa-chart-bar fa-w-16 fa-2x\"><path fill=\"currentColor\" d=\"M396.8 352h22.4c6.4 0 12.8-6.4 12.8-12.8V108.8c0-6.4-6.4-12.8-12.8-12.8h-22.4c-6.4 0-12.8 6.4-12.8 12.8v230.4c0 6.4 6.4 12.8 12.8 12.8zm-192 0h22.4c6.4 0 12.8-6.4 12.8-12.8V140.8c0-6.4-6.4-12.8-12.8-12.8h-22.4c-6.4 0-12.8 6.4-12.8 12.8v198.4c0 6.4 6.4 12.8 12.8 12.8zm96 0h22.4c6.4 0 12.8-6.4 12.8-12.8V204.8c0-6.4-6.4-12.8-12.8-12.8h-22.4c-6.4 0-12.8 6.4-12.8 12.8v134.4c0 6.4 6.4 12.8 12.8 12.8zM496 400H48V80c0-8.84-7.16-16-16-16H16C7.16 64 0 71.16 0 80v336c0 17.67 14.33 32 32 32h464c8.84 0 16-7.16 16-16v-16c0-8.84-7.16-16-16-16zm-387.2-48h22.4c6.4 0 12.8-6.4 12.8-12.8v-70.4c0-6.4-6.4-12.8-12.8-12.8h-22.4c-6.4 0-12.8 6.4-12.8 12.8v70.4c0 6.4 6.4 12.8 12.8 12.8z\" class=\"\"><\/path><\/svg><\/i> <img decoding=\"async\" width=\"16\" height=\"16\" alt=\"Loading\" src=\"https:\/\/radiovilardevoz.org\/wp-content\/plugins\/page-views-count\/ajax-loader-2x.gif\" border=0 \/><\/p>\n<div class=\"pvc_clear\"><\/div>\n","protected":false},"excerpt":{"rendered":"<p>El Marketing de la Locura El documental definitivo sobre el uso de drogas psicotr\u00f3picas, esta es la historia de la asociaci\u00f3n de altos ingresos entre las compa\u00f1\u00edas farmac\u00e9uticas y la&hellip; <\/p>\n<div class=\"pvc_clear\"><\/div>\n<p id=\"pvc_stats_2989\" class=\"pvc_stats all  \" data-element-id=\"2989\" style=\"\"><i class=\"pvc-stats-icon large\" aria-hidden=\"true\"><svg aria-hidden=\"true\" focusable=\"false\" data-prefix=\"far\" data-icon=\"chart-bar\" role=\"img\" xmlns=\"http:\/\/www.w3.org\/2000\/svg\" viewBox=\"0 0 512 512\" class=\"svg-inline--fa fa-chart-bar fa-w-16 fa-2x\"><path fill=\"currentColor\" d=\"M396.8 352h22.4c6.4 0 12.8-6.4 12.8-12.8V108.8c0-6.4-6.4-12.8-12.8-12.8h-22.4c-6.4 0-12.8 6.4-12.8 12.8v230.4c0 6.4 6.4 12.8 12.8 12.8zm-192 0h22.4c6.4 0 12.8-6.4 12.8-12.8V140.8c0-6.4-6.4-12.8-12.8-12.8h-22.4c-6.4 0-12.8 6.4-12.8 12.8v198.4c0 6.4 6.4 12.8 12.8 12.8zm96 0h22.4c6.4 0 12.8-6.4 12.8-12.8V204.8c0-6.4-6.4-12.8-12.8-12.8h-22.4c-6.4 0-12.8 6.4-12.8 12.8v134.4c0 6.4 6.4 12.8 12.8 12.8zM496 400H48V80c0-8.84-7.16-16-16-16H16C7.16 64 0 71.16 0 80v336c0 17.67 14.33 32 32 32h464c8.84 0 16-7.16 16-16v-16c0-8.84-7.16-16-16-16zm-387.2-48h22.4c6.4 0 12.8-6.4 12.8-12.8v-70.4c0-6.4-6.4-12.8-12.8-12.8h-22.4c-6.4 0-12.8 6.4-12.8 12.8v70.4c0 6.4 6.4 12.8 12.8 12.8z\" class=\"\"><\/path><\/svg><\/i> <img decoding=\"async\" width=\"16\" height=\"16\" alt=\"Loading\" src=\"https:\/\/radiovilardevoz.org\/wp-content\/plugins\/page-views-count\/ajax-loader-2x.gif\" border=0 \/><\/p>\n<div class=\"pvc_clear\"><\/div>\n","protected":false},"author":7,"featured_media":2993,"comment_status":"open","ping_status":"open","sticky":false,"template":"","format":"standard","meta":{"footnotes":""},"categories":[25,7],"tags":[],"class_list":["post-2989","post","type-post","status-publish","format-standard","has-post-thumbnail","hentry","category-audiovisuales","category-noticias-destacadas"],"_links":{"self":[{"href":"https:\/\/radiovilardevoz.org\/index.php?rest_route=\/wp\/v2\/posts\/2989","targetHints":{"allow":["GET"]}}],"collection":[{"href":"https:\/\/radiovilardevoz.org\/index.php?rest_route=\/wp\/v2\/posts"}],"about":[{"href":"https:\/\/radiovilardevoz.org\/index.php?rest_route=\/wp\/v2\/types\/post"}],"author":[{"embeddable":true,"href":"https:\/\/radiovilardevoz.org\/index.php?rest_route=\/wp\/v2\/users\/7"}],"replies":[{"embeddable":true,"href":"https:\/\/radiovilardevoz.org\/index.php?rest_route=%2Fwp%2Fv2%2Fcomments&post=2989"}],"version-history":[{"count":6,"href":"https:\/\/radiovilardevoz.org\/index.php?rest_route=\/wp\/v2\/posts\/2989\/revisions"}],"predecessor-version":[{"id":3027,"href":"https:\/\/radiovilardevoz.org\/index.php?rest_route=\/wp\/v2\/posts\/2989\/revisions\/3027"}],"wp:featuredmedia":[{"embeddable":true,"href":"https:\/\/radiovilardevoz.org\/index.php?rest_route=\/wp\/v2\/media\/2993"}],"wp:attachment":[{"href":"https:\/\/radiovilardevoz.org\/index.php?rest_route=%2Fwp%2Fv2%2Fmedia&parent=2989"}],"wp:term":[{"taxonomy":"category","embeddable":true,"href":"https:\/\/radiovilardevoz.org\/index.php?rest_route=%2Fwp%2Fv2%2Fcategories&post=2989"},{"taxonomy":"post_tag","embeddable":true,"href":"https:\/\/radiovilardevoz.org\/index.php?rest_route=%2Fwp%2Fv2%2Ftags&post=2989"}],"curies":[{"name":"wp","href":"https:\/\/api.w.org\/{rel}","templated":true}]}}