{"id":3042,"date":"2025-08-22T11:41:19","date_gmt":"2025-08-22T14:41:19","guid":{"rendered":"https:\/\/radiovilardevoz.org\/?p=3042"},"modified":"2025-09-26T16:55:59","modified_gmt":"2025-09-26T19:55:59","slug":"daniel-arbulo-defensoria-del-vecino","status":"publish","type":"post","link":"https:\/\/radiovilardevoz.org\/?p=3042","title":{"rendered":"Daniel Arbulo Defensor\u00eda del Vecino"},"content":{"rendered":"<h6 style=\"text-align: right;\">16 de agosto de 2025<\/h6>\n<p><img fetchpriority=\"high\" decoding=\"async\" class=\"alignnone size-medium wp-image-3044 foto\" src=\"https:\/\/radiovilardevoz.org\/wp-content\/uploads\/2025\/08\/arbulo1-300x237.jpg\" alt=\"\" width=\"300\" height=\"237\" srcset=\"https:\/\/radiovilardevoz.org\/wp-content\/uploads\/2025\/08\/arbulo1-300x237.jpg 300w, https:\/\/radiovilardevoz.org\/wp-content\/uploads\/2025\/08\/arbulo1-600x474.jpg 600w, https:\/\/radiovilardevoz.org\/wp-content\/uploads\/2025\/08\/arbulo1-1024x809.jpg 1024w, https:\/\/radiovilardevoz.org\/wp-content\/uploads\/2025\/08\/arbulo1-768x607.jpg 768w, https:\/\/radiovilardevoz.org\/wp-content\/uploads\/2025\/08\/arbulo1-1536x1214.jpg 1536w, https:\/\/radiovilardevoz.org\/wp-content\/uploads\/2025\/08\/arbulo1.jpg 2048w\" sizes=\"(max-width: 300px) 100vw, 300px\" \/><\/p>\n<p>&nbsp;<\/p>\n<div class=\"mb-05 lh-sm description-wrapper\" data-v-6932caef=\"\">\n<div class=\"description-container font-size-12\" data-v-6932caef=\"\">\n<div class=\"description mb-05\" data-v-6932caef=\"\">Nos visit\u00f3 el Licenciado Soci\u00f3logo Daniel Arbulo, Titular de la Defensor\u00eda de Vecinas y Vecinos de Montevideo desde junio 2024 pasado hasta el a\u00f1o 2028. Arbulo es licenciado en sociolog\u00eda por la Facultad de Ciencias Sociales de la Universidad de la Rep\u00fablica, y m\u00e1ster en demograf\u00eda y estudios de poblaci\u00f3n. Anteriormente fue edil titular de la Junta Departamental de Montevideo por el Partido Socialista (FA) y ocup\u00f3 el cargo de Coordinador de la Unidad de Econom\u00eda Social y Solidaria de la Intendencia de Montevideo. La principal tarea que tiene al frente de la Defensor\u00eda de Vecinos es contribuir a promover el respeto de los Derechos Humanos dentro del departamento buscando el mejor cumplimiento de los servicios municipales y el logro de una mayor transparencia y eficacia de la gesti\u00f3n departamental. Tambi\u00e9n se encarga de atender reclamos concretos de vecinas y vecinos, de elaborar informes y trabajar en conjunto con el segundo y el tercer nivel de gobierno. Las L\u00edneas de comunicaci\u00f3n de la Defensor\u00eda: Llamadas: 0800 1616 o al 2917 0042.<\/div>\n<\/div>\n<\/div>\n<p><\/p>\n<p><strong>Audio de la entrevista:<\/strong><br \/>\n<iframe src=\"https:\/\/www.ivoox.com\/player_ej_155875233_6_1.html?c1=5b3411\" width=\"100%\" height=\"200\" frameborder=\"0\" scrolling=\"no\" allowfullscreen=\"allowfullscreen\"><\/iframe><\/p>\n<div class=\"pvc_clear\"><\/div>\n<p id=\"pvc_stats_3042\" class=\"pvc_stats all  \" data-element-id=\"3042\" style=\"\"><i class=\"pvc-stats-icon large\" aria-hidden=\"true\"><svg aria-hidden=\"true\" focusable=\"false\" data-prefix=\"far\" data-icon=\"chart-bar\" role=\"img\" xmlns=\"http:\/\/www.w3.org\/2000\/svg\" viewBox=\"0 0 512 512\" class=\"svg-inline--fa fa-chart-bar fa-w-16 fa-2x\"><path fill=\"currentColor\" d=\"M396.8 352h22.4c6.4 0 12.8-6.4 12.8-12.8V108.8c0-6.4-6.4-12.8-12.8-12.8h-22.4c-6.4 0-12.8 6.4-12.8 12.8v230.4c0 6.4 6.4 12.8 12.8 12.8zm-192 0h22.4c6.4 0 12.8-6.4 12.8-12.8V140.8c0-6.4-6.4-12.8-12.8-12.8h-22.4c-6.4 0-12.8 6.4-12.8 12.8v198.4c0 6.4 6.4 12.8 12.8 12.8zm96 0h22.4c6.4 0 12.8-6.4 12.8-12.8V204.8c0-6.4-6.4-12.8-12.8-12.8h-22.4c-6.4 0-12.8 6.4-12.8 12.8v134.4c0 6.4 6.4 12.8 12.8 12.8zM496 400H48V80c0-8.84-7.16-16-16-16H16C7.16 64 0 71.16 0 80v336c0 17.67 14.33 32 32 32h464c8.84 0 16-7.16 16-16v-16c0-8.84-7.16-16-16-16zm-387.2-48h22.4c6.4 0 12.8-6.4 12.8-12.8v-70.4c0-6.4-6.4-12.8-12.8-12.8h-22.4c-6.4 0-12.8 6.4-12.8 12.8v70.4c0 6.4 6.4 12.8 12.8 12.8z\" class=\"\"><\/path><\/svg><\/i> <img decoding=\"async\" width=\"16\" height=\"16\" alt=\"Loading\" src=\"https:\/\/radiovilardevoz.org\/wp-content\/plugins\/page-views-count\/ajax-loader-2x.gif\" border=0 \/><\/p>\n<div class=\"pvc_clear\"><\/div>\n","protected":false},"excerpt":{"rendered":"<p>16 de agosto de 2025 &nbsp; Nos visit\u00f3 el Licenciado Soci\u00f3logo Daniel Arbulo, Titular de la Defensor\u00eda de Vecinas y Vecinos de Montevideo desde junio 2024 pasado hasta el a\u00f1o&hellip; <\/p>\n<div class=\"pvc_clear\"><\/div>\n<p id=\"pvc_stats_3042\" class=\"pvc_stats all  \" data-element-id=\"3042\" style=\"\"><i class=\"pvc-stats-icon large\" aria-hidden=\"true\"><svg aria-hidden=\"true\" focusable=\"false\" data-prefix=\"far\" data-icon=\"chart-bar\" role=\"img\" xmlns=\"http:\/\/www.w3.org\/2000\/svg\" viewBox=\"0 0 512 512\" class=\"svg-inline--fa fa-chart-bar fa-w-16 fa-2x\"><path fill=\"currentColor\" d=\"M396.8 352h22.4c6.4 0 12.8-6.4 12.8-12.8V108.8c0-6.4-6.4-12.8-12.8-12.8h-22.4c-6.4 0-12.8 6.4-12.8 12.8v230.4c0 6.4 6.4 12.8 12.8 12.8zm-192 0h22.4c6.4 0 12.8-6.4 12.8-12.8V140.8c0-6.4-6.4-12.8-12.8-12.8h-22.4c-6.4 0-12.8 6.4-12.8 12.8v198.4c0 6.4 6.4 12.8 12.8 12.8zm96 0h22.4c6.4 0 12.8-6.4 12.8-12.8V204.8c0-6.4-6.4-12.8-12.8-12.8h-22.4c-6.4 0-12.8 6.4-12.8 12.8v134.4c0 6.4 6.4 12.8 12.8 12.8zM496 400H48V80c0-8.84-7.16-16-16-16H16C7.16 64 0 71.16 0 80v336c0 17.67 14.33 32 32 32h464c8.84 0 16-7.16 16-16v-16c0-8.84-7.16-16-16-16zm-387.2-48h22.4c6.4 0 12.8-6.4 12.8-12.8v-70.4c0-6.4-6.4-12.8-12.8-12.8h-22.4c-6.4 0-12.8 6.4-12.8 12.8v70.4c0 6.4 6.4 12.8 12.8 12.8z\" class=\"\"><\/path><\/svg><\/i> <img decoding=\"async\" width=\"16\" height=\"16\" alt=\"Loading\" src=\"https:\/\/radiovilardevoz.org\/wp-content\/plugins\/page-views-count\/ajax-loader-2x.gif\" border=0 \/><\/p>\n<div class=\"pvc_clear\"><\/div>\n","protected":false},"author":7,"featured_media":3043,"comment_status":"open","ping_status":"open","sticky":false,"template":"","format":"standard","meta":{"footnotes":""},"categories":[7],"tags":[],"class_list":["post-3042","post","type-post","status-publish","format-standard","has-post-thumbnail","hentry","category-noticias-destacadas"],"_links":{"self":[{"href":"https:\/\/radiovilardevoz.org\/index.php?rest_route=\/wp\/v2\/posts\/3042","targetHints":{"allow":["GET"]}}],"collection":[{"href":"https:\/\/radiovilardevoz.org\/index.php?rest_route=\/wp\/v2\/posts"}],"about":[{"href":"https:\/\/radiovilardevoz.org\/index.php?rest_route=\/wp\/v2\/types\/post"}],"author":[{"embeddable":true,"href":"https:\/\/radiovilardevoz.org\/index.php?rest_route=\/wp\/v2\/users\/7"}],"replies":[{"embeddable":true,"href":"https:\/\/radiovilardevoz.org\/index.php?rest_route=%2Fwp%2Fv2%2Fcomments&post=3042"}],"version-history":[{"count":5,"href":"https:\/\/radiovilardevoz.org\/index.php?rest_route=\/wp\/v2\/posts\/3042\/revisions"}],"predecessor-version":[{"id":3350,"href":"https:\/\/radiovilardevoz.org\/index.php?rest_route=\/wp\/v2\/posts\/3042\/revisions\/3350"}],"wp:featuredmedia":[{"embeddable":true,"href":"https:\/\/radiovilardevoz.org\/index.php?rest_route=\/wp\/v2\/media\/3043"}],"wp:attachment":[{"href":"https:\/\/radiovilardevoz.org\/index.php?rest_route=%2Fwp%2Fv2%2Fmedia&parent=3042"}],"wp:term":[{"taxonomy":"category","embeddable":true,"href":"https:\/\/radiovilardevoz.org\/index.php?rest_route=%2Fwp%2Fv2%2Fcategories&post=3042"},{"taxonomy":"post_tag","embeddable":true,"href":"https:\/\/radiovilardevoz.org\/index.php?rest_route=%2Fwp%2Fv2%2Ftags&post=3042"}],"curies":[{"name":"wp","href":"https:\/\/api.w.org\/{rel}","templated":true}]}}