{"id":3060,"date":"2025-09-02T19:33:02","date_gmt":"2025-09-02T22:33:02","guid":{"rendered":"https:\/\/radiovilardevoz.org\/?p=3060"},"modified":"2025-09-02T19:33:02","modified_gmt":"2025-09-02T22:33:02","slug":"baroni-entrevistada-por-la-diaria","status":"publish","type":"post","link":"https:\/\/radiovilardevoz.org\/?p=3060","title":{"rendered":"Baroni entrevistada por La Diaria"},"content":{"rendered":"<h6 style=\"text-align: right;\">01 de setiembre de 2025<\/h6>\n<p><img fetchpriority=\"high\" decoding=\"async\" class=\"alignnone size-medium wp-image-3061 foto\" src=\"https:\/\/radiovilardevoz.org\/wp-content\/uploads\/2025\/09\/baroni-libro-la-diaria-300x200.jpg\" alt=\"\" width=\"300\" height=\"200\" srcset=\"https:\/\/radiovilardevoz.org\/wp-content\/uploads\/2025\/09\/baroni-libro-la-diaria-300x200.jpg 300w, https:\/\/radiovilardevoz.org\/wp-content\/uploads\/2025\/09\/baroni-libro-la-diaria-600x401.jpg 600w, https:\/\/radiovilardevoz.org\/wp-content\/uploads\/2025\/09\/baroni-libro-la-diaria-1024x684.jpg 1024w, https:\/\/radiovilardevoz.org\/wp-content\/uploads\/2025\/09\/baroni-libro-la-diaria-768x513.jpg 768w, https:\/\/radiovilardevoz.org\/wp-content\/uploads\/2025\/09\/baroni-libro-la-diaria.jpg 1200w\" sizes=\"(max-width: 300px) 100vw, 300px\" \/><\/p>\n<h1 class=\"article-title after_foto\"><em>Historias de la locura en Uruguay<\/em>: el libro de la psic\u00f3loga y activista Cecilia Baroni que reuni\u00f3 el activismo que precedi\u00f3 la Ley de Salud Mental<\/h1>\n<p>&nbsp;<\/p>\n<h2 class=\"article-deck article__deck\">La recopilaci\u00f3n hist\u00f3rica, sin precedentes, recorre la militancia de colectivos como Radio Vilardevoz y su aporte a avances fundamentales, tanto normativos como sociales.<\/h2>\n<div class=\"article-body paywalled-content\">\n<p>Si bien la Ley de Salud Mental (19.529) se aprob\u00f3 en 2017, antes hubo un trabajo parlamentario y, sobre todo, militante, que hizo posible la existencia de la normativa y los aspectos que se consideraron en el texto. Los aportes no estaban en un formato que los reuniera a todos y que visibilizara el origen de cada idea, sobre todo de las comunitarias. Es por esto que la psic\u00f3loga y activista Cecilia Baroni, en su libro\u00a0<em>Historias de la locura en Uruguay<\/em>, visibiliz\u00f3 el trabajo colectivo.<\/p>\n<p>\u201cCuando se aprob\u00f3 la ley, se invisibiliz\u00f3 todo lo que implic\u00f3, sobre todo el movimiento social, el proceso y lo que cuesta esto a algunos movimientos\u201d, explic\u00f3 Baroni en di\u00e1logo con\u00a0<em>la diaria<\/em>. \u201cCuando empec\u00e9 el doctorado de historia, en la Facultad de Humanidades, me di cuenta de que hay mucho trabajo que, si no era escrito, iba a quedar en el olvido, entonces tuve la posibilidad de unir la vida acad\u00e9mica y la militante\u201d.<\/p>\n<p>Fue clave plasmar \u201cel esfuerzo del movimiento antimanicomial por cambiar el marco jur\u00eddico; hoy nos damos cuenta de que fue muy importante porque tenemos tres o cuatro planes que fueron muy ambiciosos, pero lograron poco. La ley, m\u00e1s all\u00e1 del ritmo que lleve, tiene otro peso y requiere un mayor compromiso del Estado\u201d, sostuvo.<\/p>\n<p>Por otra parte, record\u00f3 que no tenemos historia sobre las radios comunitarias;\u00a0<a href=\"https:\/\/ladiaria.com.uy\/articulo\/2024\/2\/radio-vilardevoz-tiene-su-primer-manual-de-autogestion-un-marco-teorico-sobre-su-existencia-y-una-herramienta-para-otros-colectivos\/\">Radio Vilardevoz<\/a>\u00a0surgi\u00f3 \u201cy pudo hacer muchas cosas porque no se qued\u00f3 en el \u00e1mbito sanitario\u201d, entonces, \u201creconocer y agradecer a muchos colectivos y a la gente que hace muchas cosas y que tal vez nadie les va a preguntar nada porque las hace de a poquito, pero ac\u00e1 quedan mencionados y abren las puertas para nuevas investigaciones\u201d.<\/p>\n<p>A su vez, se refiri\u00f3 al lenguaje del libro y a la intenci\u00f3n de \u201cno maquillar\u201d. La extensi\u00f3n universitaria \u201cimplica hablar el lenguaje de la gente, con la gente\u201d; la intenci\u00f3n era que los usuarios de Vilardevoz lo lean y puedan reconocerse, por eso, por ejemplo, la locura se nombra como tal. \u201cEnloquece mucho, frustra y entristece la falta de reconocimiento, que un otro no reconozca tus aportes\u201d, finaliz\u00f3.<\/p>\n<h2>El antes del movimiento antimanicomial consolidado<\/h2>\n<p>El libro dedica apartados a todo lo que Baroni resalt\u00f3: las radios comunitarias, el encierro, \u201cla etapa del abandono\u201d, \u201cla visibilidad de lo invisible\u201d y otros puntos que desembarcaron en el movimiento antimanicomial consolidado que conocemos hoy en Uruguay.<\/p>\n<p>Sobre la militancia destaca como ejemplo estrella a Vilardevoz, un espacio que hasta hoy se sostiene de forma autogestionada por \u201cel trabajo compartido entre locos y locas\u201d, un grupo conformado por psic\u00f3logos, docentes, estudiantes, vecinos, personas que est\u00e1n o han estado internadas, usuarios de salud mental, personas con diversos padecimientos mentales, familiares, amigos y actores sociales.<\/p>\n<p>Las personas que participan en Vilardevoz, aunque sea por una \u00fanica vez, \u201ctienen derecho a voz y voto; por esta raz\u00f3n y por otras, han decidido que sus espacios sean abiertos, que no haya listas de espera ni cupos, ni horas de comienzo o de finalizaci\u00f3n, ni sanciones por faltar, ni obligaci\u00f3n de asistir. As\u00ed, con la inclusi\u00f3n de ideas, \u201cVilardevoz ocup\u00f3 un espacio que estaba vac\u00edo en una instituci\u00f3n [como el hospital] que es considerada productora de deshumanizaci\u00f3n y de arrasamiento de la subjetividad, al generar una pr\u00e1ctica comunicacional y participativa basada en construir procesos colectivos donde las personas son constructoras de sus propios procesos\u201d.<\/p>\n<p>En 2011, Vilardevoz emprendi\u00f3 la campa\u00f1a Rompiendo el silencio, tras haber obtenido la financiaci\u00f3n del Banco Mundial al presentarse al concurso.<\/p>\n<p>Comunidades con Voz y quedar seleccionada. La campa\u00f1a se desarroll\u00f3 con el objetivo de colocar en la agenda pol\u00edtica y el debate en el espacio p\u00fablico la tem\u00e1tica de la salud mental y, espec\u00edficamente, dar a conocer el anteproyecto de la Ley de Salud Mental; esta fue una de las tantas acciones que el colectivo realiz\u00f3 por la ley 19.529, aprobada desde 2017.<\/p>\n<p>El colectivo se pudo abocar a promover y protagonizar el debate sobre las condiciones de la salud mental en Uruguay, en sus aspectos legales, adem\u00e1s de \u201ccuestionar el imaginario social que rodea la locura y la enfermedad mental\u201d, al entrevistar a figuras decisivas en el \u00e1rea de la salud y encontrarse con diferentes actores de las comunidades a las que se iba. La campa\u00f1a consisti\u00f3 en la organizaci\u00f3n de desembarcos en varios departamentos del pa\u00eds y en red con otras radios comunitarias e instituciones.<\/p>\n<p>Antes, en 2009, el Ministerio de Salud P\u00fablica convoc\u00f3 la formaci\u00f3n de una comisi\u00f3n para trabajar en torno a una propuesta de anteproyecto de ley, la cual estuvo integrada por diversas organizaciones. El grupo de trabajo avanz\u00f3 en una propuesta que qued\u00f3 trunca, por diferencias. Vilardevoz decidi\u00f3 tomar lo elaborado como insumo y entrevistar en la radio a algunos de los integrantes de la comisi\u00f3n, como el psic\u00f3logo Nelson de Le\u00f3n, quien particip\u00f3 en calidad de representante de la Facultad de Psicolog\u00eda.<\/p>\n<p>En cada desembarco se hizo una mesa con actores locales. Cada radio y lugar visitado signific\u00f3 hacer red, tejerla, alimentarla, ir sumando experiencias. Las radios, en sus diversas formas, \u201cse comprometen con las problem\u00e1ticas de su comunidad y ven en esa herramienta una forma de visibilizar y de colectivizar lo que acontece\u201d, pero tambi\u00e9n de darle reconocimiento a sus pares y, por ende, darle otro uso a los medios de comunicaci\u00f3n: el que sus integrantes van necesitando.<\/p>\n<p>En su cierre, el libro destaca que \u201cuno de los mayores alicientes en la etapa del olvido\u201d es la existencia de un movimiento social que permiti\u00f3 visibilizar las problem\u00e1ticas del campo de la salud mental desde una concepci\u00f3n que sostiene que los procesos de salud y enfermedad \u201cno solo son procesos individuales, sino tambi\u00e9n colectivos y din\u00e1micos\u201d.<\/p>\n<p><a href=\"https:\/\/ladiaria.com.uy\/salud\/articulo\/2025\/9\/las-prioridades-del-msp-y-asse-en-el-presupuesto-atencion-de-salud-mental-y-adicciones-recursos-humanos-y-el-hospital-de-la-costa\/\">En el marco de una ley de presupuesto en la que el Poder Ejecutivo aplaz\u00f3 el cierre de los dispositivos monovalentes hacia 2029<\/a>, Baroni remarca que \u201cpromover alternativas a lo manicomial implicar\u00e1 revisar los aspectos \u00e9ticos de las pr\u00e1cticas profesionales, redimensionar la relaci\u00f3n t\u00e9cnico-paciente, as\u00ed como la promoci\u00f3n de abordajes de car\u00e1cter interdisciplinario\u201d y que, en estos procesos que llevan a\u00f1os, el aporte de la comunidad y la militancia organizada es fundamental.<\/p>\n<ul>\n<li>Le\u00e9 m\u00e1s sobre esto:\u00a0<a href=\"https:\/\/ladiaria.com.uy\/salud\/articulo\/2023\/7\/la-primera-casa-comunitaria-autogestionada-por-personas-que-estaban-en-situacion-de-calle-y-con-padecimientos-de-salud-mental-es-una-realidad\/\">La primera casa comunitaria autogestionada por personas que estaban en situaci\u00f3n de calle y con padecimientos de salud mental es una realidad<\/a><\/li>\n<\/ul>\n<\/div>\n<div class=\"ld-fin ld-block\"><\/div>\n<div class=\"article-date-author\"><\/div>\n<div class=\"pvc_clear\"><\/div>\n<p id=\"pvc_stats_3060\" class=\"pvc_stats all  \" data-element-id=\"3060\" style=\"\"><i class=\"pvc-stats-icon large\" aria-hidden=\"true\"><svg aria-hidden=\"true\" focusable=\"false\" data-prefix=\"far\" data-icon=\"chart-bar\" role=\"img\" xmlns=\"http:\/\/www.w3.org\/2000\/svg\" viewBox=\"0 0 512 512\" class=\"svg-inline--fa fa-chart-bar fa-w-16 fa-2x\"><path fill=\"currentColor\" d=\"M396.8 352h22.4c6.4 0 12.8-6.4 12.8-12.8V108.8c0-6.4-6.4-12.8-12.8-12.8h-22.4c-6.4 0-12.8 6.4-12.8 12.8v230.4c0 6.4 6.4 12.8 12.8 12.8zm-192 0h22.4c6.4 0 12.8-6.4 12.8-12.8V140.8c0-6.4-6.4-12.8-12.8-12.8h-22.4c-6.4 0-12.8 6.4-12.8 12.8v198.4c0 6.4 6.4 12.8 12.8 12.8zm96 0h22.4c6.4 0 12.8-6.4 12.8-12.8V204.8c0-6.4-6.4-12.8-12.8-12.8h-22.4c-6.4 0-12.8 6.4-12.8 12.8v134.4c0 6.4 6.4 12.8 12.8 12.8zM496 400H48V80c0-8.84-7.16-16-16-16H16C7.16 64 0 71.16 0 80v336c0 17.67 14.33 32 32 32h464c8.84 0 16-7.16 16-16v-16c0-8.84-7.16-16-16-16zm-387.2-48h22.4c6.4 0 12.8-6.4 12.8-12.8v-70.4c0-6.4-6.4-12.8-12.8-12.8h-22.4c-6.4 0-12.8 6.4-12.8 12.8v70.4c0 6.4 6.4 12.8 12.8 12.8z\" class=\"\"><\/path><\/svg><\/i> <img decoding=\"async\" width=\"16\" height=\"16\" alt=\"Loading\" src=\"https:\/\/radiovilardevoz.org\/wp-content\/plugins\/page-views-count\/ajax-loader-2x.gif\" border=0 \/><\/p>\n<div class=\"pvc_clear\"><\/div>\n","protected":false},"excerpt":{"rendered":"<p>01 de setiembre de 2025 Historias de la locura en Uruguay: el libro de la psic\u00f3loga y activista Cecilia Baroni que reuni\u00f3 el activismo que precedi\u00f3 la Ley de Salud&hellip; <\/p>\n<div class=\"pvc_clear\"><\/div>\n<p id=\"pvc_stats_3060\" class=\"pvc_stats all  \" data-element-id=\"3060\" style=\"\"><i class=\"pvc-stats-icon large\" aria-hidden=\"true\"><svg aria-hidden=\"true\" focusable=\"false\" data-prefix=\"far\" data-icon=\"chart-bar\" role=\"img\" xmlns=\"http:\/\/www.w3.org\/2000\/svg\" viewBox=\"0 0 512 512\" class=\"svg-inline--fa fa-chart-bar fa-w-16 fa-2x\"><path fill=\"currentColor\" d=\"M396.8 352h22.4c6.4 0 12.8-6.4 12.8-12.8V108.8c0-6.4-6.4-12.8-12.8-12.8h-22.4c-6.4 0-12.8 6.4-12.8 12.8v230.4c0 6.4 6.4 12.8 12.8 12.8zm-192 0h22.4c6.4 0 12.8-6.4 12.8-12.8V140.8c0-6.4-6.4-12.8-12.8-12.8h-22.4c-6.4 0-12.8 6.4-12.8 12.8v198.4c0 6.4 6.4 12.8 12.8 12.8zm96 0h22.4c6.4 0 12.8-6.4 12.8-12.8V204.8c0-6.4-6.4-12.8-12.8-12.8h-22.4c-6.4 0-12.8 6.4-12.8 12.8v134.4c0 6.4 6.4 12.8 12.8 12.8zM496 400H48V80c0-8.84-7.16-16-16-16H16C7.16 64 0 71.16 0 80v336c0 17.67 14.33 32 32 32h464c8.84 0 16-7.16 16-16v-16c0-8.84-7.16-16-16-16zm-387.2-48h22.4c6.4 0 12.8-6.4 12.8-12.8v-70.4c0-6.4-6.4-12.8-12.8-12.8h-22.4c-6.4 0-12.8 6.4-12.8 12.8v70.4c0 6.4 6.4 12.8 12.8 12.8z\" class=\"\"><\/path><\/svg><\/i> <img decoding=\"async\" width=\"16\" height=\"16\" alt=\"Loading\" src=\"https:\/\/radiovilardevoz.org\/wp-content\/plugins\/page-views-count\/ajax-loader-2x.gif\" border=0 \/><\/p>\n<div class=\"pvc_clear\"><\/div>\n","protected":false},"author":7,"featured_media":3061,"comment_status":"open","ping_status":"open","sticky":false,"template":"","format":"standard","meta":{"footnotes":""},"categories":[7],"tags":[],"class_list":["post-3060","post","type-post","status-publish","format-standard","has-post-thumbnail","hentry","category-noticias-destacadas"],"_links":{"self":[{"href":"https:\/\/radiovilardevoz.org\/index.php?rest_route=\/wp\/v2\/posts\/3060","targetHints":{"allow":["GET"]}}],"collection":[{"href":"https:\/\/radiovilardevoz.org\/index.php?rest_route=\/wp\/v2\/posts"}],"about":[{"href":"https:\/\/radiovilardevoz.org\/index.php?rest_route=\/wp\/v2\/types\/post"}],"author":[{"embeddable":true,"href":"https:\/\/radiovilardevoz.org\/index.php?rest_route=\/wp\/v2\/users\/7"}],"replies":[{"embeddable":true,"href":"https:\/\/radiovilardevoz.org\/index.php?rest_route=%2Fwp%2Fv2%2Fcomments&post=3060"}],"version-history":[{"count":3,"href":"https:\/\/radiovilardevoz.org\/index.php?rest_route=\/wp\/v2\/posts\/3060\/revisions"}],"predecessor-version":[{"id":3064,"href":"https:\/\/radiovilardevoz.org\/index.php?rest_route=\/wp\/v2\/posts\/3060\/revisions\/3064"}],"wp:featuredmedia":[{"embeddable":true,"href":"https:\/\/radiovilardevoz.org\/index.php?rest_route=\/wp\/v2\/media\/3061"}],"wp:attachment":[{"href":"https:\/\/radiovilardevoz.org\/index.php?rest_route=%2Fwp%2Fv2%2Fmedia&parent=3060"}],"wp:term":[{"taxonomy":"category","embeddable":true,"href":"https:\/\/radiovilardevoz.org\/index.php?rest_route=%2Fwp%2Fv2%2Fcategories&post=3060"},{"taxonomy":"post_tag","embeddable":true,"href":"https:\/\/radiovilardevoz.org\/index.php?rest_route=%2Fwp%2Fv2%2Ftags&post=3060"}],"curies":[{"name":"wp","href":"https:\/\/api.w.org\/{rel}","templated":true}]}}