{"id":3295,"date":"2025-09-18T19:55:58","date_gmt":"2025-09-18T22:55:58","guid":{"rendered":"https:\/\/radiovilardevoz.org\/?p=3295"},"modified":"2025-09-18T19:55:58","modified_gmt":"2025-09-18T22:55:58","slug":"sr-motta-banda","status":"publish","type":"post","link":"https:\/\/radiovilardevoz.org\/?p=3295","title":{"rendered":"Sr Motta Banda"},"content":{"rendered":"<h6 style=\"text-align: right;\">06 de agosto de 2025<\/h6>\n<p>&nbsp;<\/p>\n<p><img fetchpriority=\"high\" decoding=\"async\" class=\"alignnone size-medium wp-image-3303 foto\" src=\"https:\/\/radiovilardevoz.org\/wp-content\/uploads\/2025\/09\/WhatsApp-Image-2025-09-18-at-15.53.56-225x300.jpeg\" alt=\"\" width=\"225\" height=\"300\" srcset=\"https:\/\/radiovilardevoz.org\/wp-content\/uploads\/2025\/09\/WhatsApp-Image-2025-09-18-at-15.53.56-225x300.jpeg 225w, https:\/\/radiovilardevoz.org\/wp-content\/uploads\/2025\/09\/WhatsApp-Image-2025-09-18-at-15.53.56-768x1024.jpeg 768w, https:\/\/radiovilardevoz.org\/wp-content\/uploads\/2025\/09\/WhatsApp-Image-2025-09-18-at-15.53.56-1152x1536.jpeg 1152w, https:\/\/radiovilardevoz.org\/wp-content\/uploads\/2025\/09\/WhatsApp-Image-2025-09-18-at-15.53.56-600x800.jpeg 600w, https:\/\/radiovilardevoz.org\/wp-content\/uploads\/2025\/09\/WhatsApp-Image-2025-09-18-at-15.53.56.jpeg 1200w\" sizes=\"(max-width: 225px) 100vw, 225px\" \/> <img decoding=\"async\" class=\"alignnone size-medium wp-image-3301 foto\" src=\"https:\/\/radiovilardevoz.org\/wp-content\/uploads\/2025\/09\/WhatsApp-Image-2025-09-18-at-15.53.57-1-225x300.jpeg\" alt=\"\" width=\"225\" height=\"300\" srcset=\"https:\/\/radiovilardevoz.org\/wp-content\/uploads\/2025\/09\/WhatsApp-Image-2025-09-18-at-15.53.57-1-225x300.jpeg 225w, https:\/\/radiovilardevoz.org\/wp-content\/uploads\/2025\/09\/WhatsApp-Image-2025-09-18-at-15.53.57-1-768x1024.jpeg 768w, https:\/\/radiovilardevoz.org\/wp-content\/uploads\/2025\/09\/WhatsApp-Image-2025-09-18-at-15.53.57-1-1152x1536.jpeg 1152w, https:\/\/radiovilardevoz.org\/wp-content\/uploads\/2025\/09\/WhatsApp-Image-2025-09-18-at-15.53.57-1-600x800.jpeg 600w, https:\/\/radiovilardevoz.org\/wp-content\/uploads\/2025\/09\/WhatsApp-Image-2025-09-18-at-15.53.57-1.jpeg 1200w\" sizes=\"(max-width: 225px) 100vw, 225px\" \/><\/p>\n<p>Recibimos al Amigo de muchos a\u00f1os Francisco integrante de la Banda SR Motta que la excusa de la visita es que se presentan el proximo Miercoles 17 de Setiembre en la sala La Cretina. Nos conto de las canciones y las formas de composicion con los otros integrantes. Sr Motta actuar\u00e1 en vivo para presentar su nuevo single \u00abEl camino\u00bb, en un concierto que lleva el mismo nombre. Con su estilo \u00fanico que fusiona rock, pop y elementos electr\u00f3nicos, Sr Motta ofrecer\u00e1 un show po\u00e9tico y emocionante. No te pierdas la oportunidad de vivir la experiencia Sr Motta y ser parte de la presentaci\u00f3n de \u00abEl camino\u00bb.<\/p>\n<p><strong>Audio de la entrevista:<\/strong><\/p>\n<p><iframe src=\"https:\/\/www.ivoox.com\/player_ej_158042361_6_1.html?c1=5b3411\" width=\"100%\" height=\"200\" frameborder=\"0\" scrolling=\"no\" allowfullscreen=\"allowfullscreen\"><\/iframe><\/p>\n<div class=\"pvc_clear\"><\/div>\n<p id=\"pvc_stats_3295\" class=\"pvc_stats all  \" data-element-id=\"3295\" style=\"\"><i class=\"pvc-stats-icon large\" aria-hidden=\"true\"><svg aria-hidden=\"true\" focusable=\"false\" data-prefix=\"far\" data-icon=\"chart-bar\" role=\"img\" xmlns=\"http:\/\/www.w3.org\/2000\/svg\" viewBox=\"0 0 512 512\" class=\"svg-inline--fa fa-chart-bar fa-w-16 fa-2x\"><path fill=\"currentColor\" d=\"M396.8 352h22.4c6.4 0 12.8-6.4 12.8-12.8V108.8c0-6.4-6.4-12.8-12.8-12.8h-22.4c-6.4 0-12.8 6.4-12.8 12.8v230.4c0 6.4 6.4 12.8 12.8 12.8zm-192 0h22.4c6.4 0 12.8-6.4 12.8-12.8V140.8c0-6.4-6.4-12.8-12.8-12.8h-22.4c-6.4 0-12.8 6.4-12.8 12.8v198.4c0 6.4 6.4 12.8 12.8 12.8zm96 0h22.4c6.4 0 12.8-6.4 12.8-12.8V204.8c0-6.4-6.4-12.8-12.8-12.8h-22.4c-6.4 0-12.8 6.4-12.8 12.8v134.4c0 6.4 6.4 12.8 12.8 12.8zM496 400H48V80c0-8.84-7.16-16-16-16H16C7.16 64 0 71.16 0 80v336c0 17.67 14.33 32 32 32h464c8.84 0 16-7.16 16-16v-16c0-8.84-7.16-16-16-16zm-387.2-48h22.4c6.4 0 12.8-6.4 12.8-12.8v-70.4c0-6.4-6.4-12.8-12.8-12.8h-22.4c-6.4 0-12.8 6.4-12.8 12.8v70.4c0 6.4 6.4 12.8 12.8 12.8z\" class=\"\"><\/path><\/svg><\/i> <img decoding=\"async\" width=\"16\" height=\"16\" alt=\"Loading\" src=\"https:\/\/radiovilardevoz.org\/wp-content\/plugins\/page-views-count\/ajax-loader-2x.gif\" border=0 \/><\/p>\n<div class=\"pvc_clear\"><\/div>\n","protected":false},"excerpt":{"rendered":"<p>06 de agosto de 2025 &nbsp; Recibimos al Amigo de muchos a\u00f1os Francisco integrante de la Banda SR Motta que la excusa de la visita es que se presentan el&hellip; <\/p>\n<div class=\"pvc_clear\"><\/div>\n<p id=\"pvc_stats_3295\" class=\"pvc_stats all  \" data-element-id=\"3295\" style=\"\"><i class=\"pvc-stats-icon large\" aria-hidden=\"true\"><svg aria-hidden=\"true\" focusable=\"false\" data-prefix=\"far\" data-icon=\"chart-bar\" role=\"img\" xmlns=\"http:\/\/www.w3.org\/2000\/svg\" viewBox=\"0 0 512 512\" class=\"svg-inline--fa fa-chart-bar fa-w-16 fa-2x\"><path fill=\"currentColor\" d=\"M396.8 352h22.4c6.4 0 12.8-6.4 12.8-12.8V108.8c0-6.4-6.4-12.8-12.8-12.8h-22.4c-6.4 0-12.8 6.4-12.8 12.8v230.4c0 6.4 6.4 12.8 12.8 12.8zm-192 0h22.4c6.4 0 12.8-6.4 12.8-12.8V140.8c0-6.4-6.4-12.8-12.8-12.8h-22.4c-6.4 0-12.8 6.4-12.8 12.8v198.4c0 6.4 6.4 12.8 12.8 12.8zm96 0h22.4c6.4 0 12.8-6.4 12.8-12.8V204.8c0-6.4-6.4-12.8-12.8-12.8h-22.4c-6.4 0-12.8 6.4-12.8 12.8v134.4c0 6.4 6.4 12.8 12.8 12.8zM496 400H48V80c0-8.84-7.16-16-16-16H16C7.16 64 0 71.16 0 80v336c0 17.67 14.33 32 32 32h464c8.84 0 16-7.16 16-16v-16c0-8.84-7.16-16-16-16zm-387.2-48h22.4c6.4 0 12.8-6.4 12.8-12.8v-70.4c0-6.4-6.4-12.8-12.8-12.8h-22.4c-6.4 0-12.8 6.4-12.8 12.8v70.4c0 6.4 6.4 12.8 12.8 12.8z\" class=\"\"><\/path><\/svg><\/i> <img decoding=\"async\" width=\"16\" height=\"16\" alt=\"Loading\" src=\"https:\/\/radiovilardevoz.org\/wp-content\/plugins\/page-views-count\/ajax-loader-2x.gif\" border=0 \/><\/p>\n<div class=\"pvc_clear\"><\/div>\n","protected":false},"author":7,"featured_media":3302,"comment_status":"open","ping_status":"open","sticky":false,"template":"","format":"standard","meta":{"footnotes":""},"categories":[7],"tags":[],"class_list":["post-3295","post","type-post","status-publish","format-standard","has-post-thumbnail","hentry","category-noticias-destacadas"],"_links":{"self":[{"href":"https:\/\/radiovilardevoz.org\/index.php?rest_route=\/wp\/v2\/posts\/3295","targetHints":{"allow":["GET"]}}],"collection":[{"href":"https:\/\/radiovilardevoz.org\/index.php?rest_route=\/wp\/v2\/posts"}],"about":[{"href":"https:\/\/radiovilardevoz.org\/index.php?rest_route=\/wp\/v2\/types\/post"}],"author":[{"embeddable":true,"href":"https:\/\/radiovilardevoz.org\/index.php?rest_route=\/wp\/v2\/users\/7"}],"replies":[{"embeddable":true,"href":"https:\/\/radiovilardevoz.org\/index.php?rest_route=%2Fwp%2Fv2%2Fcomments&post=3295"}],"version-history":[{"count":4,"href":"https:\/\/radiovilardevoz.org\/index.php?rest_route=\/wp\/v2\/posts\/3295\/revisions"}],"predecessor-version":[{"id":3309,"href":"https:\/\/radiovilardevoz.org\/index.php?rest_route=\/wp\/v2\/posts\/3295\/revisions\/3309"}],"wp:featuredmedia":[{"embeddable":true,"href":"https:\/\/radiovilardevoz.org\/index.php?rest_route=\/wp\/v2\/media\/3302"}],"wp:attachment":[{"href":"https:\/\/radiovilardevoz.org\/index.php?rest_route=%2Fwp%2Fv2%2Fmedia&parent=3295"}],"wp:term":[{"taxonomy":"category","embeddable":true,"href":"https:\/\/radiovilardevoz.org\/index.php?rest_route=%2Fwp%2Fv2%2Fcategories&post=3295"},{"taxonomy":"post_tag","embeddable":true,"href":"https:\/\/radiovilardevoz.org\/index.php?rest_route=%2Fwp%2Fv2%2Ftags&post=3295"}],"curies":[{"name":"wp","href":"https:\/\/api.w.org\/{rel}","templated":true}]}}