{"id":3310,"date":"2025-09-18T19:57:13","date_gmt":"2025-09-18T22:57:13","guid":{"rendered":"https:\/\/radiovilardevoz.org\/?p=3310"},"modified":"2025-09-26T16:53:52","modified_gmt":"2025-09-26T19:53:52","slug":"ong-el-paso","status":"publish","type":"post","link":"https:\/\/radiovilardevoz.org\/?p=3310","title":{"rendered":"ONG El Paso"},"content":{"rendered":"<h6 style=\"text-align: right;\">13 de setiembre de 2025<\/h6>\n<p><img fetchpriority=\"high\" decoding=\"async\" class=\"alignnone size-medium wp-image-3307 foto\" src=\"https:\/\/radiovilardevoz.org\/wp-content\/uploads\/2025\/09\/548290158_1241234574698528_4620582396576436888_n-226x300.jpg\" alt=\"\" width=\"226\" height=\"300\" srcset=\"https:\/\/radiovilardevoz.org\/wp-content\/uploads\/2025\/09\/548290158_1241234574698528_4620582396576436888_n-226x300.jpg 226w, https:\/\/radiovilardevoz.org\/wp-content\/uploads\/2025\/09\/548290158_1241234574698528_4620582396576436888_n-770x1024.jpg 770w, https:\/\/radiovilardevoz.org\/wp-content\/uploads\/2025\/09\/548290158_1241234574698528_4620582396576436888_n-768x1021.jpg 768w, https:\/\/radiovilardevoz.org\/wp-content\/uploads\/2025\/09\/548290158_1241234574698528_4620582396576436888_n-600x798.jpg 600w, https:\/\/radiovilardevoz.org\/wp-content\/uploads\/2025\/09\/548290158_1241234574698528_4620582396576436888_n.jpg 963w\" sizes=\"(max-width: 226px) 100vw, 226px\" \/> <img decoding=\"async\" class=\"alignnone size-medium wp-image-3306 foto\" src=\"https:\/\/radiovilardevoz.org\/wp-content\/uploads\/2025\/09\/548128031_1241235258031793_1670228230806171936_n-300x226.jpg\" alt=\"\" width=\"300\" height=\"226\" srcset=\"https:\/\/radiovilardevoz.org\/wp-content\/uploads\/2025\/09\/548128031_1241235258031793_1670228230806171936_n-300x226.jpg 300w, https:\/\/radiovilardevoz.org\/wp-content\/uploads\/2025\/09\/548128031_1241235258031793_1670228230806171936_n-1024x770.jpg 1024w, https:\/\/radiovilardevoz.org\/wp-content\/uploads\/2025\/09\/548128031_1241235258031793_1670228230806171936_n-768x578.jpg 768w, https:\/\/radiovilardevoz.org\/wp-content\/uploads\/2025\/09\/548128031_1241235258031793_1670228230806171936_n-600x451.jpg 600w, https:\/\/radiovilardevoz.org\/wp-content\/uploads\/2025\/09\/548128031_1241235258031793_1670228230806171936_n.jpg 1280w\" sizes=\"(max-width: 300px) 100vw, 300px\" \/><\/p>\n<div class=\"mb-05 lh-sm description-wrapper\" data-v-6932caef=\"\">\n<div class=\"description-container font-size-12\" data-v-6932caef=\"\">\n<div class=\"description mb-05\" data-v-6932caef=\"\">Hoy recibimos a la compa\u00f1era Andrea Tuana integrante de la ONG El Paso debido a un nuevo caso que involucra a ni\u00f1os con la llamada Violencia Vicaria. La violencia vicaria es una forma de violencia de g\u00e9nero por la cual los hijos e hijas de las mujeres v\u00edctimas de violencia de g\u00e9nero son instrumentalizados como objeto para maltratar y ocasionar dolor a sus madres. En Uruguay cada d\u00eda se denuncian 24 casos de violencia hacia ni\u00f1as, ni\u00f1os y adolescentes, seg\u00fan datos del Sipiav de 2024. Detr\u00e1s de esa cifra hay muchos m\u00e1s casos que no llegan a reportarse y quedan de la puerta para adentro de los hogares. Y siempre, dentro de esos n\u00fameros, hay historias fallidas de adultos que deber\u00edan cuidar, y ni\u00f1os que deber\u00edan ser cuidados. En \u00faltima instancia, queda en manos de la Justicia si un ni\u00f1o vuelve o no a convivir con el adulto que es acusado por el menor de haberlo agredido. Es en ese punto que, para Andrea Tuana, el sistema falla. \u201cEstamos en un momento dif\u00edcil para lograr una protecci\u00f3n real\u201d, advierte la directora de la Asociaci\u00f3n Civil El Paso.<\/div>\n<\/div>\n<p><\/p>\n<div data-v-6932caef=\"\"><strong>Audio de la entrevista:<\/strong><\/div>\n<div data-v-6932caef=\"\"><\/div>\n<\/div>\n<p><iframe src=\"https:\/\/www.ivoox.com\/player_ej_158278959_6_1.html?c1=5b3411\" width=\"100%\" height=\"200\" frameborder=\"0\" scrolling=\"no\" allowfullscreen=\"allowfullscreen\"><\/iframe><\/p>\n<div class=\"pvc_clear\"><\/div>\n<p id=\"pvc_stats_3310\" class=\"pvc_stats all  \" data-element-id=\"3310\" style=\"\"><i class=\"pvc-stats-icon large\" aria-hidden=\"true\"><svg aria-hidden=\"true\" focusable=\"false\" data-prefix=\"far\" data-icon=\"chart-bar\" role=\"img\" xmlns=\"http:\/\/www.w3.org\/2000\/svg\" viewBox=\"0 0 512 512\" class=\"svg-inline--fa fa-chart-bar fa-w-16 fa-2x\"><path fill=\"currentColor\" d=\"M396.8 352h22.4c6.4 0 12.8-6.4 12.8-12.8V108.8c0-6.4-6.4-12.8-12.8-12.8h-22.4c-6.4 0-12.8 6.4-12.8 12.8v230.4c0 6.4 6.4 12.8 12.8 12.8zm-192 0h22.4c6.4 0 12.8-6.4 12.8-12.8V140.8c0-6.4-6.4-12.8-12.8-12.8h-22.4c-6.4 0-12.8 6.4-12.8 12.8v198.4c0 6.4 6.4 12.8 12.8 12.8zm96 0h22.4c6.4 0 12.8-6.4 12.8-12.8V204.8c0-6.4-6.4-12.8-12.8-12.8h-22.4c-6.4 0-12.8 6.4-12.8 12.8v134.4c0 6.4 6.4 12.8 12.8 12.8zM496 400H48V80c0-8.84-7.16-16-16-16H16C7.16 64 0 71.16 0 80v336c0 17.67 14.33 32 32 32h464c8.84 0 16-7.16 16-16v-16c0-8.84-7.16-16-16-16zm-387.2-48h22.4c6.4 0 12.8-6.4 12.8-12.8v-70.4c0-6.4-6.4-12.8-12.8-12.8h-22.4c-6.4 0-12.8 6.4-12.8 12.8v70.4c0 6.4 6.4 12.8 12.8 12.8z\" class=\"\"><\/path><\/svg><\/i> <img decoding=\"async\" width=\"16\" height=\"16\" alt=\"Loading\" src=\"https:\/\/radiovilardevoz.org\/wp-content\/plugins\/page-views-count\/ajax-loader-2x.gif\" border=0 \/><\/p>\n<div class=\"pvc_clear\"><\/div>\n","protected":false},"excerpt":{"rendered":"<p>13 de setiembre de 2025 Hoy recibimos a la compa\u00f1era Andrea Tuana integrante de la ONG El Paso debido a un nuevo caso que involucra a ni\u00f1os con la llamada&hellip; <\/p>\n<div class=\"pvc_clear\"><\/div>\n<p id=\"pvc_stats_3310\" class=\"pvc_stats all  \" data-element-id=\"3310\" style=\"\"><i class=\"pvc-stats-icon large\" aria-hidden=\"true\"><svg aria-hidden=\"true\" focusable=\"false\" data-prefix=\"far\" data-icon=\"chart-bar\" role=\"img\" xmlns=\"http:\/\/www.w3.org\/2000\/svg\" viewBox=\"0 0 512 512\" class=\"svg-inline--fa fa-chart-bar fa-w-16 fa-2x\"><path fill=\"currentColor\" d=\"M396.8 352h22.4c6.4 0 12.8-6.4 12.8-12.8V108.8c0-6.4-6.4-12.8-12.8-12.8h-22.4c-6.4 0-12.8 6.4-12.8 12.8v230.4c0 6.4 6.4 12.8 12.8 12.8zm-192 0h22.4c6.4 0 12.8-6.4 12.8-12.8V140.8c0-6.4-6.4-12.8-12.8-12.8h-22.4c-6.4 0-12.8 6.4-12.8 12.8v198.4c0 6.4 6.4 12.8 12.8 12.8zm96 0h22.4c6.4 0 12.8-6.4 12.8-12.8V204.8c0-6.4-6.4-12.8-12.8-12.8h-22.4c-6.4 0-12.8 6.4-12.8 12.8v134.4c0 6.4 6.4 12.8 12.8 12.8zM496 400H48V80c0-8.84-7.16-16-16-16H16C7.16 64 0 71.16 0 80v336c0 17.67 14.33 32 32 32h464c8.84 0 16-7.16 16-16v-16c0-8.84-7.16-16-16-16zm-387.2-48h22.4c6.4 0 12.8-6.4 12.8-12.8v-70.4c0-6.4-6.4-12.8-12.8-12.8h-22.4c-6.4 0-12.8 6.4-12.8 12.8v70.4c0 6.4 6.4 12.8 12.8 12.8z\" class=\"\"><\/path><\/svg><\/i> <img decoding=\"async\" width=\"16\" height=\"16\" alt=\"Loading\" src=\"https:\/\/radiovilardevoz.org\/wp-content\/plugins\/page-views-count\/ajax-loader-2x.gif\" border=0 \/><\/p>\n<div class=\"pvc_clear\"><\/div>\n","protected":false},"author":7,"featured_media":3305,"comment_status":"open","ping_status":"open","sticky":false,"template":"","format":"standard","meta":{"footnotes":""},"categories":[7],"tags":[],"class_list":["post-3310","post","type-post","status-publish","format-standard","has-post-thumbnail","hentry","category-noticias-destacadas"],"_links":{"self":[{"href":"https:\/\/radiovilardevoz.org\/index.php?rest_route=\/wp\/v2\/posts\/3310","targetHints":{"allow":["GET"]}}],"collection":[{"href":"https:\/\/radiovilardevoz.org\/index.php?rest_route=\/wp\/v2\/posts"}],"about":[{"href":"https:\/\/radiovilardevoz.org\/index.php?rest_route=\/wp\/v2\/types\/post"}],"author":[{"embeddable":true,"href":"https:\/\/radiovilardevoz.org\/index.php?rest_route=\/wp\/v2\/users\/7"}],"replies":[{"embeddable":true,"href":"https:\/\/radiovilardevoz.org\/index.php?rest_route=%2Fwp%2Fv2%2Fcomments&post=3310"}],"version-history":[{"count":6,"href":"https:\/\/radiovilardevoz.org\/index.php?rest_route=\/wp\/v2\/posts\/3310\/revisions"}],"predecessor-version":[{"id":3348,"href":"https:\/\/radiovilardevoz.org\/index.php?rest_route=\/wp\/v2\/posts\/3310\/revisions\/3348"}],"wp:featuredmedia":[{"embeddable":true,"href":"https:\/\/radiovilardevoz.org\/index.php?rest_route=\/wp\/v2\/media\/3305"}],"wp:attachment":[{"href":"https:\/\/radiovilardevoz.org\/index.php?rest_route=%2Fwp%2Fv2%2Fmedia&parent=3310"}],"wp:term":[{"taxonomy":"category","embeddable":true,"href":"https:\/\/radiovilardevoz.org\/index.php?rest_route=%2Fwp%2Fv2%2Fcategories&post=3310"},{"taxonomy":"post_tag","embeddable":true,"href":"https:\/\/radiovilardevoz.org\/index.php?rest_route=%2Fwp%2Fv2%2Ftags&post=3310"}],"curies":[{"name":"wp","href":"https:\/\/api.w.org\/{rel}","templated":true}]}}