{"id":3335,"date":"2025-09-24T17:09:09","date_gmt":"2025-09-24T20:09:09","guid":{"rendered":"https:\/\/radiovilardevoz.org\/?p=3335"},"modified":"2025-09-26T16:46:40","modified_gmt":"2025-09-26T19:46:40","slug":"cantante-guadalupe-calzada","status":"publish","type":"post","link":"https:\/\/radiovilardevoz.org\/?p=3335","title":{"rendered":"Cantante Guadalupe Calzada"},"content":{"rendered":"<h6 style=\"text-align: right;\">20 de setiembre de 2025<\/h6>\n<p><img fetchpriority=\"high\" decoding=\"async\" class=\"alignnone size-medium wp-image-3338 foto\" src=\"https:\/\/radiovilardevoz.org\/wp-content\/uploads\/2025\/09\/554316028_1248414750647177_8610459395441354131_n-min-225x300.jpg\" alt=\"\" width=\"225\" height=\"300\" srcset=\"https:\/\/radiovilardevoz.org\/wp-content\/uploads\/2025\/09\/554316028_1248414750647177_8610459395441354131_n-min-225x300.jpg 225w, https:\/\/radiovilardevoz.org\/wp-content\/uploads\/2025\/09\/554316028_1248414750647177_8610459395441354131_n-min-768x1024.jpg 768w, https:\/\/radiovilardevoz.org\/wp-content\/uploads\/2025\/09\/554316028_1248414750647177_8610459395441354131_n-min-600x800.jpg 600w, https:\/\/radiovilardevoz.org\/wp-content\/uploads\/2025\/09\/554316028_1248414750647177_8610459395441354131_n-min.jpg 960w\" sizes=\"(max-width: 225px) 100vw, 225px\" \/> <img decoding=\"async\" class=\"alignnone size-medium wp-image-3337 foto\" src=\"https:\/\/radiovilardevoz.org\/wp-content\/uploads\/2025\/09\/551797590_1248414160647236_5487210453492487147_n-min-300x226.jpg\" alt=\"\" width=\"300\" height=\"226\" srcset=\"https:\/\/radiovilardevoz.org\/wp-content\/uploads\/2025\/09\/551797590_1248414160647236_5487210453492487147_n-min-300x226.jpg 300w, https:\/\/radiovilardevoz.org\/wp-content\/uploads\/2025\/09\/551797590_1248414160647236_5487210453492487147_n-min-1024x770.jpg 1024w, https:\/\/radiovilardevoz.org\/wp-content\/uploads\/2025\/09\/551797590_1248414160647236_5487210453492487147_n-min-768x578.jpg 768w, https:\/\/radiovilardevoz.org\/wp-content\/uploads\/2025\/09\/551797590_1248414160647236_5487210453492487147_n-min-600x451.jpg 600w, https:\/\/radiovilardevoz.org\/wp-content\/uploads\/2025\/09\/551797590_1248414160647236_5487210453492487147_n-min.jpg 1280w\" sizes=\"(max-width: 300px) 100vw, 300px\" \/><\/p>\n<p>&nbsp;<\/p>\n<div class=\"mb-05 lh-sm d-none d-sm-block description-wrapper\" data-v-63aff51b=\"\">\n<div class=\"description-container font-size-12\" data-v-63aff51b=\"\">\n<div class=\"description mb-05\" data-v-63aff51b=\"\">Hoy en nuestro Ciclo Laberinto Musical recibimos a Guadalupe Calzada joven cantante que nos visita por primera vez en la FonoPlatea. Guadalupe Calzada es compositora, guitarrista y directora de coros. Se va consolidando como una de las j\u00f3venes m\u00e1s destacadas de la escena musical uruguaya. En 2024 obtuvo el primer premio en el concurso de cantautores \u00abCanciones de Oto\u00f1o\u00bb, un logro que le permitir\u00e1 grabar su \u00e1lbum debut en este 2025. Este trabajo incluir\u00e1 canciones de su autor\u00eda, influenciadas por ritmos populares de Uruguay y la regi\u00f3n. Guadalupe se form\u00f3 en la Facultad de Artes (UdelaR) con maestros que la acercaron a los diferentes sentires de la m\u00fasica, sobre todo en los estilos m\u00e1s cercanos a lo popular. Apoyada en su formaci\u00f3n acad\u00e9mica, Guadalupe, se desempe\u00f1a como directora de coros (Coro N\u00f3made, Coro del Mume) as\u00ed tambi\u00e9n como tallerista de m\u00fasica en todos los estilos y en m\u00faltiples espacios. Sus canciones recorren diversos g\u00e9neros, pero siempre atravesadas por la esencia m\u00e1s profunda de la m\u00fasica popular uruguaya. Actualmente se encuentra finalizando su primer trabajo discogr\u00e1fico, que tiene dos adelantos disponibles en todas las plataformas digitales. El primero fue \u00ab4022\u2033 y el m\u00e1s reciente, un candombe fusi\u00f3n atravesado por delicadas notas de jazz \u00abTregu<strong>a\u00bb.<\/strong><\/div>\n<\/div>\n<\/div>\n<div data-v-63aff51b=\"\"><\/div>\n<div data-v-63aff51b=\"\"><\/div>\n<div data-v-63aff51b=\"\"><\/div>\n<p>&nbsp;<\/p>\n<div data-v-63aff51b=\"\"><strong>Audio de la entrevista:<\/strong><\/div>\n<div data-v-63aff51b=\"\"><\/div>\n<div data-v-63aff51b=\"\"><iframe src=\"https:\/\/www.ivoox.com\/player_ej_159156157_6_1.html?c1=5b3411\" width=\"100%\" height=\"200\" frameborder=\"0\" scrolling=\"no\" allowfullscreen=\"allowfullscreen\"><\/iframe><\/div>\n<div class=\"pvc_clear\"><\/div>\n<p id=\"pvc_stats_3335\" class=\"pvc_stats all  \" data-element-id=\"3335\" style=\"\"><i class=\"pvc-stats-icon large\" aria-hidden=\"true\"><svg aria-hidden=\"true\" focusable=\"false\" data-prefix=\"far\" data-icon=\"chart-bar\" role=\"img\" xmlns=\"http:\/\/www.w3.org\/2000\/svg\" viewBox=\"0 0 512 512\" class=\"svg-inline--fa fa-chart-bar fa-w-16 fa-2x\"><path fill=\"currentColor\" d=\"M396.8 352h22.4c6.4 0 12.8-6.4 12.8-12.8V108.8c0-6.4-6.4-12.8-12.8-12.8h-22.4c-6.4 0-12.8 6.4-12.8 12.8v230.4c0 6.4 6.4 12.8 12.8 12.8zm-192 0h22.4c6.4 0 12.8-6.4 12.8-12.8V140.8c0-6.4-6.4-12.8-12.8-12.8h-22.4c-6.4 0-12.8 6.4-12.8 12.8v198.4c0 6.4 6.4 12.8 12.8 12.8zm96 0h22.4c6.4 0 12.8-6.4 12.8-12.8V204.8c0-6.4-6.4-12.8-12.8-12.8h-22.4c-6.4 0-12.8 6.4-12.8 12.8v134.4c0 6.4 6.4 12.8 12.8 12.8zM496 400H48V80c0-8.84-7.16-16-16-16H16C7.16 64 0 71.16 0 80v336c0 17.67 14.33 32 32 32h464c8.84 0 16-7.16 16-16v-16c0-8.84-7.16-16-16-16zm-387.2-48h22.4c6.4 0 12.8-6.4 12.8-12.8v-70.4c0-6.4-6.4-12.8-12.8-12.8h-22.4c-6.4 0-12.8 6.4-12.8 12.8v70.4c0 6.4 6.4 12.8 12.8 12.8z\" class=\"\"><\/path><\/svg><\/i> <img decoding=\"async\" width=\"16\" height=\"16\" alt=\"Loading\" src=\"https:\/\/radiovilardevoz.org\/wp-content\/plugins\/page-views-count\/ajax-loader-2x.gif\" border=0 \/><\/p>\n<div class=\"pvc_clear\"><\/div>\n","protected":false},"excerpt":{"rendered":"<p>20 de setiembre de 2025 &nbsp; Hoy en nuestro Ciclo Laberinto Musical recibimos a Guadalupe Calzada joven cantante que nos visita por primera vez en la FonoPlatea. Guadalupe Calzada es&hellip; <\/p>\n<div class=\"pvc_clear\"><\/div>\n<p id=\"pvc_stats_3335\" class=\"pvc_stats all  \" data-element-id=\"3335\" style=\"\"><i class=\"pvc-stats-icon large\" aria-hidden=\"true\"><svg aria-hidden=\"true\" focusable=\"false\" data-prefix=\"far\" data-icon=\"chart-bar\" role=\"img\" xmlns=\"http:\/\/www.w3.org\/2000\/svg\" viewBox=\"0 0 512 512\" class=\"svg-inline--fa fa-chart-bar fa-w-16 fa-2x\"><path fill=\"currentColor\" d=\"M396.8 352h22.4c6.4 0 12.8-6.4 12.8-12.8V108.8c0-6.4-6.4-12.8-12.8-12.8h-22.4c-6.4 0-12.8 6.4-12.8 12.8v230.4c0 6.4 6.4 12.8 12.8 12.8zm-192 0h22.4c6.4 0 12.8-6.4 12.8-12.8V140.8c0-6.4-6.4-12.8-12.8-12.8h-22.4c-6.4 0-12.8 6.4-12.8 12.8v198.4c0 6.4 6.4 12.8 12.8 12.8zm96 0h22.4c6.4 0 12.8-6.4 12.8-12.8V204.8c0-6.4-6.4-12.8-12.8-12.8h-22.4c-6.4 0-12.8 6.4-12.8 12.8v134.4c0 6.4 6.4 12.8 12.8 12.8zM496 400H48V80c0-8.84-7.16-16-16-16H16C7.16 64 0 71.16 0 80v336c0 17.67 14.33 32 32 32h464c8.84 0 16-7.16 16-16v-16c0-8.84-7.16-16-16-16zm-387.2-48h22.4c6.4 0 12.8-6.4 12.8-12.8v-70.4c0-6.4-6.4-12.8-12.8-12.8h-22.4c-6.4 0-12.8 6.4-12.8 12.8v70.4c0 6.4 6.4 12.8 12.8 12.8z\" class=\"\"><\/path><\/svg><\/i> <img decoding=\"async\" width=\"16\" height=\"16\" alt=\"Loading\" src=\"https:\/\/radiovilardevoz.org\/wp-content\/plugins\/page-views-count\/ajax-loader-2x.gif\" border=0 \/><\/p>\n<div class=\"pvc_clear\"><\/div>\n","protected":false},"author":7,"featured_media":3344,"comment_status":"open","ping_status":"open","sticky":false,"template":"","format":"standard","meta":{"footnotes":""},"categories":[7],"tags":[],"class_list":["post-3335","post","type-post","status-publish","format-standard","has-post-thumbnail","hentry","category-noticias-destacadas"],"_links":{"self":[{"href":"https:\/\/radiovilardevoz.org\/index.php?rest_route=\/wp\/v2\/posts\/3335","targetHints":{"allow":["GET"]}}],"collection":[{"href":"https:\/\/radiovilardevoz.org\/index.php?rest_route=\/wp\/v2\/posts"}],"about":[{"href":"https:\/\/radiovilardevoz.org\/index.php?rest_route=\/wp\/v2\/types\/post"}],"author":[{"embeddable":true,"href":"https:\/\/radiovilardevoz.org\/index.php?rest_route=\/wp\/v2\/users\/7"}],"replies":[{"embeddable":true,"href":"https:\/\/radiovilardevoz.org\/index.php?rest_route=%2Fwp%2Fv2%2Fcomments&post=3335"}],"version-history":[{"count":7,"href":"https:\/\/radiovilardevoz.org\/index.php?rest_route=\/wp\/v2\/posts\/3335\/revisions"}],"predecessor-version":[{"id":3346,"href":"https:\/\/radiovilardevoz.org\/index.php?rest_route=\/wp\/v2\/posts\/3335\/revisions\/3346"}],"wp:featuredmedia":[{"embeddable":true,"href":"https:\/\/radiovilardevoz.org\/index.php?rest_route=\/wp\/v2\/media\/3344"}],"wp:attachment":[{"href":"https:\/\/radiovilardevoz.org\/index.php?rest_route=%2Fwp%2Fv2%2Fmedia&parent=3335"}],"wp:term":[{"taxonomy":"category","embeddable":true,"href":"https:\/\/radiovilardevoz.org\/index.php?rest_route=%2Fwp%2Fv2%2Fcategories&post=3335"},{"taxonomy":"post_tag","embeddable":true,"href":"https:\/\/radiovilardevoz.org\/index.php?rest_route=%2Fwp%2Fv2%2Ftags&post=3335"}],"curies":[{"name":"wp","href":"https:\/\/api.w.org\/{rel}","templated":true}]}}