{"id":3375,"date":"2025-09-30T14:31:29","date_gmt":"2025-09-30T17:31:29","guid":{"rendered":"https:\/\/radiovilardevoz.org\/?p=3375"},"modified":"2025-09-30T14:50:46","modified_gmt":"2025-09-30T17:50:46","slug":"entra-en-difusion-libros","status":"publish","type":"post","link":"https:\/\/radiovilardevoz.org\/?p=3375","title":{"rendered":"Mira nuestra biblioteca virtual"},"content":{"rendered":"<h6 style=\"text-align: right;\">29 de setiembre de 2025<\/h6>\n<p class=\"ds-markdown-paragraph\">\ud83c\udf10\u00a0<strong>Descubre un Universo de Ideas en Nuestra Biblioteca Virtual<\/strong><\/p>\n<p class=\"ds-markdown-paragraph\">\u00bfTe apasiona explorar las profundidades de la mente, la sociedad y la condici\u00f3n humana? Te invitamos a sumergirte en los rincones m\u00e1s fascinantes de nuestro conocimiento.<\/p>\n<p class=\"ds-markdown-paragraph\">\ud83e\udded\u00a0<strong>\u00bfC\u00f3mo acceder? Es muy f\u00e1cil:<\/strong><br \/>\nSolo dir\u00edgete a nuestro\u00a0<strong>men\u00fa de navegaci\u00f3n<\/strong>, despliega la secci\u00f3n de\u00a0<strong>\u00abDifusi\u00f3n\u00bb<\/strong>\u00a0y selecciona el\u00a0<strong>sub men\u00fa \u00abLibros\u00bb<\/strong>. \u00a1Ah\u00ed te espera un mundo por descubrir!<\/p>\n<p class=\"ds-markdown-paragraph\">\ud83d\udcda\u00a0<strong>Encu\u00e9ntrate con Gigantes del Pensamiento<\/strong><br \/>\nPrep\u00e1rate para un viaje intelectual junto a autores revolucionarios que han cambiado la forma de entender la psiquiatr\u00eda, la psicolog\u00eda y la sociedad. En nuestros estantes virtuales podr\u00e1s conocer las obras de:<\/p>\n<ul>\n<li>\n<p class=\"ds-markdown-paragraph\"><strong>Franco Basaglia<\/strong>\u00a0\ud83c\udfe5, pionero de la reforma psiqui\u00e1trica.<\/p>\n<\/li>\n<li>\n<p class=\"ds-markdown-paragraph\"><strong>Michel Foucault<\/strong>\u00a0\ud83d\udd73\ufe0f, el brillante analista del poder y las instituciones.<\/p>\n<\/li>\n<li>\n<p class=\"ds-markdown-paragraph\"><strong>Alfredo Moffatt<\/strong>\u00a0\ud83c\udde6\ud83c\uddf7, referente de la psicolog\u00eda social y la terapia de crisis.<\/p>\n<\/li>\n<li>\n<p class=\"ds-markdown-paragraph\"><strong>Thomas Szasz<\/strong>\u00a0\u2696\ufe0f, c\u00e9lebre por su cr\u00edtica a la psiquiatr\u00eda convencional.<\/p>\n<\/li>\n<li>\n<p class=\"ds-markdown-paragraph\">\u00a1Y muchos otros pensadores indispensables!<\/p>\n<\/li>\n<\/ul>\n<p class=\"ds-markdown-paragraph\">\ud83d\udcb8\u00a0<strong>Totalmente Libre y Gratuito<\/strong><br \/>\nCreemos en el acceso libre al conocimiento. Por eso,\u00a0<strong>todos los libros est\u00e1n disponibles para que los leas en l\u00ednea o los descargues en tu dispositivo<\/strong>, sin ning\u00fan costo. El saber debe ser un bien compartido.<\/p>\n<p class=\"ds-markdown-paragraph\">\u2615\u00a0<strong>Tu Rinc\u00f3n de Lectura te Espera<\/strong><br \/>\nDedica un momento para ti, busca un lugar c\u00f3modo, prepara tu bebida favorita y\u00a0<strong>pasa un rato ameno y enriquecedor<\/strong>\u00a0con las lecturas que hemos seleccionado para ti.<\/p>\n<p class=\"ds-markdown-paragraph\">\u00a1Te damos la bienvenida a esta aventura literaria!<\/p>\n<p class=\"ds-markdown-paragraph\">[<strong>\ud83d\udc49 Ingresa a la Biblioteca Virtual Ahora<\/strong>]<\/p>\n<div class=\"pvc_clear\"><\/div>\n<p id=\"pvc_stats_3375\" class=\"pvc_stats all  \" data-element-id=\"3375\" style=\"\"><i class=\"pvc-stats-icon large\" aria-hidden=\"true\"><svg aria-hidden=\"true\" focusable=\"false\" data-prefix=\"far\" data-icon=\"chart-bar\" role=\"img\" xmlns=\"http:\/\/www.w3.org\/2000\/svg\" viewBox=\"0 0 512 512\" class=\"svg-inline--fa fa-chart-bar fa-w-16 fa-2x\"><path fill=\"currentColor\" d=\"M396.8 352h22.4c6.4 0 12.8-6.4 12.8-12.8V108.8c0-6.4-6.4-12.8-12.8-12.8h-22.4c-6.4 0-12.8 6.4-12.8 12.8v230.4c0 6.4 6.4 12.8 12.8 12.8zm-192 0h22.4c6.4 0 12.8-6.4 12.8-12.8V140.8c0-6.4-6.4-12.8-12.8-12.8h-22.4c-6.4 0-12.8 6.4-12.8 12.8v198.4c0 6.4 6.4 12.8 12.8 12.8zm96 0h22.4c6.4 0 12.8-6.4 12.8-12.8V204.8c0-6.4-6.4-12.8-12.8-12.8h-22.4c-6.4 0-12.8 6.4-12.8 12.8v134.4c0 6.4 6.4 12.8 12.8 12.8zM496 400H48V80c0-8.84-7.16-16-16-16H16C7.16 64 0 71.16 0 80v336c0 17.67 14.33 32 32 32h464c8.84 0 16-7.16 16-16v-16c0-8.84-7.16-16-16-16zm-387.2-48h22.4c6.4 0 12.8-6.4 12.8-12.8v-70.4c0-6.4-6.4-12.8-12.8-12.8h-22.4c-6.4 0-12.8 6.4-12.8 12.8v70.4c0 6.4 6.4 12.8 12.8 12.8z\" class=\"\"><\/path><\/svg><\/i> <img decoding=\"async\" width=\"16\" height=\"16\" alt=\"Loading\" src=\"https:\/\/radiovilardevoz.org\/wp-content\/plugins\/page-views-count\/ajax-loader-2x.gif\" border=0 \/><\/p>\n<div class=\"pvc_clear\"><\/div>\n","protected":false},"excerpt":{"rendered":"<p>29 de setiembre de 2025 \ud83c\udf10\u00a0Descubre un Universo de Ideas en Nuestra Biblioteca Virtual \u00bfTe apasiona explorar las profundidades de la mente, la sociedad y la condici\u00f3n humana? Te invitamos&hellip; <\/p>\n<div class=\"pvc_clear\"><\/div>\n<p id=\"pvc_stats_3375\" class=\"pvc_stats all  \" data-element-id=\"3375\" style=\"\"><i class=\"pvc-stats-icon large\" aria-hidden=\"true\"><svg aria-hidden=\"true\" focusable=\"false\" data-prefix=\"far\" data-icon=\"chart-bar\" role=\"img\" xmlns=\"http:\/\/www.w3.org\/2000\/svg\" viewBox=\"0 0 512 512\" class=\"svg-inline--fa fa-chart-bar fa-w-16 fa-2x\"><path fill=\"currentColor\" d=\"M396.8 352h22.4c6.4 0 12.8-6.4 12.8-12.8V108.8c0-6.4-6.4-12.8-12.8-12.8h-22.4c-6.4 0-12.8 6.4-12.8 12.8v230.4c0 6.4 6.4 12.8 12.8 12.8zm-192 0h22.4c6.4 0 12.8-6.4 12.8-12.8V140.8c0-6.4-6.4-12.8-12.8-12.8h-22.4c-6.4 0-12.8 6.4-12.8 12.8v198.4c0 6.4 6.4 12.8 12.8 12.8zm96 0h22.4c6.4 0 12.8-6.4 12.8-12.8V204.8c0-6.4-6.4-12.8-12.8-12.8h-22.4c-6.4 0-12.8 6.4-12.8 12.8v134.4c0 6.4 6.4 12.8 12.8 12.8zM496 400H48V80c0-8.84-7.16-16-16-16H16C7.16 64 0 71.16 0 80v336c0 17.67 14.33 32 32 32h464c8.84 0 16-7.16 16-16v-16c0-8.84-7.16-16-16-16zm-387.2-48h22.4c6.4 0 12.8-6.4 12.8-12.8v-70.4c0-6.4-6.4-12.8-12.8-12.8h-22.4c-6.4 0-12.8 6.4-12.8 12.8v70.4c0 6.4 6.4 12.8 12.8 12.8z\" class=\"\"><\/path><\/svg><\/i> <img decoding=\"async\" width=\"16\" height=\"16\" alt=\"Loading\" src=\"https:\/\/radiovilardevoz.org\/wp-content\/plugins\/page-views-count\/ajax-loader-2x.gif\" border=0 \/><\/p>\n<div class=\"pvc_clear\"><\/div>\n","protected":false},"author":7,"featured_media":3383,"comment_status":"open","ping_status":"open","sticky":false,"template":"","format":"standard","meta":{"footnotes":""},"categories":[7],"tags":[],"class_list":["post-3375","post","type-post","status-publish","format-standard","has-post-thumbnail","hentry","category-noticias-destacadas"],"_links":{"self":[{"href":"https:\/\/radiovilardevoz.org\/index.php?rest_route=\/wp\/v2\/posts\/3375","targetHints":{"allow":["GET"]}}],"collection":[{"href":"https:\/\/radiovilardevoz.org\/index.php?rest_route=\/wp\/v2\/posts"}],"about":[{"href":"https:\/\/radiovilardevoz.org\/index.php?rest_route=\/wp\/v2\/types\/post"}],"author":[{"embeddable":true,"href":"https:\/\/radiovilardevoz.org\/index.php?rest_route=\/wp\/v2\/users\/7"}],"replies":[{"embeddable":true,"href":"https:\/\/radiovilardevoz.org\/index.php?rest_route=%2Fwp%2Fv2%2Fcomments&post=3375"}],"version-history":[{"count":5,"href":"https:\/\/radiovilardevoz.org\/index.php?rest_route=\/wp\/v2\/posts\/3375\/revisions"}],"predecessor-version":[{"id":3382,"href":"https:\/\/radiovilardevoz.org\/index.php?rest_route=\/wp\/v2\/posts\/3375\/revisions\/3382"}],"wp:featuredmedia":[{"embeddable":true,"href":"https:\/\/radiovilardevoz.org\/index.php?rest_route=\/wp\/v2\/media\/3383"}],"wp:attachment":[{"href":"https:\/\/radiovilardevoz.org\/index.php?rest_route=%2Fwp%2Fv2%2Fmedia&parent=3375"}],"wp:term":[{"taxonomy":"category","embeddable":true,"href":"https:\/\/radiovilardevoz.org\/index.php?rest_route=%2Fwp%2Fv2%2Fcategories&post=3375"},{"taxonomy":"post_tag","embeddable":true,"href":"https:\/\/radiovilardevoz.org\/index.php?rest_route=%2Fwp%2Fv2%2Ftags&post=3375"}],"curies":[{"name":"wp","href":"https:\/\/api.w.org\/{rel}","templated":true}]}}