{"id":3390,"date":"2025-10-02T23:26:30","date_gmt":"2025-10-03T02:26:30","guid":{"rendered":"https:\/\/radiovilardevoz.org\/?p=3390"},"modified":"2025-10-02T23:30:58","modified_gmt":"2025-10-03T02:30:58","slug":"salud-mental-y-buen-vivir","status":"publish","type":"post","link":"https:\/\/radiovilardevoz.org\/?p=3390","title":{"rendered":"Salud Mental y Buen Vivir"},"content":{"rendered":"<h6 style=\"text-align: right;\">27 de setiembre de 2025<\/h6>\n<p><img fetchpriority=\"high\" decoding=\"async\" class=\"alignnone size-medium wp-image-3387 foto\" src=\"https:\/\/radiovilardevoz.org\/wp-content\/uploads\/2025\/10\/557631572_1255355669953085_4384181565454460911_n-min-300x169.jpg\" alt=\"\" width=\"300\" height=\"169\" srcset=\"https:\/\/radiovilardevoz.org\/wp-content\/uploads\/2025\/10\/557631572_1255355669953085_4384181565454460911_n-min-300x169.jpg 300w, https:\/\/radiovilardevoz.org\/wp-content\/uploads\/2025\/10\/557631572_1255355669953085_4384181565454460911_n-min-1024x576.jpg 1024w, https:\/\/radiovilardevoz.org\/wp-content\/uploads\/2025\/10\/557631572_1255355669953085_4384181565454460911_n-min-768x432.jpg 768w, https:\/\/radiovilardevoz.org\/wp-content\/uploads\/2025\/10\/557631572_1255355669953085_4384181565454460911_n-min-1536x864.jpg 1536w, https:\/\/radiovilardevoz.org\/wp-content\/uploads\/2025\/10\/557631572_1255355669953085_4384181565454460911_n-min-600x338.jpg 600w, https:\/\/radiovilardevoz.org\/wp-content\/uploads\/2025\/10\/557631572_1255355669953085_4384181565454460911_n-min.jpg 2016w\" sizes=\"(max-width: 300px) 100vw, 300px\" \/><\/p>\n<div class=\"mb-05 lh-sm description-wrapper\" data-v-63aff51b=\"\">\n<div class=\"description-container font-size-12\" data-v-63aff51b=\"\">\n<div class=\"description mb-05\" data-v-63aff51b=\"\">Otro S\u00e1bado de visitas ahora recibimos al amigo Psic\u00f3logo Fabian Cabrera con integrantes del Grupo Hagamos que suceda que son parte de los organizadores de las actividades. Los acompa\u00f1a el Psiquiatra de Brasil Paulo Amarante que esta de visita en Uruguay para un ciclo de charlas en el marco del Mes de la Salud Mental 2025. Aqu\u00ed le compartimos la informaci\u00f3n con los d\u00edas y horarios de las charlas&#8230;.. \ud835\udc02\ud835\udc28\ud835\udc27\ud835\udc1f\ud835\udc1e\ud835\udc2b\ud835\udc1e\ud835\udc27\ud835\udc1c\ud835\udc22\ud835\udc1a \ud835\udc32 \ud835\udc1c\ud835\udc21\ud835\udc1a\ud835\udc2b\ud835\udc25\ud835\udc1a\ud835\udc2c | \ud835\udc12\ud835\udc1a\ud835\udc25\ud835\udc2e\ud835\udc1d \ud835\udc26\ud835\udc1e\ud835\udc27\ud835\udc2d\ud835\udc1a\ud835\udc25 \ud835\udc32 \ud835\udc1b\ud835\udc2e\ud835\udc1e\ud835\udc27 \ud835\udc2f\ud835\udc22\ud835\udc2f\ud835\udc22\ud835\udc2b: \ud835\udc04\ud835\udc27\ud835\udc1c\ud835\udc2e\ud835\udc1e\ud835\udc27\ud835\udc2d\ud835\udc2b\ud835\udc28\ud835\udc2c \ud835\udc29\ud835\udc28\ud835\udc2c\ud835\udc22\ud835\udc1b\ud835\udc25\ud835\udc1e\ud835\udc2c En el marco del Mes de la Salud Mental, se desarrollar\u00e1 en Montevideo y Canelones la conferencia y charlas \u00abSalud mental y buen vivir: Encuentros posibles\u00bb, con la participaci\u00f3n de- \ud83c\udde7\ud83c\uddf7 Paulo Amarante \u2014 Psiquiatra, profesor e investigador de Fiocruz (Brasil) \ud83c\udde7\ud83c\uddf4 Rafael Bautista \u2014 Epistem\u00f3logo, fil\u00f3sofo y escritor (Bolivia) Fechas y lugares: \ud83d\udd39 Martes 30\/9 \u2013 18:00 hs | Paraninfo de la Udelar (Av. 18 de Julio 1824, Montevideo) \ud83d\udd39 Mi\u00e9rcoles 1\/10 \u2013 10:00 a 12:00 hs | Programa Apex Udelar (Hait\u00ed 1606, Montevideo) \ud83d\udd39 Jueves 2\/10 \u2013 9:30 a 12:00 hs | UDA Primer Nivel de Atenci\u00f3n Canelones al Este (Ruta 8, Km 23.800, Barros Blancos, Canelones)<\/div>\n<\/div>\n<\/div>\n<p><strong>Audio de la entrevista:<\/strong><br \/>\n<iframe src=\"https:\/\/www.ivoox.com\/player_ej_160005886_6_1.html\" width=\"100%\" height=\"200\" frameborder=\"0\" scrolling=\"no\" allowfullscreen=\"allowfullscreen\"><\/iframe><\/p>\n<div class=\"pvc_clear\"><\/div>\n<p id=\"pvc_stats_3390\" class=\"pvc_stats all  \" data-element-id=\"3390\" style=\"\"><i class=\"pvc-stats-icon large\" aria-hidden=\"true\"><svg aria-hidden=\"true\" focusable=\"false\" data-prefix=\"far\" data-icon=\"chart-bar\" role=\"img\" xmlns=\"http:\/\/www.w3.org\/2000\/svg\" viewBox=\"0 0 512 512\" class=\"svg-inline--fa fa-chart-bar fa-w-16 fa-2x\"><path fill=\"currentColor\" d=\"M396.8 352h22.4c6.4 0 12.8-6.4 12.8-12.8V108.8c0-6.4-6.4-12.8-12.8-12.8h-22.4c-6.4 0-12.8 6.4-12.8 12.8v230.4c0 6.4 6.4 12.8 12.8 12.8zm-192 0h22.4c6.4 0 12.8-6.4 12.8-12.8V140.8c0-6.4-6.4-12.8-12.8-12.8h-22.4c-6.4 0-12.8 6.4-12.8 12.8v198.4c0 6.4 6.4 12.8 12.8 12.8zm96 0h22.4c6.4 0 12.8-6.4 12.8-12.8V204.8c0-6.4-6.4-12.8-12.8-12.8h-22.4c-6.4 0-12.8 6.4-12.8 12.8v134.4c0 6.4 6.4 12.8 12.8 12.8zM496 400H48V80c0-8.84-7.16-16-16-16H16C7.16 64 0 71.16 0 80v336c0 17.67 14.33 32 32 32h464c8.84 0 16-7.16 16-16v-16c0-8.84-7.16-16-16-16zm-387.2-48h22.4c6.4 0 12.8-6.4 12.8-12.8v-70.4c0-6.4-6.4-12.8-12.8-12.8h-22.4c-6.4 0-12.8 6.4-12.8 12.8v70.4c0 6.4 6.4 12.8 12.8 12.8z\" class=\"\"><\/path><\/svg><\/i> <img decoding=\"async\" width=\"16\" height=\"16\" alt=\"Loading\" src=\"https:\/\/radiovilardevoz.org\/wp-content\/plugins\/page-views-count\/ajax-loader-2x.gif\" border=0 \/><\/p>\n<div class=\"pvc_clear\"><\/div>\n","protected":false},"excerpt":{"rendered":"<p>27 de setiembre de 2025 Otro S\u00e1bado de visitas ahora recibimos al amigo Psic\u00f3logo Fabian Cabrera con integrantes del Grupo Hagamos que suceda que son parte de los organizadores de&hellip; <\/p>\n<div class=\"pvc_clear\"><\/div>\n<p id=\"pvc_stats_3390\" class=\"pvc_stats all  \" data-element-id=\"3390\" style=\"\"><i class=\"pvc-stats-icon large\" aria-hidden=\"true\"><svg aria-hidden=\"true\" focusable=\"false\" data-prefix=\"far\" data-icon=\"chart-bar\" role=\"img\" xmlns=\"http:\/\/www.w3.org\/2000\/svg\" viewBox=\"0 0 512 512\" class=\"svg-inline--fa fa-chart-bar fa-w-16 fa-2x\"><path fill=\"currentColor\" d=\"M396.8 352h22.4c6.4 0 12.8-6.4 12.8-12.8V108.8c0-6.4-6.4-12.8-12.8-12.8h-22.4c-6.4 0-12.8 6.4-12.8 12.8v230.4c0 6.4 6.4 12.8 12.8 12.8zm-192 0h22.4c6.4 0 12.8-6.4 12.8-12.8V140.8c0-6.4-6.4-12.8-12.8-12.8h-22.4c-6.4 0-12.8 6.4-12.8 12.8v198.4c0 6.4 6.4 12.8 12.8 12.8zm96 0h22.4c6.4 0 12.8-6.4 12.8-12.8V204.8c0-6.4-6.4-12.8-12.8-12.8h-22.4c-6.4 0-12.8 6.4-12.8 12.8v134.4c0 6.4 6.4 12.8 12.8 12.8zM496 400H48V80c0-8.84-7.16-16-16-16H16C7.16 64 0 71.16 0 80v336c0 17.67 14.33 32 32 32h464c8.84 0 16-7.16 16-16v-16c0-8.84-7.16-16-16-16zm-387.2-48h22.4c6.4 0 12.8-6.4 12.8-12.8v-70.4c0-6.4-6.4-12.8-12.8-12.8h-22.4c-6.4 0-12.8 6.4-12.8 12.8v70.4c0 6.4 6.4 12.8 12.8 12.8z\" class=\"\"><\/path><\/svg><\/i> <img decoding=\"async\" width=\"16\" height=\"16\" alt=\"Loading\" src=\"https:\/\/radiovilardevoz.org\/wp-content\/plugins\/page-views-count\/ajax-loader-2x.gif\" border=0 \/><\/p>\n<div class=\"pvc_clear\"><\/div>\n","protected":false},"author":7,"featured_media":3385,"comment_status":"open","ping_status":"open","sticky":false,"template":"","format":"standard","meta":{"footnotes":""},"categories":[7],"tags":[],"class_list":["post-3390","post","type-post","status-publish","format-standard","has-post-thumbnail","hentry","category-noticias-destacadas"],"_links":{"self":[{"href":"https:\/\/radiovilardevoz.org\/index.php?rest_route=\/wp\/v2\/posts\/3390","targetHints":{"allow":["GET"]}}],"collection":[{"href":"https:\/\/radiovilardevoz.org\/index.php?rest_route=\/wp\/v2\/posts"}],"about":[{"href":"https:\/\/radiovilardevoz.org\/index.php?rest_route=\/wp\/v2\/types\/post"}],"author":[{"embeddable":true,"href":"https:\/\/radiovilardevoz.org\/index.php?rest_route=\/wp\/v2\/users\/7"}],"replies":[{"embeddable":true,"href":"https:\/\/radiovilardevoz.org\/index.php?rest_route=%2Fwp%2Fv2%2Fcomments&post=3390"}],"version-history":[{"count":6,"href":"https:\/\/radiovilardevoz.org\/index.php?rest_route=\/wp\/v2\/posts\/3390\/revisions"}],"predecessor-version":[{"id":3396,"href":"https:\/\/radiovilardevoz.org\/index.php?rest_route=\/wp\/v2\/posts\/3390\/revisions\/3396"}],"wp:featuredmedia":[{"embeddable":true,"href":"https:\/\/radiovilardevoz.org\/index.php?rest_route=\/wp\/v2\/media\/3385"}],"wp:attachment":[{"href":"https:\/\/radiovilardevoz.org\/index.php?rest_route=%2Fwp%2Fv2%2Fmedia&parent=3390"}],"wp:term":[{"taxonomy":"category","embeddable":true,"href":"https:\/\/radiovilardevoz.org\/index.php?rest_route=%2Fwp%2Fv2%2Fcategories&post=3390"},{"taxonomy":"post_tag","embeddable":true,"href":"https:\/\/radiovilardevoz.org\/index.php?rest_route=%2Fwp%2Fv2%2Ftags&post=3390"}],"curies":[{"name":"wp","href":"https:\/\/api.w.org\/{rel}","templated":true}]}}