{"id":3405,"date":"2025-10-08T19:54:20","date_gmt":"2025-10-08T22:54:20","guid":{"rendered":"https:\/\/radiovilardevoz.org\/?p=3405"},"modified":"2025-10-08T19:57:21","modified_gmt":"2025-10-08T22:57:21","slug":"martin-duarte-musico-y-comunicador","status":"publish","type":"post","link":"https:\/\/radiovilardevoz.org\/?p=3405","title":{"rendered":"Martin Duarte Musico y Comunicador"},"content":{"rendered":"<h6 style=\"text-align: right;\">04 de octubre de 2025<\/h6>\n<p><img fetchpriority=\"high\" decoding=\"async\" class=\"alignnone size-medium wp-image-3408 foto\" src=\"https:\/\/radiovilardevoz.org\/wp-content\/uploads\/2025\/10\/558145326_1258595526295766_6578361463161256499_n-226x300.jpg\" alt=\"\" width=\"226\" height=\"300\" srcset=\"https:\/\/radiovilardevoz.org\/wp-content\/uploads\/2025\/10\/558145326_1258595526295766_6578361463161256499_n-226x300.jpg 226w, https:\/\/radiovilardevoz.org\/wp-content\/uploads\/2025\/10\/558145326_1258595526295766_6578361463161256499_n-771x1024.jpg 771w, https:\/\/radiovilardevoz.org\/wp-content\/uploads\/2025\/10\/558145326_1258595526295766_6578361463161256499_n-768x1021.jpg 768w, https:\/\/radiovilardevoz.org\/wp-content\/uploads\/2025\/10\/558145326_1258595526295766_6578361463161256499_n-1156x1536.jpg 1156w, https:\/\/radiovilardevoz.org\/wp-content\/uploads\/2025\/10\/558145326_1258595526295766_6578361463161256499_n-600x797.jpg 600w, https:\/\/radiovilardevoz.org\/wp-content\/uploads\/2025\/10\/558145326_1258595526295766_6578361463161256499_n.jpg 1204w\" sizes=\"(max-width: 226px) 100vw, 226px\" \/><\/p>\n<div class=\"font-size-12 text-light text-truncate-1 font-weight-light mb-05\" data-v-63aff51b=\"\"><span style=\"color: #000000;\">En este Hermoso Desembarco recibimos al Musico y Comunicador Martin Duarte, sobre todo Murguista entre otros en Agarrate Catalina. Naci\u00f3 en Montevideo en 1978. Es periodista, comunicador y m\u00fasico; licenciado en Ciencias de la Comunicaci\u00f3n por la Universidad de la Rep\u00fablica. Ha trabajado en medios radiales y televisivos uruguayos. Trabaj\u00f3 como conductor y productor en las emisoras Radio Centenario, M24, Radio Montecarlo y Radiocero y en televisi\u00f3n realiz\u00f3 la producci\u00f3n period\u00edstica en diversos programas en los canales 4, 10 y 5. Desde 2011 participa como conductor en el ciclo Todo carnaval, emitido por TV Ciudad. Actualmente all\u00ed integra el equipo de productores y periodistas del informativo MVD Noticias. Como m\u00fasico fue fundador de la murga Agarrate Catalina y su director esc\u00e9nico hasta 2007, integr\u00f3 el colectivo art\u00edstico de la murga A Contramano y desde el 2017 est\u00e1 al frente del proyecto de m\u00fasica infantil Gato Renato.<\/span><\/div>\n<p><strong>Audio de la entrevista:<\/strong><\/p>\n<p><iframe src=\"https:\/\/www.ivoox.com\/player_ej_160214019_6_1.html\" width=\"100%\" height=\"200\" frameborder=\"0\" scrolling=\"no\" allowfullscreen=\"allowfullscreen\"><\/iframe><\/p>\n<div class=\"pvc_clear\"><\/div>\n<p id=\"pvc_stats_3405\" class=\"pvc_stats all  \" data-element-id=\"3405\" style=\"\"><i class=\"pvc-stats-icon large\" aria-hidden=\"true\"><svg aria-hidden=\"true\" focusable=\"false\" data-prefix=\"far\" data-icon=\"chart-bar\" role=\"img\" xmlns=\"http:\/\/www.w3.org\/2000\/svg\" viewBox=\"0 0 512 512\" class=\"svg-inline--fa fa-chart-bar fa-w-16 fa-2x\"><path fill=\"currentColor\" d=\"M396.8 352h22.4c6.4 0 12.8-6.4 12.8-12.8V108.8c0-6.4-6.4-12.8-12.8-12.8h-22.4c-6.4 0-12.8 6.4-12.8 12.8v230.4c0 6.4 6.4 12.8 12.8 12.8zm-192 0h22.4c6.4 0 12.8-6.4 12.8-12.8V140.8c0-6.4-6.4-12.8-12.8-12.8h-22.4c-6.4 0-12.8 6.4-12.8 12.8v198.4c0 6.4 6.4 12.8 12.8 12.8zm96 0h22.4c6.4 0 12.8-6.4 12.8-12.8V204.8c0-6.4-6.4-12.8-12.8-12.8h-22.4c-6.4 0-12.8 6.4-12.8 12.8v134.4c0 6.4 6.4 12.8 12.8 12.8zM496 400H48V80c0-8.84-7.16-16-16-16H16C7.16 64 0 71.16 0 80v336c0 17.67 14.33 32 32 32h464c8.84 0 16-7.16 16-16v-16c0-8.84-7.16-16-16-16zm-387.2-48h22.4c6.4 0 12.8-6.4 12.8-12.8v-70.4c0-6.4-6.4-12.8-12.8-12.8h-22.4c-6.4 0-12.8 6.4-12.8 12.8v70.4c0 6.4 6.4 12.8 12.8 12.8z\" class=\"\"><\/path><\/svg><\/i> <img decoding=\"async\" width=\"16\" height=\"16\" alt=\"Loading\" src=\"https:\/\/radiovilardevoz.org\/wp-content\/plugins\/page-views-count\/ajax-loader-2x.gif\" border=0 \/><\/p>\n<div class=\"pvc_clear\"><\/div>\n","protected":false},"excerpt":{"rendered":"<p>04 de octubre de 2025 En este Hermoso Desembarco recibimos al Musico y Comunicador Martin Duarte, sobre todo Murguista entre otros en Agarrate Catalina. Naci\u00f3 en Montevideo en 1978. Es&hellip; <\/p>\n<div class=\"pvc_clear\"><\/div>\n<p id=\"pvc_stats_3405\" class=\"pvc_stats all  \" data-element-id=\"3405\" style=\"\"><i class=\"pvc-stats-icon large\" aria-hidden=\"true\"><svg aria-hidden=\"true\" focusable=\"false\" data-prefix=\"far\" data-icon=\"chart-bar\" role=\"img\" xmlns=\"http:\/\/www.w3.org\/2000\/svg\" viewBox=\"0 0 512 512\" class=\"svg-inline--fa fa-chart-bar fa-w-16 fa-2x\"><path fill=\"currentColor\" d=\"M396.8 352h22.4c6.4 0 12.8-6.4 12.8-12.8V108.8c0-6.4-6.4-12.8-12.8-12.8h-22.4c-6.4 0-12.8 6.4-12.8 12.8v230.4c0 6.4 6.4 12.8 12.8 12.8zm-192 0h22.4c6.4 0 12.8-6.4 12.8-12.8V140.8c0-6.4-6.4-12.8-12.8-12.8h-22.4c-6.4 0-12.8 6.4-12.8 12.8v198.4c0 6.4 6.4 12.8 12.8 12.8zm96 0h22.4c6.4 0 12.8-6.4 12.8-12.8V204.8c0-6.4-6.4-12.8-12.8-12.8h-22.4c-6.4 0-12.8 6.4-12.8 12.8v134.4c0 6.4 6.4 12.8 12.8 12.8zM496 400H48V80c0-8.84-7.16-16-16-16H16C7.16 64 0 71.16 0 80v336c0 17.67 14.33 32 32 32h464c8.84 0 16-7.16 16-16v-16c0-8.84-7.16-16-16-16zm-387.2-48h22.4c6.4 0 12.8-6.4 12.8-12.8v-70.4c0-6.4-6.4-12.8-12.8-12.8h-22.4c-6.4 0-12.8 6.4-12.8 12.8v70.4c0 6.4 6.4 12.8 12.8 12.8z\" class=\"\"><\/path><\/svg><\/i> <img decoding=\"async\" width=\"16\" height=\"16\" alt=\"Loading\" src=\"https:\/\/radiovilardevoz.org\/wp-content\/plugins\/page-views-count\/ajax-loader-2x.gif\" border=0 \/><\/p>\n<div class=\"pvc_clear\"><\/div>\n","protected":false},"author":7,"featured_media":3404,"comment_status":"open","ping_status":"open","sticky":false,"template":"","format":"standard","meta":{"footnotes":""},"categories":[7],"tags":[],"class_list":["post-3405","post","type-post","status-publish","format-standard","has-post-thumbnail","hentry","category-noticias-destacadas"],"_links":{"self":[{"href":"https:\/\/radiovilardevoz.org\/index.php?rest_route=\/wp\/v2\/posts\/3405","targetHints":{"allow":["GET"]}}],"collection":[{"href":"https:\/\/radiovilardevoz.org\/index.php?rest_route=\/wp\/v2\/posts"}],"about":[{"href":"https:\/\/radiovilardevoz.org\/index.php?rest_route=\/wp\/v2\/types\/post"}],"author":[{"embeddable":true,"href":"https:\/\/radiovilardevoz.org\/index.php?rest_route=\/wp\/v2\/users\/7"}],"replies":[{"embeddable":true,"href":"https:\/\/radiovilardevoz.org\/index.php?rest_route=%2Fwp%2Fv2%2Fcomments&post=3405"}],"version-history":[{"count":4,"href":"https:\/\/radiovilardevoz.org\/index.php?rest_route=\/wp\/v2\/posts\/3405\/revisions"}],"predecessor-version":[{"id":3411,"href":"https:\/\/radiovilardevoz.org\/index.php?rest_route=\/wp\/v2\/posts\/3405\/revisions\/3411"}],"wp:featuredmedia":[{"embeddable":true,"href":"https:\/\/radiovilardevoz.org\/index.php?rest_route=\/wp\/v2\/media\/3404"}],"wp:attachment":[{"href":"https:\/\/radiovilardevoz.org\/index.php?rest_route=%2Fwp%2Fv2%2Fmedia&parent=3405"}],"wp:term":[{"taxonomy":"category","embeddable":true,"href":"https:\/\/radiovilardevoz.org\/index.php?rest_route=%2Fwp%2Fv2%2Fcategories&post=3405"},{"taxonomy":"post_tag","embeddable":true,"href":"https:\/\/radiovilardevoz.org\/index.php?rest_route=%2Fwp%2Fv2%2Ftags&post=3405"}],"curies":[{"name":"wp","href":"https:\/\/api.w.org\/{rel}","templated":true}]}}