{"id":3430,"date":"2025-10-12T20:17:13","date_gmt":"2025-10-12T23:17:13","guid":{"rendered":"https:\/\/radiovilardevoz.org\/?p=3430"},"modified":"2025-10-13T08:51:52","modified_gmt":"2025-10-13T11:51:52","slug":"14-marcha-de-salud-mental-nota-de-la-diaria","status":"publish","type":"post","link":"https:\/\/radiovilardevoz.org\/?p=3430","title":{"rendered":"14\u00b0 Marcha de Salud Mental nota de La Diaria"},"content":{"rendered":"<h6 style=\"text-align: right;\">12 de octubre de 2025<\/h6>\n<h4 class=\"style-scope ytd-watch-metadata\" style=\"text-align: center;\"><span dir=\"auto\">14\u00b0 Marcha de Salud Mental 10-10-25 nota de La Diaria<\/span><\/h4>\n<p>Marcha por la salud mental: colectivos exigieron \u201cun claro cronograma de cierre\u201d de centros auxiliares y presupuesto. A ocho a\u00f1os de aprobada la ley, las organizaciones denunciaron el incumplimiento de los plazos legales, cuestionaron la postergaci\u00f3n del cierre de manicomios y reclamaron la transformaci\u00f3n del modelo de atenci\u00f3n.<\/p>\n<p><iframe class=\"video\" title=\"YouTube video player\" src=\"https:\/\/www.youtube.com\/embed\/zOnmmZKNkzQ?si=GxZd2ucfWT-l02G8\" width=\"560\" height=\"315\" frameborder=\"0\" allowfullscreen=\"allowfullscreen\"><span data-mce-type=\"bookmark\" style=\"display: inline-block; width: 0px; overflow: hidden; line-height: 0;\" class=\"mce_SELRES_start\">\ufeff<\/span><\/iframe><\/p>\n<p><img fetchpriority=\"high\" decoding=\"async\" class=\"alignnone size-medium wp-image-3434 foto\" src=\"https:\/\/radiovilardevoz.org\/wp-content\/uploads\/2025\/10\/RS311049_20251010-RVA_6179-lpr_1192w-300x169.jpg\" alt=\"\" width=\"300\" height=\"169\" srcset=\"https:\/\/radiovilardevoz.org\/wp-content\/uploads\/2025\/10\/RS311049_20251010-RVA_6179-lpr_1192w-300x169.jpg 300w, https:\/\/radiovilardevoz.org\/wp-content\/uploads\/2025\/10\/RS311049_20251010-RVA_6179-lpr_1192w-1024x576.jpg 1024w, https:\/\/radiovilardevoz.org\/wp-content\/uploads\/2025\/10\/RS311049_20251010-RVA_6179-lpr_1192w-768x432.jpg 768w, https:\/\/radiovilardevoz.org\/wp-content\/uploads\/2025\/10\/RS311049_20251010-RVA_6179-lpr_1192w-600x338.jpg 600w, https:\/\/radiovilardevoz.org\/wp-content\/uploads\/2025\/10\/RS311049_20251010-RVA_6179-lpr_1192w.jpg 1192w\" sizes=\"(max-width: 300px) 100vw, 300px\" \/> <img decoding=\"async\" class=\"alignnone size-medium wp-image-3433 foto\" src=\"https:\/\/radiovilardevoz.org\/wp-content\/uploads\/2025\/10\/RS311026_20251010-RVA_5917-lpr_1192w-300x169.jpg\" alt=\"\" width=\"300\" height=\"169\" srcset=\"https:\/\/radiovilardevoz.org\/wp-content\/uploads\/2025\/10\/RS311026_20251010-RVA_5917-lpr_1192w-300x169.jpg 300w, https:\/\/radiovilardevoz.org\/wp-content\/uploads\/2025\/10\/RS311026_20251010-RVA_5917-lpr_1192w-1024x576.jpg 1024w, https:\/\/radiovilardevoz.org\/wp-content\/uploads\/2025\/10\/RS311026_20251010-RVA_5917-lpr_1192w-768x432.jpg 768w, https:\/\/radiovilardevoz.org\/wp-content\/uploads\/2025\/10\/RS311026_20251010-RVA_5917-lpr_1192w-600x338.jpg 600w, https:\/\/radiovilardevoz.org\/wp-content\/uploads\/2025\/10\/RS311026_20251010-RVA_5917-lpr_1192w.jpg 1192w\" sizes=\"(max-width: 300px) 100vw, 300px\" \/> <img decoding=\"async\" class=\"alignnone size-medium wp-image-3432 foto\" src=\"https:\/\/radiovilardevoz.org\/wp-content\/uploads\/2025\/10\/RS311036_20251010-RVA_6020-lpr_1192w-300x169.jpg\" alt=\"\" width=\"300\" height=\"169\" srcset=\"https:\/\/radiovilardevoz.org\/wp-content\/uploads\/2025\/10\/RS311036_20251010-RVA_6020-lpr_1192w-300x169.jpg 300w, https:\/\/radiovilardevoz.org\/wp-content\/uploads\/2025\/10\/RS311036_20251010-RVA_6020-lpr_1192w-1024x576.jpg 1024w, https:\/\/radiovilardevoz.org\/wp-content\/uploads\/2025\/10\/RS311036_20251010-RVA_6020-lpr_1192w-768x432.jpg 768w, https:\/\/radiovilardevoz.org\/wp-content\/uploads\/2025\/10\/RS311036_20251010-RVA_6020-lpr_1192w-600x338.jpg 600w, https:\/\/radiovilardevoz.org\/wp-content\/uploads\/2025\/10\/RS311036_20251010-RVA_6020-lpr_1192w.jpg 1192w\" sizes=\"(max-width: 300px) 100vw, 300px\" \/><br \/>\n<img loading=\"lazy\" decoding=\"async\" class=\"alignnone size-medium wp-image-3438 foto\" src=\"https:\/\/radiovilardevoz.org\/wp-content\/uploads\/2025\/10\/WhatsApp-Image-2025-10-12-at-20.21.23-1-226x300.jpeg\" alt=\"\" width=\"226\" height=\"300\" srcset=\"https:\/\/radiovilardevoz.org\/wp-content\/uploads\/2025\/10\/WhatsApp-Image-2025-10-12-at-20.21.23-1-226x300.jpeg 226w, https:\/\/radiovilardevoz.org\/wp-content\/uploads\/2025\/10\/WhatsApp-Image-2025-10-12-at-20.21.23-1-771x1024.jpeg 771w, https:\/\/radiovilardevoz.org\/wp-content\/uploads\/2025\/10\/WhatsApp-Image-2025-10-12-at-20.21.23-1-768x1021.jpeg 768w, https:\/\/radiovilardevoz.org\/wp-content\/uploads\/2025\/10\/WhatsApp-Image-2025-10-12-at-20.21.23-1-1156x1536.jpeg 1156w, https:\/\/radiovilardevoz.org\/wp-content\/uploads\/2025\/10\/WhatsApp-Image-2025-10-12-at-20.21.23-1-600x797.jpeg 600w, https:\/\/radiovilardevoz.org\/wp-content\/uploads\/2025\/10\/WhatsApp-Image-2025-10-12-at-20.21.23-1.jpeg 1204w\" sizes=\"(max-width: 226px) 100vw, 226px\" \/><\/p>\n<p><img loading=\"lazy\" decoding=\"async\" class=\"alignnone size-medium wp-image-3439 foto\" src=\"https:\/\/radiovilardevoz.org\/wp-content\/uploads\/2025\/10\/WhatsApp-Image-2025-10-12-at-20.21.23-300x225.jpeg\" alt=\"\" width=\"300\" height=\"225\" srcset=\"https:\/\/radiovilardevoz.org\/wp-content\/uploads\/2025\/10\/WhatsApp-Image-2025-10-12-at-20.21.23-300x225.jpeg 300w, https:\/\/radiovilardevoz.org\/wp-content\/uploads\/2025\/10\/WhatsApp-Image-2025-10-12-at-20.21.23-1024x768.jpeg 1024w, https:\/\/radiovilardevoz.org\/wp-content\/uploads\/2025\/10\/WhatsApp-Image-2025-10-12-at-20.21.23-768x576.jpeg 768w, https:\/\/radiovilardevoz.org\/wp-content\/uploads\/2025\/10\/WhatsApp-Image-2025-10-12-at-20.21.23-600x450.jpeg 600w, https:\/\/radiovilardevoz.org\/wp-content\/uploads\/2025\/10\/WhatsApp-Image-2025-10-12-at-20.21.23.jpeg 1280w\" sizes=\"(max-width: 300px) 100vw, 300px\" \/><\/p>\n<p><img loading=\"lazy\" decoding=\"async\" class=\"alignnone size-medium wp-image-3440 foto\" src=\"https:\/\/radiovilardevoz.org\/wp-content\/uploads\/2025\/10\/WhatsApp-Image-2025-10-12-at-20.21.19-225x300.jpeg\" alt=\"\" width=\"225\" height=\"300\" srcset=\"https:\/\/radiovilardevoz.org\/wp-content\/uploads\/2025\/10\/WhatsApp-Image-2025-10-12-at-20.21.19-225x300.jpeg 225w, https:\/\/radiovilardevoz.org\/wp-content\/uploads\/2025\/10\/WhatsApp-Image-2025-10-12-at-20.21.19-768x1024.jpeg 768w, https:\/\/radiovilardevoz.org\/wp-content\/uploads\/2025\/10\/WhatsApp-Image-2025-10-12-at-20.21.19-600x800.jpeg 600w, https:\/\/radiovilardevoz.org\/wp-content\/uploads\/2025\/10\/WhatsApp-Image-2025-10-12-at-20.21.19.jpeg 960w\" sizes=\"(max-width: 225px) 100vw, 225px\" \/><\/p>\n<p><img loading=\"lazy\" decoding=\"async\" class=\"alignnone size-medium wp-image-3441 foto\" src=\"https:\/\/radiovilardevoz.org\/wp-content\/uploads\/2025\/10\/WhatsApp-Image-2025-10-12-at-20.21.18-225x300.jpeg\" alt=\"\" width=\"225\" height=\"300\" srcset=\"https:\/\/radiovilardevoz.org\/wp-content\/uploads\/2025\/10\/WhatsApp-Image-2025-10-12-at-20.21.18-225x300.jpeg 225w, https:\/\/radiovilardevoz.org\/wp-content\/uploads\/2025\/10\/WhatsApp-Image-2025-10-12-at-20.21.18-768x1024.jpeg 768w, https:\/\/radiovilardevoz.org\/wp-content\/uploads\/2025\/10\/WhatsApp-Image-2025-10-12-at-20.21.18-600x800.jpeg 600w, https:\/\/radiovilardevoz.org\/wp-content\/uploads\/2025\/10\/WhatsApp-Image-2025-10-12-at-20.21.18.jpeg 960w\" sizes=\"(max-width: 225px) 100vw, 225px\" \/><\/p>\n<p><img loading=\"lazy\" decoding=\"async\" class=\"alignnone size-medium wp-image-3451 foto\" src=\"https:\/\/radiovilardevoz.org\/wp-content\/uploads\/2025\/10\/WhatsApp-Image-2025-10-12-at-20.21.24-225x300.jpeg\" alt=\"\" width=\"225\" height=\"300\" srcset=\"https:\/\/radiovilardevoz.org\/wp-content\/uploads\/2025\/10\/WhatsApp-Image-2025-10-12-at-20.21.24-225x300.jpeg 225w, https:\/\/radiovilardevoz.org\/wp-content\/uploads\/2025\/10\/WhatsApp-Image-2025-10-12-at-20.21.24-768x1024.jpeg 768w, https:\/\/radiovilardevoz.org\/wp-content\/uploads\/2025\/10\/WhatsApp-Image-2025-10-12-at-20.21.24-1152x1536.jpeg 1152w, https:\/\/radiovilardevoz.org\/wp-content\/uploads\/2025\/10\/WhatsApp-Image-2025-10-12-at-20.21.24-600x800.jpeg 600w, https:\/\/radiovilardevoz.org\/wp-content\/uploads\/2025\/10\/WhatsApp-Image-2025-10-12-at-20.21.24.jpeg 1200w\" sizes=\"(max-width: 225px) 100vw, 225px\" \/> <img loading=\"lazy\" decoding=\"async\" class=\"alignnone size-medium wp-image-3450 foto\" src=\"https:\/\/radiovilardevoz.org\/wp-content\/uploads\/2025\/10\/WhatsApp-Image-2025-10-12-at-20.21.24-1-300x225.jpeg\" alt=\"\" width=\"300\" height=\"225\" srcset=\"https:\/\/radiovilardevoz.org\/wp-content\/uploads\/2025\/10\/WhatsApp-Image-2025-10-12-at-20.21.24-1-300x225.jpeg 300w, https:\/\/radiovilardevoz.org\/wp-content\/uploads\/2025\/10\/WhatsApp-Image-2025-10-12-at-20.21.24-1-1024x768.jpeg 1024w, https:\/\/radiovilardevoz.org\/wp-content\/uploads\/2025\/10\/WhatsApp-Image-2025-10-12-at-20.21.24-1-768x576.jpeg 768w, https:\/\/radiovilardevoz.org\/wp-content\/uploads\/2025\/10\/WhatsApp-Image-2025-10-12-at-20.21.24-1-1536x1152.jpeg 1536w, https:\/\/radiovilardevoz.org\/wp-content\/uploads\/2025\/10\/WhatsApp-Image-2025-10-12-at-20.21.24-1-600x450.jpeg 600w, https:\/\/radiovilardevoz.org\/wp-content\/uploads\/2025\/10\/WhatsApp-Image-2025-10-12-at-20.21.24-1.jpeg 1600w\" sizes=\"(max-width: 300px) 100vw, 300px\" \/> <img loading=\"lazy\" decoding=\"async\" class=\"alignnone size-medium wp-image-3449 foto\" src=\"https:\/\/radiovilardevoz.org\/wp-content\/uploads\/2025\/10\/WhatsApp-Image-2025-10-12-at-20.21.24-2-300x225.jpeg\" alt=\"\" width=\"300\" height=\"225\" srcset=\"https:\/\/radiovilardevoz.org\/wp-content\/uploads\/2025\/10\/WhatsApp-Image-2025-10-12-at-20.21.24-2-300x225.jpeg 300w, https:\/\/radiovilardevoz.org\/wp-content\/uploads\/2025\/10\/WhatsApp-Image-2025-10-12-at-20.21.24-2-1024x768.jpeg 1024w, https:\/\/radiovilardevoz.org\/wp-content\/uploads\/2025\/10\/WhatsApp-Image-2025-10-12-at-20.21.24-2-768x576.jpeg 768w, https:\/\/radiovilardevoz.org\/wp-content\/uploads\/2025\/10\/WhatsApp-Image-2025-10-12-at-20.21.24-2-1536x1152.jpeg 1536w, https:\/\/radiovilardevoz.org\/wp-content\/uploads\/2025\/10\/WhatsApp-Image-2025-10-12-at-20.21.24-2-600x450.jpeg 600w, https:\/\/radiovilardevoz.org\/wp-content\/uploads\/2025\/10\/WhatsApp-Image-2025-10-12-at-20.21.24-2.jpeg 1600w\" sizes=\"(max-width: 300px) 100vw, 300px\" \/> <img loading=\"lazy\" decoding=\"async\" class=\"alignnone size-medium wp-image-3448 foto\" src=\"https:\/\/radiovilardevoz.org\/wp-content\/uploads\/2025\/10\/WhatsApp-Image-2025-10-12-at-20.21.24-3-225x300.jpeg\" alt=\"\" width=\"225\" height=\"300\" srcset=\"https:\/\/radiovilardevoz.org\/wp-content\/uploads\/2025\/10\/WhatsApp-Image-2025-10-12-at-20.21.24-3-225x300.jpeg 225w, https:\/\/radiovilardevoz.org\/wp-content\/uploads\/2025\/10\/WhatsApp-Image-2025-10-12-at-20.21.24-3-768x1024.jpeg 768w, https:\/\/radiovilardevoz.org\/wp-content\/uploads\/2025\/10\/WhatsApp-Image-2025-10-12-at-20.21.24-3-1152x1536.jpeg 1152w, https:\/\/radiovilardevoz.org\/wp-content\/uploads\/2025\/10\/WhatsApp-Image-2025-10-12-at-20.21.24-3-600x800.jpeg 600w, https:\/\/radiovilardevoz.org\/wp-content\/uploads\/2025\/10\/WhatsApp-Image-2025-10-12-at-20.21.24-3.jpeg 1200w\" sizes=\"(max-width: 225px) 100vw, 225px\" \/><\/p>\n<div class=\"pvc_clear\"><\/div>\n<p id=\"pvc_stats_3430\" class=\"pvc_stats all  \" data-element-id=\"3430\" style=\"\"><i class=\"pvc-stats-icon large\" aria-hidden=\"true\"><svg aria-hidden=\"true\" focusable=\"false\" data-prefix=\"far\" data-icon=\"chart-bar\" role=\"img\" xmlns=\"http:\/\/www.w3.org\/2000\/svg\" viewBox=\"0 0 512 512\" class=\"svg-inline--fa fa-chart-bar fa-w-16 fa-2x\"><path fill=\"currentColor\" d=\"M396.8 352h22.4c6.4 0 12.8-6.4 12.8-12.8V108.8c0-6.4-6.4-12.8-12.8-12.8h-22.4c-6.4 0-12.8 6.4-12.8 12.8v230.4c0 6.4 6.4 12.8 12.8 12.8zm-192 0h22.4c6.4 0 12.8-6.4 12.8-12.8V140.8c0-6.4-6.4-12.8-12.8-12.8h-22.4c-6.4 0-12.8 6.4-12.8 12.8v198.4c0 6.4 6.4 12.8 12.8 12.8zm96 0h22.4c6.4 0 12.8-6.4 12.8-12.8V204.8c0-6.4-6.4-12.8-12.8-12.8h-22.4c-6.4 0-12.8 6.4-12.8 12.8v134.4c0 6.4 6.4 12.8 12.8 12.8zM496 400H48V80c0-8.84-7.16-16-16-16H16C7.16 64 0 71.16 0 80v336c0 17.67 14.33 32 32 32h464c8.84 0 16-7.16 16-16v-16c0-8.84-7.16-16-16-16zm-387.2-48h22.4c6.4 0 12.8-6.4 12.8-12.8v-70.4c0-6.4-6.4-12.8-12.8-12.8h-22.4c-6.4 0-12.8 6.4-12.8 12.8v70.4c0 6.4 6.4 12.8 12.8 12.8z\" class=\"\"><\/path><\/svg><\/i> <img loading=\"lazy\" decoding=\"async\" width=\"16\" height=\"16\" alt=\"Loading\" src=\"https:\/\/radiovilardevoz.org\/wp-content\/plugins\/page-views-count\/ajax-loader-2x.gif\" border=0 \/><\/p>\n<div class=\"pvc_clear\"><\/div>\n","protected":false},"excerpt":{"rendered":"<p>12 de octubre de 2025 14\u00b0 Marcha de Salud Mental 10-10-25 nota de La Diaria Marcha por la salud mental: colectivos exigieron \u201cun claro cronograma de cierre\u201d de centros auxiliares&hellip; <\/p>\n<div class=\"pvc_clear\"><\/div>\n<p id=\"pvc_stats_3430\" class=\"pvc_stats all  \" data-element-id=\"3430\" style=\"\"><i class=\"pvc-stats-icon large\" aria-hidden=\"true\"><svg aria-hidden=\"true\" focusable=\"false\" data-prefix=\"far\" data-icon=\"chart-bar\" role=\"img\" xmlns=\"http:\/\/www.w3.org\/2000\/svg\" viewBox=\"0 0 512 512\" class=\"svg-inline--fa fa-chart-bar fa-w-16 fa-2x\"><path fill=\"currentColor\" d=\"M396.8 352h22.4c6.4 0 12.8-6.4 12.8-12.8V108.8c0-6.4-6.4-12.8-12.8-12.8h-22.4c-6.4 0-12.8 6.4-12.8 12.8v230.4c0 6.4 6.4 12.8 12.8 12.8zm-192 0h22.4c6.4 0 12.8-6.4 12.8-12.8V140.8c0-6.4-6.4-12.8-12.8-12.8h-22.4c-6.4 0-12.8 6.4-12.8 12.8v198.4c0 6.4 6.4 12.8 12.8 12.8zm96 0h22.4c6.4 0 12.8-6.4 12.8-12.8V204.8c0-6.4-6.4-12.8-12.8-12.8h-22.4c-6.4 0-12.8 6.4-12.8 12.8v134.4c0 6.4 6.4 12.8 12.8 12.8zM496 400H48V80c0-8.84-7.16-16-16-16H16C7.16 64 0 71.16 0 80v336c0 17.67 14.33 32 32 32h464c8.84 0 16-7.16 16-16v-16c0-8.84-7.16-16-16-16zm-387.2-48h22.4c6.4 0 12.8-6.4 12.8-12.8v-70.4c0-6.4-6.4-12.8-12.8-12.8h-22.4c-6.4 0-12.8 6.4-12.8 12.8v70.4c0 6.4 6.4 12.8 12.8 12.8z\" class=\"\"><\/path><\/svg><\/i> <img loading=\"lazy\" decoding=\"async\" width=\"16\" height=\"16\" alt=\"Loading\" src=\"https:\/\/radiovilardevoz.org\/wp-content\/plugins\/page-views-count\/ajax-loader-2x.gif\" border=0 \/><\/p>\n<div class=\"pvc_clear\"><\/div>\n","protected":false},"author":7,"featured_media":3432,"comment_status":"open","ping_status":"open","sticky":false,"template":"","format":"standard","meta":{"footnotes":""},"categories":[25,7],"tags":[],"class_list":["post-3430","post","type-post","status-publish","format-standard","has-post-thumbnail","hentry","category-audiovisuales","category-noticias-destacadas"],"_links":{"self":[{"href":"https:\/\/radiovilardevoz.org\/index.php?rest_route=\/wp\/v2\/posts\/3430","targetHints":{"allow":["GET"]}}],"collection":[{"href":"https:\/\/radiovilardevoz.org\/index.php?rest_route=\/wp\/v2\/posts"}],"about":[{"href":"https:\/\/radiovilardevoz.org\/index.php?rest_route=\/wp\/v2\/types\/post"}],"author":[{"embeddable":true,"href":"https:\/\/radiovilardevoz.org\/index.php?rest_route=\/wp\/v2\/users\/7"}],"replies":[{"embeddable":true,"href":"https:\/\/radiovilardevoz.org\/index.php?rest_route=%2Fwp%2Fv2%2Fcomments&post=3430"}],"version-history":[{"count":7,"href":"https:\/\/radiovilardevoz.org\/index.php?rest_route=\/wp\/v2\/posts\/3430\/revisions"}],"predecessor-version":[{"id":3452,"href":"https:\/\/radiovilardevoz.org\/index.php?rest_route=\/wp\/v2\/posts\/3430\/revisions\/3452"}],"wp:featuredmedia":[{"embeddable":true,"href":"https:\/\/radiovilardevoz.org\/index.php?rest_route=\/wp\/v2\/media\/3432"}],"wp:attachment":[{"href":"https:\/\/radiovilardevoz.org\/index.php?rest_route=%2Fwp%2Fv2%2Fmedia&parent=3430"}],"wp:term":[{"taxonomy":"category","embeddable":true,"href":"https:\/\/radiovilardevoz.org\/index.php?rest_route=%2Fwp%2Fv2%2Fcategories&post=3430"},{"taxonomy":"post_tag","embeddable":true,"href":"https:\/\/radiovilardevoz.org\/index.php?rest_route=%2Fwp%2Fv2%2Ftags&post=3430"}],"curies":[{"name":"wp","href":"https:\/\/api.w.org\/{rel}","templated":true}]}}