{"id":3454,"date":"2025-10-14T19:42:44","date_gmt":"2025-10-14T22:42:44","guid":{"rendered":"https:\/\/radiovilardevoz.org\/?p=3454"},"modified":"2025-10-14T19:42:44","modified_gmt":"2025-10-14T22:42:44","slug":"alejandra-wolff-actriz-y-cantante","status":"publish","type":"post","link":"https:\/\/radiovilardevoz.org\/?p=3454","title":{"rendered":"Alejandra Wolff- Actriz y Cantante"},"content":{"rendered":"<h6 style=\"text-align: right;\">11 de octubre de 2025<\/h6>\n<p><img fetchpriority=\"high\" decoding=\"async\" class=\"alignnone size-medium wp-image-3457 foto\" src=\"https:\/\/radiovilardevoz.org\/wp-content\/uploads\/2025\/10\/3-min-225x300.jpg\" alt=\"\" width=\"225\" height=\"300\" srcset=\"https:\/\/radiovilardevoz.org\/wp-content\/uploads\/2025\/10\/3-min-225x300.jpg 225w, https:\/\/radiovilardevoz.org\/wp-content\/uploads\/2025\/10\/3-min-768x1024.jpg 768w, https:\/\/radiovilardevoz.org\/wp-content\/uploads\/2025\/10\/3-min-600x800.jpg 600w, https:\/\/radiovilardevoz.org\/wp-content\/uploads\/2025\/10\/3-min.jpg 960w\" sizes=\"(max-width: 225px) 100vw, 225px\" \/> <img decoding=\"async\" class=\"alignnone size-medium wp-image-3456 foto\" src=\"https:\/\/radiovilardevoz.org\/wp-content\/uploads\/2025\/10\/2-min-1-226x300.jpg\" alt=\"\" width=\"226\" height=\"300\" srcset=\"https:\/\/radiovilardevoz.org\/wp-content\/uploads\/2025\/10\/2-min-1-226x300.jpg 226w, https:\/\/radiovilardevoz.org\/wp-content\/uploads\/2025\/10\/2-min-1-770x1024.jpg 770w, https:\/\/radiovilardevoz.org\/wp-content\/uploads\/2025\/10\/2-min-1-768x1021.jpg 768w, https:\/\/radiovilardevoz.org\/wp-content\/uploads\/2025\/10\/2-min-1-600x798.jpg 600w, https:\/\/radiovilardevoz.org\/wp-content\/uploads\/2025\/10\/2-min-1.jpg 963w\" sizes=\"(max-width: 226px) 100vw, 226px\" \/> <img decoding=\"async\" class=\"alignnone size-medium wp-image-3455 foto\" src=\"https:\/\/radiovilardevoz.org\/wp-content\/uploads\/2025\/10\/1-min-1-300x225.jpg\" alt=\"\" width=\"300\" height=\"225\" srcset=\"https:\/\/radiovilardevoz.org\/wp-content\/uploads\/2025\/10\/1-min-1-300x225.jpg 300w, https:\/\/radiovilardevoz.org\/wp-content\/uploads\/2025\/10\/1-min-1-1024x768.jpg 1024w, https:\/\/radiovilardevoz.org\/wp-content\/uploads\/2025\/10\/1-min-1-768x576.jpg 768w, https:\/\/radiovilardevoz.org\/wp-content\/uploads\/2025\/10\/1-min-1-600x450.jpg 600w, https:\/\/radiovilardevoz.org\/wp-content\/uploads\/2025\/10\/1-min-1.jpg 1280w\" sizes=\"(max-width: 300px) 100vw, 300px\" \/><img loading=\"lazy\" decoding=\"async\" class=\"alignnone size-medium wp-image-3458 foto\" src=\"https:\/\/radiovilardevoz.org\/wp-content\/uploads\/2025\/10\/4-min-300x226.jpg\" alt=\"\" width=\"300\" height=\"226\" srcset=\"https:\/\/radiovilardevoz.org\/wp-content\/uploads\/2025\/10\/4-min-300x226.jpg 300w, https:\/\/radiovilardevoz.org\/wp-content\/uploads\/2025\/10\/4-min-1024x770.jpg 1024w, https:\/\/radiovilardevoz.org\/wp-content\/uploads\/2025\/10\/4-min-768x578.jpg 768w, https:\/\/radiovilardevoz.org\/wp-content\/uploads\/2025\/10\/4-min-600x451.jpg 600w, https:\/\/radiovilardevoz.org\/wp-content\/uploads\/2025\/10\/4-min.jpg 1280w\" sizes=\"(max-width: 300px) 100vw, 300px\" \/><\/p>\n<div class=\"mb-05 lh-sm description-wrapper\" data-v-246410cf=\"\">\n<div class=\"description-container font-size-12\" data-v-246410cf=\"\">\n<div class=\"description mb-05\" data-v-246410cf=\"\">Es con gran alegr\u00eda que en otro S\u00e1bado de Laberinto Musical recibimos a Alejandra Wolff que nos vino a presentar su nuevo Disco Pez del Cielo y su pr\u00f3ximo recital el Jueves 16 de Octubre en UnderBar aqu\u00ed en Montevideo. El nombre de Alejandra Wolff est\u00e1 fuertemente ligado a la historia del rock uruguayo desde principios de los a\u00f1os 90. Ha integrado bandas ic\u00f3nicas y ha sido invitada a cantar y grabar en diversos proyectos. Sus principales incursiones musicales incluyen: \u00a0* La Chancha Francisca: Fue una de sus primeras experiencias musicales, inici\u00e1ndose en este \u00e1mbito mientras cursaba la EMAD. * La Tabar\u00e9: Integr\u00f3 esta influyente banda de rock uruguayo, contribuyendo con su voz a su sonido caracter\u00edstico. \u00a0* Mojo: Form\u00f3 parte de esta agrupaci\u00f3n. \u00a0* Proyecto Wolff: Un proyecto musical propio en el que colabor\u00f3 con Gabriel Brickman. Carrera Solista y \u00abPez del Cielo\u00bb: En 2025, Alejandra Wolff lanz\u00f3 su primer \u00e1lbum como solista, titulado \u00abPez del Cielo\u00bb. Este disco marca un hito importante en su carrera, ya que es la primera vez que se presenta al frente de un proyecto con sus propias composiciones de letras y m\u00fasicas, y asumiendo un rol central en la producci\u00f3n. El \u00e1lbum fue grabado, mezclado y masterizado por Pablo So\u00f1ora en los estudios Montevideo R\u00e9cords, entre abril de 2024 y marzo de 2025<strong>.<\/strong><\/div>\n<\/div>\n<p>&nbsp;<\/p>\n<div data-v-246410cf=\"\"><strong>Audio de la entrevista:<\/strong><\/div>\n<\/div>\n<p><iframe src=\"https:\/\/www.ivoox.com\/player_ej_160530695_6_1.html?c1=5b3411\" width=\"100%\" height=\"200\" frameborder=\"0\" scrolling=\"no\" allowfullscreen=\"allowfullscreen\"><\/iframe><\/p>\n<div class=\"pvc_clear\"><\/div>\n<p id=\"pvc_stats_3454\" class=\"pvc_stats all  \" data-element-id=\"3454\" style=\"\"><i class=\"pvc-stats-icon large\" aria-hidden=\"true\"><svg aria-hidden=\"true\" focusable=\"false\" data-prefix=\"far\" data-icon=\"chart-bar\" role=\"img\" xmlns=\"http:\/\/www.w3.org\/2000\/svg\" viewBox=\"0 0 512 512\" class=\"svg-inline--fa fa-chart-bar fa-w-16 fa-2x\"><path fill=\"currentColor\" d=\"M396.8 352h22.4c6.4 0 12.8-6.4 12.8-12.8V108.8c0-6.4-6.4-12.8-12.8-12.8h-22.4c-6.4 0-12.8 6.4-12.8 12.8v230.4c0 6.4 6.4 12.8 12.8 12.8zm-192 0h22.4c6.4 0 12.8-6.4 12.8-12.8V140.8c0-6.4-6.4-12.8-12.8-12.8h-22.4c-6.4 0-12.8 6.4-12.8 12.8v198.4c0 6.4 6.4 12.8 12.8 12.8zm96 0h22.4c6.4 0 12.8-6.4 12.8-12.8V204.8c0-6.4-6.4-12.8-12.8-12.8h-22.4c-6.4 0-12.8 6.4-12.8 12.8v134.4c0 6.4 6.4 12.8 12.8 12.8zM496 400H48V80c0-8.84-7.16-16-16-16H16C7.16 64 0 71.16 0 80v336c0 17.67 14.33 32 32 32h464c8.84 0 16-7.16 16-16v-16c0-8.84-7.16-16-16-16zm-387.2-48h22.4c6.4 0 12.8-6.4 12.8-12.8v-70.4c0-6.4-6.4-12.8-12.8-12.8h-22.4c-6.4 0-12.8 6.4-12.8 12.8v70.4c0 6.4 6.4 12.8 12.8 12.8z\" class=\"\"><\/path><\/svg><\/i> <img loading=\"lazy\" decoding=\"async\" width=\"16\" height=\"16\" alt=\"Loading\" src=\"https:\/\/radiovilardevoz.org\/wp-content\/plugins\/page-views-count\/ajax-loader-2x.gif\" border=0 \/><\/p>\n<div class=\"pvc_clear\"><\/div>\n","protected":false},"excerpt":{"rendered":"<p>11 de octubre de 2025 Es con gran alegr\u00eda que en otro S\u00e1bado de Laberinto Musical recibimos a Alejandra Wolff que nos vino a presentar su nuevo Disco Pez del&hellip; <\/p>\n<div class=\"pvc_clear\"><\/div>\n<p id=\"pvc_stats_3454\" class=\"pvc_stats all  \" data-element-id=\"3454\" style=\"\"><i class=\"pvc-stats-icon large\" aria-hidden=\"true\"><svg aria-hidden=\"true\" focusable=\"false\" data-prefix=\"far\" data-icon=\"chart-bar\" role=\"img\" xmlns=\"http:\/\/www.w3.org\/2000\/svg\" viewBox=\"0 0 512 512\" class=\"svg-inline--fa fa-chart-bar fa-w-16 fa-2x\"><path fill=\"currentColor\" d=\"M396.8 352h22.4c6.4 0 12.8-6.4 12.8-12.8V108.8c0-6.4-6.4-12.8-12.8-12.8h-22.4c-6.4 0-12.8 6.4-12.8 12.8v230.4c0 6.4 6.4 12.8 12.8 12.8zm-192 0h22.4c6.4 0 12.8-6.4 12.8-12.8V140.8c0-6.4-6.4-12.8-12.8-12.8h-22.4c-6.4 0-12.8 6.4-12.8 12.8v198.4c0 6.4 6.4 12.8 12.8 12.8zm96 0h22.4c6.4 0 12.8-6.4 12.8-12.8V204.8c0-6.4-6.4-12.8-12.8-12.8h-22.4c-6.4 0-12.8 6.4-12.8 12.8v134.4c0 6.4 6.4 12.8 12.8 12.8zM496 400H48V80c0-8.84-7.16-16-16-16H16C7.16 64 0 71.16 0 80v336c0 17.67 14.33 32 32 32h464c8.84 0 16-7.16 16-16v-16c0-8.84-7.16-16-16-16zm-387.2-48h22.4c6.4 0 12.8-6.4 12.8-12.8v-70.4c0-6.4-6.4-12.8-12.8-12.8h-22.4c-6.4 0-12.8 6.4-12.8 12.8v70.4c0 6.4 6.4 12.8 12.8 12.8z\" class=\"\"><\/path><\/svg><\/i> <img loading=\"lazy\" decoding=\"async\" width=\"16\" height=\"16\" alt=\"Loading\" src=\"https:\/\/radiovilardevoz.org\/wp-content\/plugins\/page-views-count\/ajax-loader-2x.gif\" border=0 \/><\/p>\n<div class=\"pvc_clear\"><\/div>\n","protected":false},"author":7,"featured_media":3458,"comment_status":"open","ping_status":"open","sticky":false,"template":"","format":"standard","meta":{"footnotes":""},"categories":[7],"tags":[],"class_list":["post-3454","post","type-post","status-publish","format-standard","has-post-thumbnail","hentry","category-noticias-destacadas"],"_links":{"self":[{"href":"https:\/\/radiovilardevoz.org\/index.php?rest_route=\/wp\/v2\/posts\/3454","targetHints":{"allow":["GET"]}}],"collection":[{"href":"https:\/\/radiovilardevoz.org\/index.php?rest_route=\/wp\/v2\/posts"}],"about":[{"href":"https:\/\/radiovilardevoz.org\/index.php?rest_route=\/wp\/v2\/types\/post"}],"author":[{"embeddable":true,"href":"https:\/\/radiovilardevoz.org\/index.php?rest_route=\/wp\/v2\/users\/7"}],"replies":[{"embeddable":true,"href":"https:\/\/radiovilardevoz.org\/index.php?rest_route=%2Fwp%2Fv2%2Fcomments&post=3454"}],"version-history":[{"count":4,"href":"https:\/\/radiovilardevoz.org\/index.php?rest_route=\/wp\/v2\/posts\/3454\/revisions"}],"predecessor-version":[{"id":3466,"href":"https:\/\/radiovilardevoz.org\/index.php?rest_route=\/wp\/v2\/posts\/3454\/revisions\/3466"}],"wp:featuredmedia":[{"embeddable":true,"href":"https:\/\/radiovilardevoz.org\/index.php?rest_route=\/wp\/v2\/media\/3458"}],"wp:attachment":[{"href":"https:\/\/radiovilardevoz.org\/index.php?rest_route=%2Fwp%2Fv2%2Fmedia&parent=3454"}],"wp:term":[{"taxonomy":"category","embeddable":true,"href":"https:\/\/radiovilardevoz.org\/index.php?rest_route=%2Fwp%2Fv2%2Fcategories&post=3454"},{"taxonomy":"post_tag","embeddable":true,"href":"https:\/\/radiovilardevoz.org\/index.php?rest_route=%2Fwp%2Fv2%2Ftags&post=3454"}],"curies":[{"name":"wp","href":"https:\/\/api.w.org\/{rel}","templated":true}]}}