{"id":3469,"date":"2025-10-16T20:06:11","date_gmt":"2025-10-16T23:06:11","guid":{"rendered":"https:\/\/radiovilardevoz.org\/?p=3469"},"modified":"2025-10-19T15:19:18","modified_gmt":"2025-10-19T18:19:18","slug":"laura-coordinadora-hogar-cotolengo","status":"publish","type":"post","link":"https:\/\/radiovilardevoz.org\/?p=3469","title":{"rendered":"Laura- Coordinadora Hogar Cotolengo"},"content":{"rendered":"<h6 style=\"text-align: right;\">04 de octubre de 2025<\/h6>\n<div class=\"mb-05 lh-sm description-wrapper\" data-v-246410cf=\"\">\n<div class=\"description-container font-size-12\" data-v-246410cf=\"\">\n<div class=\"description mb-05\" data-v-246410cf=\"\">Seguimos en este Desembarco en el Hogar Cottolengo Masculino, recibimos a Laura Psic\u00f3loga y Coordinadora del Hogar. Nos cuenta de su trabajo de mas de 30 a\u00f1os de dedicaci\u00f3n los desaf\u00edos del d\u00eda a d\u00eda para trabajar con personas con diferentes discapacidades Intelectuales.<\/div>\n<\/div>\n<\/div>\n<div data-v-246410cf=\"\"><\/div>\n<div data-v-246410cf=\"\"><\/div>\n<p><strong>Audio de la entrevista:<\/strong><\/p>\n<p><iframe src=\"https:\/\/www.ivoox.com\/player_ej_160530117_6_1.html\" width=\"100%\" height=\"200\" frameborder=\"0\" scrolling=\"no\" allowfullscreen=\"allowfullscreen\"><\/iframe><\/p>\n<p>&nbsp;<\/p>\n<p><img fetchpriority=\"high\" decoding=\"async\" class=\"alignnone size-medium wp-image-3474 foto\" src=\"https:\/\/radiovilardevoz.org\/wp-content\/uploads\/2025\/10\/WhatsApp-Image-2025-10-16-at-20.00.26-min-300x225.jpeg\" alt=\"\" width=\"300\" height=\"225\" srcset=\"https:\/\/radiovilardevoz.org\/wp-content\/uploads\/2025\/10\/WhatsApp-Image-2025-10-16-at-20.00.26-min-300x225.jpeg 300w, https:\/\/radiovilardevoz.org\/wp-content\/uploads\/2025\/10\/WhatsApp-Image-2025-10-16-at-20.00.26-min-1024x768.jpeg 1024w, https:\/\/radiovilardevoz.org\/wp-content\/uploads\/2025\/10\/WhatsApp-Image-2025-10-16-at-20.00.26-min-768x576.jpeg 768w, https:\/\/radiovilardevoz.org\/wp-content\/uploads\/2025\/10\/WhatsApp-Image-2025-10-16-at-20.00.26-min-1536x1152.jpeg 1536w, https:\/\/radiovilardevoz.org\/wp-content\/uploads\/2025\/10\/WhatsApp-Image-2025-10-16-at-20.00.26-min-600x450.jpeg 600w, https:\/\/radiovilardevoz.org\/wp-content\/uploads\/2025\/10\/WhatsApp-Image-2025-10-16-at-20.00.26-min.jpeg 1600w\" sizes=\"(max-width: 300px) 100vw, 300px\" \/> <img decoding=\"async\" class=\"alignnone size-medium wp-image-3473 foto\" src=\"https:\/\/radiovilardevoz.org\/wp-content\/uploads\/2025\/10\/WhatsApp-Image-2025-10-16-at-20.00.25-1-min-169x300.jpeg\" alt=\"\" width=\"169\" height=\"300\" \/> <img decoding=\"async\" class=\"alignnone size-medium wp-image-3472 foto\" src=\"https:\/\/radiovilardevoz.org\/wp-content\/uploads\/2025\/10\/WhatsApp-Image-2025-10-16-at-20.00.25-min-225x300.jpeg\" alt=\"\" width=\"225\" height=\"300\" srcset=\"https:\/\/radiovilardevoz.org\/wp-content\/uploads\/2025\/10\/WhatsApp-Image-2025-10-16-at-20.00.25-min-225x300.jpeg 225w, https:\/\/radiovilardevoz.org\/wp-content\/uploads\/2025\/10\/WhatsApp-Image-2025-10-16-at-20.00.25-min-768x1024.jpeg 768w, https:\/\/radiovilardevoz.org\/wp-content\/uploads\/2025\/10\/WhatsApp-Image-2025-10-16-at-20.00.25-min-1152x1536.jpeg 1152w, https:\/\/radiovilardevoz.org\/wp-content\/uploads\/2025\/10\/WhatsApp-Image-2025-10-16-at-20.00.25-min-600x800.jpeg 600w, https:\/\/radiovilardevoz.org\/wp-content\/uploads\/2025\/10\/WhatsApp-Image-2025-10-16-at-20.00.25-min.jpeg 1200w\" sizes=\"(max-width: 225px) 100vw, 225px\" \/> <img loading=\"lazy\" decoding=\"async\" class=\"alignnone size-medium wp-image-3471 foto\" src=\"https:\/\/radiovilardevoz.org\/wp-content\/uploads\/2025\/10\/WhatsApp-Image-2025-10-16-at-20.00.24-min-225x300.jpeg\" alt=\"\" width=\"225\" height=\"300\" srcset=\"https:\/\/radiovilardevoz.org\/wp-content\/uploads\/2025\/10\/WhatsApp-Image-2025-10-16-at-20.00.24-min-225x300.jpeg 225w, https:\/\/radiovilardevoz.org\/wp-content\/uploads\/2025\/10\/WhatsApp-Image-2025-10-16-at-20.00.24-min-768x1024.jpeg 768w, https:\/\/radiovilardevoz.org\/wp-content\/uploads\/2025\/10\/WhatsApp-Image-2025-10-16-at-20.00.24-min-1152x1536.jpeg 1152w, https:\/\/radiovilardevoz.org\/wp-content\/uploads\/2025\/10\/WhatsApp-Image-2025-10-16-at-20.00.24-min-600x800.jpeg 600w, https:\/\/radiovilardevoz.org\/wp-content\/uploads\/2025\/10\/WhatsApp-Image-2025-10-16-at-20.00.24-min.jpeg 1200w\" sizes=\"(max-width: 225px) 100vw, 225px\" \/><\/p>\n<div class=\"pvc_clear\"><\/div>\n<p id=\"pvc_stats_3469\" class=\"pvc_stats all  \" data-element-id=\"3469\" style=\"\"><i class=\"pvc-stats-icon large\" aria-hidden=\"true\"><svg aria-hidden=\"true\" focusable=\"false\" data-prefix=\"far\" data-icon=\"chart-bar\" role=\"img\" xmlns=\"http:\/\/www.w3.org\/2000\/svg\" viewBox=\"0 0 512 512\" class=\"svg-inline--fa fa-chart-bar fa-w-16 fa-2x\"><path fill=\"currentColor\" d=\"M396.8 352h22.4c6.4 0 12.8-6.4 12.8-12.8V108.8c0-6.4-6.4-12.8-12.8-12.8h-22.4c-6.4 0-12.8 6.4-12.8 12.8v230.4c0 6.4 6.4 12.8 12.8 12.8zm-192 0h22.4c6.4 0 12.8-6.4 12.8-12.8V140.8c0-6.4-6.4-12.8-12.8-12.8h-22.4c-6.4 0-12.8 6.4-12.8 12.8v198.4c0 6.4 6.4 12.8 12.8 12.8zm96 0h22.4c6.4 0 12.8-6.4 12.8-12.8V204.8c0-6.4-6.4-12.8-12.8-12.8h-22.4c-6.4 0-12.8 6.4-12.8 12.8v134.4c0 6.4 6.4 12.8 12.8 12.8zM496 400H48V80c0-8.84-7.16-16-16-16H16C7.16 64 0 71.16 0 80v336c0 17.67 14.33 32 32 32h464c8.84 0 16-7.16 16-16v-16c0-8.84-7.16-16-16-16zm-387.2-48h22.4c6.4 0 12.8-6.4 12.8-12.8v-70.4c0-6.4-6.4-12.8-12.8-12.8h-22.4c-6.4 0-12.8 6.4-12.8 12.8v70.4c0 6.4 6.4 12.8 12.8 12.8z\" class=\"\"><\/path><\/svg><\/i> <img loading=\"lazy\" decoding=\"async\" width=\"16\" height=\"16\" alt=\"Loading\" src=\"https:\/\/radiovilardevoz.org\/wp-content\/plugins\/page-views-count\/ajax-loader-2x.gif\" border=0 \/><\/p>\n<div class=\"pvc_clear\"><\/div>\n","protected":false},"excerpt":{"rendered":"<p>04 de octubre de 2025 Seguimos en este Desembarco en el Hogar Cottolengo Masculino, recibimos a Laura Psic\u00f3loga y Coordinadora del Hogar. Nos cuenta de su trabajo de mas de&hellip; <\/p>\n<div class=\"pvc_clear\"><\/div>\n<p id=\"pvc_stats_3469\" class=\"pvc_stats all  \" data-element-id=\"3469\" style=\"\"><i class=\"pvc-stats-icon large\" aria-hidden=\"true\"><svg aria-hidden=\"true\" focusable=\"false\" data-prefix=\"far\" data-icon=\"chart-bar\" role=\"img\" xmlns=\"http:\/\/www.w3.org\/2000\/svg\" viewBox=\"0 0 512 512\" class=\"svg-inline--fa fa-chart-bar fa-w-16 fa-2x\"><path fill=\"currentColor\" d=\"M396.8 352h22.4c6.4 0 12.8-6.4 12.8-12.8V108.8c0-6.4-6.4-12.8-12.8-12.8h-22.4c-6.4 0-12.8 6.4-12.8 12.8v230.4c0 6.4 6.4 12.8 12.8 12.8zm-192 0h22.4c6.4 0 12.8-6.4 12.8-12.8V140.8c0-6.4-6.4-12.8-12.8-12.8h-22.4c-6.4 0-12.8 6.4-12.8 12.8v198.4c0 6.4 6.4 12.8 12.8 12.8zm96 0h22.4c6.4 0 12.8-6.4 12.8-12.8V204.8c0-6.4-6.4-12.8-12.8-12.8h-22.4c-6.4 0-12.8 6.4-12.8 12.8v134.4c0 6.4 6.4 12.8 12.8 12.8zM496 400H48V80c0-8.84-7.16-16-16-16H16C7.16 64 0 71.16 0 80v336c0 17.67 14.33 32 32 32h464c8.84 0 16-7.16 16-16v-16c0-8.84-7.16-16-16-16zm-387.2-48h22.4c6.4 0 12.8-6.4 12.8-12.8v-70.4c0-6.4-6.4-12.8-12.8-12.8h-22.4c-6.4 0-12.8 6.4-12.8 12.8v70.4c0 6.4 6.4 12.8 12.8 12.8z\" class=\"\"><\/path><\/svg><\/i> <img loading=\"lazy\" decoding=\"async\" width=\"16\" height=\"16\" alt=\"Loading\" src=\"https:\/\/radiovilardevoz.org\/wp-content\/plugins\/page-views-count\/ajax-loader-2x.gif\" border=0 \/><\/p>\n<div class=\"pvc_clear\"><\/div>\n","protected":false},"author":7,"featured_media":3501,"comment_status":"open","ping_status":"open","sticky":false,"template":"","format":"standard","meta":{"footnotes":""},"categories":[7],"tags":[],"class_list":["post-3469","post","type-post","status-publish","format-standard","has-post-thumbnail","hentry","category-noticias-destacadas"],"_links":{"self":[{"href":"https:\/\/radiovilardevoz.org\/index.php?rest_route=\/wp\/v2\/posts\/3469","targetHints":{"allow":["GET"]}}],"collection":[{"href":"https:\/\/radiovilardevoz.org\/index.php?rest_route=\/wp\/v2\/posts"}],"about":[{"href":"https:\/\/radiovilardevoz.org\/index.php?rest_route=\/wp\/v2\/types\/post"}],"author":[{"embeddable":true,"href":"https:\/\/radiovilardevoz.org\/index.php?rest_route=\/wp\/v2\/users\/7"}],"replies":[{"embeddable":true,"href":"https:\/\/radiovilardevoz.org\/index.php?rest_route=%2Fwp%2Fv2%2Fcomments&post=3469"}],"version-history":[{"count":3,"href":"https:\/\/radiovilardevoz.org\/index.php?rest_route=\/wp\/v2\/posts\/3469\/revisions"}],"predecessor-version":[{"id":3490,"href":"https:\/\/radiovilardevoz.org\/index.php?rest_route=\/wp\/v2\/posts\/3469\/revisions\/3490"}],"wp:featuredmedia":[{"embeddable":true,"href":"https:\/\/radiovilardevoz.org\/index.php?rest_route=\/wp\/v2\/media\/3501"}],"wp:attachment":[{"href":"https:\/\/radiovilardevoz.org\/index.php?rest_route=%2Fwp%2Fv2%2Fmedia&parent=3469"}],"wp:term":[{"taxonomy":"category","embeddable":true,"href":"https:\/\/radiovilardevoz.org\/index.php?rest_route=%2Fwp%2Fv2%2Fcategories&post=3469"},{"taxonomy":"post_tag","embeddable":true,"href":"https:\/\/radiovilardevoz.org\/index.php?rest_route=%2Fwp%2Fv2%2Ftags&post=3469"}],"curies":[{"name":"wp","href":"https:\/\/api.w.org\/{rel}","templated":true}]}}