{"id":3491,"date":"2025-10-16T20:15:32","date_gmt":"2025-10-16T23:15:32","guid":{"rendered":"https:\/\/radiovilardevoz.org\/?p=3491"},"modified":"2025-10-16T20:21:06","modified_gmt":"2025-10-16T23:21:06","slug":"cronicas-de-la-marcha-por-salud-mental-2025","status":"publish","type":"post","link":"https:\/\/radiovilardevoz.org\/?p=3491","title":{"rendered":"Cronicas de la Marcha por Salud Mental 2025"},"content":{"rendered":"<h6 style=\"text-align: right;\">11 de octubre de 2025<\/h6>\n<div class=\"mb-05 lh-sm description-wrapper\" data-v-246410cf=\"\">\n<div class=\"description-container font-size-12\" data-v-246410cf=\"\">\n<div class=\"description mb-05\" data-v-246410cf=\"\">Realizamos una Mesa de hermosas cr\u00f3nicas de la multitudinaria marcha del viernes 10 de octubre por Salud Mental y Desmanicomializaci\u00f3n y Vida Digna por la Avenida 18 de julio hasta la Plaza Seregni. Nuestros compa\u00f1eros nos contaron sus an\u00e9cdotas y vivencias desde la salida de la Marcha en el Obelisco y Avenida 18 de julio.<\/div>\n<\/div>\n<\/div>\n<p><strong>Audio de la entrevista:<\/strong><\/p>\n<p><iframe src=\"https:\/\/www.ivoox.com\/player_ej_160774682_6_1.html\" width=\"100%\" height=\"200\" frameborder=\"0\" scrolling=\"no\" allowfullscreen=\"allowfullscreen\"><\/iframe><\/p>\n<p><img fetchpriority=\"high\" decoding=\"async\" class=\"alignnone size-medium wp-image-3475 foto\" src=\"https:\/\/radiovilardevoz.org\/wp-content\/uploads\/2025\/10\/557941775_1976249879735470_4656572110084937211_n-min-300x200.jpg\" alt=\"\" width=\"300\" height=\"200\" srcset=\"https:\/\/radiovilardevoz.org\/wp-content\/uploads\/2025\/10\/557941775_1976249879735470_4656572110084937211_n-min-300x200.jpg 300w, https:\/\/radiovilardevoz.org\/wp-content\/uploads\/2025\/10\/557941775_1976249879735470_4656572110084937211_n-min-1024x682.jpg 1024w, https:\/\/radiovilardevoz.org\/wp-content\/uploads\/2025\/10\/557941775_1976249879735470_4656572110084937211_n-min-768x512.jpg 768w, https:\/\/radiovilardevoz.org\/wp-content\/uploads\/2025\/10\/557941775_1976249879735470_4656572110084937211_n-min-600x400.jpg 600w, https:\/\/radiovilardevoz.org\/wp-content\/uploads\/2025\/10\/557941775_1976249879735470_4656572110084937211_n-min.jpg 1280w\" sizes=\"(max-width: 300px) 100vw, 300px\" \/> <img decoding=\"async\" class=\"alignnone size-medium wp-image-3476 foto\" src=\"https:\/\/radiovilardevoz.org\/wp-content\/uploads\/2025\/10\/558730374_1976250729735385_1089532659403418332_n-min-300x200.jpg\" alt=\"\" width=\"300\" height=\"200\" srcset=\"https:\/\/radiovilardevoz.org\/wp-content\/uploads\/2025\/10\/558730374_1976250729735385_1089532659403418332_n-min-300x200.jpg 300w, https:\/\/radiovilardevoz.org\/wp-content\/uploads\/2025\/10\/558730374_1976250729735385_1089532659403418332_n-min-1024x682.jpg 1024w, https:\/\/radiovilardevoz.org\/wp-content\/uploads\/2025\/10\/558730374_1976250729735385_1089532659403418332_n-min-768x512.jpg 768w, https:\/\/radiovilardevoz.org\/wp-content\/uploads\/2025\/10\/558730374_1976250729735385_1089532659403418332_n-min-600x400.jpg 600w, https:\/\/radiovilardevoz.org\/wp-content\/uploads\/2025\/10\/558730374_1976250729735385_1089532659403418332_n-min.jpg 1280w\" sizes=\"(max-width: 300px) 100vw, 300px\" \/> <img decoding=\"async\" class=\"alignnone size-medium wp-image-3477 foto\" src=\"https:\/\/radiovilardevoz.org\/wp-content\/uploads\/2025\/10\/558804109_1976250169735441_6604257993761566758_n-min-300x200.jpg\" alt=\"\" width=\"300\" height=\"200\" srcset=\"https:\/\/radiovilardevoz.org\/wp-content\/uploads\/2025\/10\/558804109_1976250169735441_6604257993761566758_n-min-300x200.jpg 300w, https:\/\/radiovilardevoz.org\/wp-content\/uploads\/2025\/10\/558804109_1976250169735441_6604257993761566758_n-min-1024x682.jpg 1024w, https:\/\/radiovilardevoz.org\/wp-content\/uploads\/2025\/10\/558804109_1976250169735441_6604257993761566758_n-min-768x512.jpg 768w, https:\/\/radiovilardevoz.org\/wp-content\/uploads\/2025\/10\/558804109_1976250169735441_6604257993761566758_n-min-600x400.jpg 600w, https:\/\/radiovilardevoz.org\/wp-content\/uploads\/2025\/10\/558804109_1976250169735441_6604257993761566758_n-min.jpg 1280w\" sizes=\"(max-width: 300px) 100vw, 300px\" \/> <img loading=\"lazy\" decoding=\"async\" class=\"alignnone size-medium wp-image-3478 foto\" src=\"https:\/\/radiovilardevoz.org\/wp-content\/uploads\/2025\/10\/557884350_1976250653068726_7644668518189613900_n-min-300x200.jpg\" alt=\"\" width=\"300\" height=\"200\" srcset=\"https:\/\/radiovilardevoz.org\/wp-content\/uploads\/2025\/10\/557884350_1976250653068726_7644668518189613900_n-min-300x200.jpg 300w, https:\/\/radiovilardevoz.org\/wp-content\/uploads\/2025\/10\/557884350_1976250653068726_7644668518189613900_n-min-1024x682.jpg 1024w, https:\/\/radiovilardevoz.org\/wp-content\/uploads\/2025\/10\/557884350_1976250653068726_7644668518189613900_n-min-768x512.jpg 768w, https:\/\/radiovilardevoz.org\/wp-content\/uploads\/2025\/10\/557884350_1976250653068726_7644668518189613900_n-min-600x400.jpg 600w, https:\/\/radiovilardevoz.org\/wp-content\/uploads\/2025\/10\/557884350_1976250653068726_7644668518189613900_n-min.jpg 1280w\" sizes=\"(max-width: 300px) 100vw, 300px\" \/> <img loading=\"lazy\" decoding=\"async\" class=\"alignnone size-medium wp-image-3479 foto\" src=\"https:\/\/radiovilardevoz.org\/wp-content\/uploads\/2025\/10\/558170761_1976250136402111_7729085025869016565_n-min-300x200.jpg\" alt=\"\" width=\"300\" height=\"200\" srcset=\"https:\/\/radiovilardevoz.org\/wp-content\/uploads\/2025\/10\/558170761_1976250136402111_7729085025869016565_n-min-300x200.jpg 300w, https:\/\/radiovilardevoz.org\/wp-content\/uploads\/2025\/10\/558170761_1976250136402111_7729085025869016565_n-min-1024x682.jpg 1024w, https:\/\/radiovilardevoz.org\/wp-content\/uploads\/2025\/10\/558170761_1976250136402111_7729085025869016565_n-min-768x512.jpg 768w, https:\/\/radiovilardevoz.org\/wp-content\/uploads\/2025\/10\/558170761_1976250136402111_7729085025869016565_n-min-600x400.jpg 600w, https:\/\/radiovilardevoz.org\/wp-content\/uploads\/2025\/10\/558170761_1976250136402111_7729085025869016565_n-min.jpg 1280w\" sizes=\"(max-width: 300px) 100vw, 300px\" \/> <img loading=\"lazy\" decoding=\"async\" class=\"alignnone size-medium wp-image-3480 foto\" src=\"https:\/\/radiovilardevoz.org\/wp-content\/uploads\/2025\/10\/558417457_1976249983068793_9036126172626160522_n-min-300x200.jpg\" alt=\"\" width=\"300\" height=\"200\" srcset=\"https:\/\/radiovilardevoz.org\/wp-content\/uploads\/2025\/10\/558417457_1976249983068793_9036126172626160522_n-min-300x200.jpg 300w, https:\/\/radiovilardevoz.org\/wp-content\/uploads\/2025\/10\/558417457_1976249983068793_9036126172626160522_n-min-1024x682.jpg 1024w, https:\/\/radiovilardevoz.org\/wp-content\/uploads\/2025\/10\/558417457_1976249983068793_9036126172626160522_n-min-768x512.jpg 768w, https:\/\/radiovilardevoz.org\/wp-content\/uploads\/2025\/10\/558417457_1976249983068793_9036126172626160522_n-min-600x400.jpg 600w, https:\/\/radiovilardevoz.org\/wp-content\/uploads\/2025\/10\/558417457_1976249983068793_9036126172626160522_n-min.jpg 1280w\" sizes=\"(max-width: 300px) 100vw, 300px\" \/> <img loading=\"lazy\" decoding=\"async\" class=\"alignnone size-medium wp-image-3481 foto\" src=\"https:\/\/radiovilardevoz.org\/wp-content\/uploads\/2025\/10\/548581369_1976249836402141_2630285678254554832_n-min-300x200.jpg\" alt=\"\" width=\"300\" height=\"200\" srcset=\"https:\/\/radiovilardevoz.org\/wp-content\/uploads\/2025\/10\/548581369_1976249836402141_2630285678254554832_n-min-300x200.jpg 300w, https:\/\/radiovilardevoz.org\/wp-content\/uploads\/2025\/10\/548581369_1976249836402141_2630285678254554832_n-min-1024x682.jpg 1024w, https:\/\/radiovilardevoz.org\/wp-content\/uploads\/2025\/10\/548581369_1976249836402141_2630285678254554832_n-min-768x512.jpg 768w, https:\/\/radiovilardevoz.org\/wp-content\/uploads\/2025\/10\/548581369_1976249836402141_2630285678254554832_n-min-600x400.jpg 600w, https:\/\/radiovilardevoz.org\/wp-content\/uploads\/2025\/10\/548581369_1976249836402141_2630285678254554832_n-min.jpg 1280w\" sizes=\"(max-width: 300px) 100vw, 300px\" \/> <img loading=\"lazy\" decoding=\"async\" class=\"alignnone size-medium wp-image-3482 foto\" src=\"https:\/\/radiovilardevoz.org\/wp-content\/uploads\/2025\/10\/558176211_1976250436402081_3637327102594938615_n-min-300x200.jpg\" alt=\"\" width=\"300\" height=\"200\" srcset=\"https:\/\/radiovilardevoz.org\/wp-content\/uploads\/2025\/10\/558176211_1976250436402081_3637327102594938615_n-min-300x200.jpg 300w, https:\/\/radiovilardevoz.org\/wp-content\/uploads\/2025\/10\/558176211_1976250436402081_3637327102594938615_n-min-1024x682.jpg 1024w, https:\/\/radiovilardevoz.org\/wp-content\/uploads\/2025\/10\/558176211_1976250436402081_3637327102594938615_n-min-768x512.jpg 768w, https:\/\/radiovilardevoz.org\/wp-content\/uploads\/2025\/10\/558176211_1976250436402081_3637327102594938615_n-min-600x400.jpg 600w, https:\/\/radiovilardevoz.org\/wp-content\/uploads\/2025\/10\/558176211_1976250436402081_3637327102594938615_n-min.jpg 1280w\" sizes=\"(max-width: 300px) 100vw, 300px\" \/> <img loading=\"lazy\" decoding=\"async\" class=\"alignnone size-medium wp-image-3483 foto\" src=\"https:\/\/radiovilardevoz.org\/wp-content\/uploads\/2025\/10\/557807280_1976250206402104_8622578171296470819_n-min-300x200.jpg\" alt=\"\" width=\"300\" height=\"200\" srcset=\"https:\/\/radiovilardevoz.org\/wp-content\/uploads\/2025\/10\/557807280_1976250206402104_8622578171296470819_n-min-300x200.jpg 300w, https:\/\/radiovilardevoz.org\/wp-content\/uploads\/2025\/10\/557807280_1976250206402104_8622578171296470819_n-min-1024x682.jpg 1024w, https:\/\/radiovilardevoz.org\/wp-content\/uploads\/2025\/10\/557807280_1976250206402104_8622578171296470819_n-min-768x512.jpg 768w, https:\/\/radiovilardevoz.org\/wp-content\/uploads\/2025\/10\/557807280_1976250206402104_8622578171296470819_n-min-600x400.jpg 600w, https:\/\/radiovilardevoz.org\/wp-content\/uploads\/2025\/10\/557807280_1976250206402104_8622578171296470819_n-min.jpg 1280w\" sizes=\"(max-width: 300px) 100vw, 300px\" \/> <img loading=\"lazy\" decoding=\"async\" class=\"alignnone size-medium wp-image-3484 foto\" src=\"https:\/\/radiovilardevoz.org\/wp-content\/uploads\/2025\/10\/560643563_1976250679735390_6178740420329109812_n-min-300x200.jpg\" alt=\"\" width=\"300\" height=\"200\" srcset=\"https:\/\/radiovilardevoz.org\/wp-content\/uploads\/2025\/10\/560643563_1976250679735390_6178740420329109812_n-min-300x200.jpg 300w, https:\/\/radiovilardevoz.org\/wp-content\/uploads\/2025\/10\/560643563_1976250679735390_6178740420329109812_n-min-1024x682.jpg 1024w, https:\/\/radiovilardevoz.org\/wp-content\/uploads\/2025\/10\/560643563_1976250679735390_6178740420329109812_n-min-768x512.jpg 768w, https:\/\/radiovilardevoz.org\/wp-content\/uploads\/2025\/10\/560643563_1976250679735390_6178740420329109812_n-min-600x400.jpg 600w, https:\/\/radiovilardevoz.org\/wp-content\/uploads\/2025\/10\/560643563_1976250679735390_6178740420329109812_n-min.jpg 1280w\" sizes=\"(max-width: 300px) 100vw, 300px\" \/> <img loading=\"lazy\" decoding=\"async\" class=\"alignnone size-medium wp-image-3485 foto\" src=\"https:\/\/radiovilardevoz.org\/wp-content\/uploads\/2025\/10\/560563426_1976250159735442_1369107921322225311_n-min-300x200.jpg\" alt=\"\" width=\"300\" height=\"200\" srcset=\"https:\/\/radiovilardevoz.org\/wp-content\/uploads\/2025\/10\/560563426_1976250159735442_1369107921322225311_n-min-300x200.jpg 300w, https:\/\/radiovilardevoz.org\/wp-content\/uploads\/2025\/10\/560563426_1976250159735442_1369107921322225311_n-min-1024x682.jpg 1024w, https:\/\/radiovilardevoz.org\/wp-content\/uploads\/2025\/10\/560563426_1976250159735442_1369107921322225311_n-min-768x512.jpg 768w, https:\/\/radiovilardevoz.org\/wp-content\/uploads\/2025\/10\/560563426_1976250159735442_1369107921322225311_n-min-600x400.jpg 600w, https:\/\/radiovilardevoz.org\/wp-content\/uploads\/2025\/10\/560563426_1976250159735442_1369107921322225311_n-min.jpg 1280w\" sizes=\"(max-width: 300px) 100vw, 300px\" \/> <img loading=\"lazy\" decoding=\"async\" class=\"alignnone size-medium wp-image-3486 foto\" src=\"https:\/\/radiovilardevoz.org\/wp-content\/uploads\/2025\/10\/559900694_1976250249735433_3718574612485032408_n-min-300x200.jpg\" alt=\"\" width=\"300\" height=\"200\" srcset=\"https:\/\/radiovilardevoz.org\/wp-content\/uploads\/2025\/10\/559900694_1976250249735433_3718574612485032408_n-min-300x200.jpg 300w, https:\/\/radiovilardevoz.org\/wp-content\/uploads\/2025\/10\/559900694_1976250249735433_3718574612485032408_n-min-1024x682.jpg 1024w, https:\/\/radiovilardevoz.org\/wp-content\/uploads\/2025\/10\/559900694_1976250249735433_3718574612485032408_n-min-768x512.jpg 768w, https:\/\/radiovilardevoz.org\/wp-content\/uploads\/2025\/10\/559900694_1976250249735433_3718574612485032408_n-min-600x400.jpg 600w, https:\/\/radiovilardevoz.org\/wp-content\/uploads\/2025\/10\/559900694_1976250249735433_3718574612485032408_n-min.jpg 1280w\" sizes=\"(max-width: 300px) 100vw, 300px\" \/> <img loading=\"lazy\" decoding=\"async\" class=\"alignnone size-medium wp-image-3487 foto\" src=\"https:\/\/radiovilardevoz.org\/wp-content\/uploads\/2025\/10\/559671710_1976250079735450_7432791312153606634_n-min-300x200.jpg\" alt=\"\" width=\"300\" height=\"200\" srcset=\"https:\/\/radiovilardevoz.org\/wp-content\/uploads\/2025\/10\/559671710_1976250079735450_7432791312153606634_n-min-300x200.jpg 300w, https:\/\/radiovilardevoz.org\/wp-content\/uploads\/2025\/10\/559671710_1976250079735450_7432791312153606634_n-min-1024x682.jpg 1024w, https:\/\/radiovilardevoz.org\/wp-content\/uploads\/2025\/10\/559671710_1976250079735450_7432791312153606634_n-min-768x512.jpg 768w, https:\/\/radiovilardevoz.org\/wp-content\/uploads\/2025\/10\/559671710_1976250079735450_7432791312153606634_n-min-600x400.jpg 600w, https:\/\/radiovilardevoz.org\/wp-content\/uploads\/2025\/10\/559671710_1976250079735450_7432791312153606634_n-min.jpg 1280w\" sizes=\"(max-width: 300px) 100vw, 300px\" \/><\/p>\n<div class=\"pvc_clear\"><\/div>\n<p id=\"pvc_stats_3491\" class=\"pvc_stats all  \" data-element-id=\"3491\" style=\"\"><i class=\"pvc-stats-icon large\" aria-hidden=\"true\"><svg aria-hidden=\"true\" focusable=\"false\" data-prefix=\"far\" data-icon=\"chart-bar\" role=\"img\" xmlns=\"http:\/\/www.w3.org\/2000\/svg\" viewBox=\"0 0 512 512\" class=\"svg-inline--fa fa-chart-bar fa-w-16 fa-2x\"><path fill=\"currentColor\" d=\"M396.8 352h22.4c6.4 0 12.8-6.4 12.8-12.8V108.8c0-6.4-6.4-12.8-12.8-12.8h-22.4c-6.4 0-12.8 6.4-12.8 12.8v230.4c0 6.4 6.4 12.8 12.8 12.8zm-192 0h22.4c6.4 0 12.8-6.4 12.8-12.8V140.8c0-6.4-6.4-12.8-12.8-12.8h-22.4c-6.4 0-12.8 6.4-12.8 12.8v198.4c0 6.4 6.4 12.8 12.8 12.8zm96 0h22.4c6.4 0 12.8-6.4 12.8-12.8V204.8c0-6.4-6.4-12.8-12.8-12.8h-22.4c-6.4 0-12.8 6.4-12.8 12.8v134.4c0 6.4 6.4 12.8 12.8 12.8zM496 400H48V80c0-8.84-7.16-16-16-16H16C7.16 64 0 71.16 0 80v336c0 17.67 14.33 32 32 32h464c8.84 0 16-7.16 16-16v-16c0-8.84-7.16-16-16-16zm-387.2-48h22.4c6.4 0 12.8-6.4 12.8-12.8v-70.4c0-6.4-6.4-12.8-12.8-12.8h-22.4c-6.4 0-12.8 6.4-12.8 12.8v70.4c0 6.4 6.4 12.8 12.8 12.8z\" class=\"\"><\/path><\/svg><\/i> <img loading=\"lazy\" decoding=\"async\" width=\"16\" height=\"16\" alt=\"Loading\" src=\"https:\/\/radiovilardevoz.org\/wp-content\/plugins\/page-views-count\/ajax-loader-2x.gif\" border=0 \/><\/p>\n<div class=\"pvc_clear\"><\/div>\n","protected":false},"excerpt":{"rendered":"<p>11 de octubre de 2025 Realizamos una Mesa de hermosas cr\u00f3nicas de la multitudinaria marcha del viernes 10 de octubre por Salud Mental y Desmanicomializaci\u00f3n y Vida Digna por la&hellip; <\/p>\n<div class=\"pvc_clear\"><\/div>\n<p id=\"pvc_stats_3491\" class=\"pvc_stats all  \" data-element-id=\"3491\" style=\"\"><i class=\"pvc-stats-icon large\" aria-hidden=\"true\"><svg aria-hidden=\"true\" focusable=\"false\" data-prefix=\"far\" data-icon=\"chart-bar\" role=\"img\" xmlns=\"http:\/\/www.w3.org\/2000\/svg\" viewBox=\"0 0 512 512\" class=\"svg-inline--fa fa-chart-bar fa-w-16 fa-2x\"><path fill=\"currentColor\" d=\"M396.8 352h22.4c6.4 0 12.8-6.4 12.8-12.8V108.8c0-6.4-6.4-12.8-12.8-12.8h-22.4c-6.4 0-12.8 6.4-12.8 12.8v230.4c0 6.4 6.4 12.8 12.8 12.8zm-192 0h22.4c6.4 0 12.8-6.4 12.8-12.8V140.8c0-6.4-6.4-12.8-12.8-12.8h-22.4c-6.4 0-12.8 6.4-12.8 12.8v198.4c0 6.4 6.4 12.8 12.8 12.8zm96 0h22.4c6.4 0 12.8-6.4 12.8-12.8V204.8c0-6.4-6.4-12.8-12.8-12.8h-22.4c-6.4 0-12.8 6.4-12.8 12.8v134.4c0 6.4 6.4 12.8 12.8 12.8zM496 400H48V80c0-8.84-7.16-16-16-16H16C7.16 64 0 71.16 0 80v336c0 17.67 14.33 32 32 32h464c8.84 0 16-7.16 16-16v-16c0-8.84-7.16-16-16-16zm-387.2-48h22.4c6.4 0 12.8-6.4 12.8-12.8v-70.4c0-6.4-6.4-12.8-12.8-12.8h-22.4c-6.4 0-12.8 6.4-12.8 12.8v70.4c0 6.4 6.4 12.8 12.8 12.8z\" class=\"\"><\/path><\/svg><\/i> <img loading=\"lazy\" decoding=\"async\" width=\"16\" height=\"16\" alt=\"Loading\" src=\"https:\/\/radiovilardevoz.org\/wp-content\/plugins\/page-views-count\/ajax-loader-2x.gif\" border=0 \/><\/p>\n<div class=\"pvc_clear\"><\/div>\n","protected":false},"author":7,"featured_media":3475,"comment_status":"open","ping_status":"open","sticky":false,"template":"","format":"standard","meta":{"footnotes":""},"categories":[13,7],"tags":[],"class_list":["post-3491","post","type-post","status-publish","format-standard","has-post-thumbnail","hentry","category-ddhh-y-salud-mental","category-noticias-destacadas"],"_links":{"self":[{"href":"https:\/\/radiovilardevoz.org\/index.php?rest_route=\/wp\/v2\/posts\/3491","targetHints":{"allow":["GET"]}}],"collection":[{"href":"https:\/\/radiovilardevoz.org\/index.php?rest_route=\/wp\/v2\/posts"}],"about":[{"href":"https:\/\/radiovilardevoz.org\/index.php?rest_route=\/wp\/v2\/types\/post"}],"author":[{"embeddable":true,"href":"https:\/\/radiovilardevoz.org\/index.php?rest_route=\/wp\/v2\/users\/7"}],"replies":[{"embeddable":true,"href":"https:\/\/radiovilardevoz.org\/index.php?rest_route=%2Fwp%2Fv2%2Fcomments&post=3491"}],"version-history":[{"count":2,"href":"https:\/\/radiovilardevoz.org\/index.php?rest_route=\/wp\/v2\/posts\/3491\/revisions"}],"predecessor-version":[{"id":3493,"href":"https:\/\/radiovilardevoz.org\/index.php?rest_route=\/wp\/v2\/posts\/3491\/revisions\/3493"}],"wp:featuredmedia":[{"embeddable":true,"href":"https:\/\/radiovilardevoz.org\/index.php?rest_route=\/wp\/v2\/media\/3475"}],"wp:attachment":[{"href":"https:\/\/radiovilardevoz.org\/index.php?rest_route=%2Fwp%2Fv2%2Fmedia&parent=3491"}],"wp:term":[{"taxonomy":"category","embeddable":true,"href":"https:\/\/radiovilardevoz.org\/index.php?rest_route=%2Fwp%2Fv2%2Fcategories&post=3491"},{"taxonomy":"post_tag","embeddable":true,"href":"https:\/\/radiovilardevoz.org\/index.php?rest_route=%2Fwp%2Fv2%2Ftags&post=3491"}],"curies":[{"name":"wp","href":"https:\/\/api.w.org\/{rel}","templated":true}]}}