{"id":3522,"date":"2025-10-30T16:00:25","date_gmt":"2025-10-30T19:00:25","guid":{"rendered":"https:\/\/radiovilardevoz.org\/?p=3522"},"modified":"2025-10-30T16:00:25","modified_gmt":"2025-10-30T19:00:25","slug":"carlos-alberto-rodriguez-y-maria-elena-mello","status":"publish","type":"post","link":"https:\/\/radiovilardevoz.org\/?p=3522","title":{"rendered":"Carlos Alberto Rodr\u00edguez y Mar\u00eda Elena Mello"},"content":{"rendered":"<h6 style=\"text-align: right;\">25 de octubre de 2025<\/h6>\n<p><img fetchpriority=\"high\" decoding=\"async\" class=\"alignnone size-medium wp-image-3521 foto\" src=\"https:\/\/radiovilardevoz.org\/wp-content\/uploads\/2025\/10\/573546135_1279858450836140_6861046694046548111_n-min-300x264.jpg\" alt=\"\" width=\"300\" height=\"264\" srcset=\"https:\/\/radiovilardevoz.org\/wp-content\/uploads\/2025\/10\/573546135_1279858450836140_6861046694046548111_n-min-300x264.jpg 300w, https:\/\/radiovilardevoz.org\/wp-content\/uploads\/2025\/10\/573546135_1279858450836140_6861046694046548111_n-min-768x677.jpg 768w, https:\/\/radiovilardevoz.org\/wp-content\/uploads\/2025\/10\/573546135_1279858450836140_6861046694046548111_n-min-600x529.jpg 600w, https:\/\/radiovilardevoz.org\/wp-content\/uploads\/2025\/10\/573546135_1279858450836140_6861046694046548111_n-min.jpg 960w\" sizes=\"(max-width: 300px) 100vw, 300px\" \/> <img decoding=\"async\" class=\"alignnone size-medium wp-image-3520 foto\" src=\"https:\/\/radiovilardevoz.org\/wp-content\/uploads\/2025\/10\/572160797_1279858094169509_7173403382130955063_n-min-300x251.jpg\" alt=\"\" width=\"300\" height=\"251\" srcset=\"https:\/\/radiovilardevoz.org\/wp-content\/uploads\/2025\/10\/572160797_1279858094169509_7173403382130955063_n-min-300x251.jpg 300w, https:\/\/radiovilardevoz.org\/wp-content\/uploads\/2025\/10\/572160797_1279858094169509_7173403382130955063_n-min.jpg 600w\" sizes=\"(max-width: 300px) 100vw, 300px\" \/> <img decoding=\"async\" class=\"alignnone size-medium wp-image-3519 foto\" src=\"https:\/\/radiovilardevoz.org\/wp-content\/uploads\/2025\/10\/571273526_1279858287502823_6875521873278813519_n-min-300x262.jpg\" alt=\"\" width=\"300\" height=\"262\" srcset=\"https:\/\/radiovilardevoz.org\/wp-content\/uploads\/2025\/10\/571273526_1279858287502823_6875521873278813519_n-min-300x262.jpg 300w, https:\/\/radiovilardevoz.org\/wp-content\/uploads\/2025\/10\/571273526_1279858287502823_6875521873278813519_n-min-768x671.jpg 768w, https:\/\/radiovilardevoz.org\/wp-content\/uploads\/2025\/10\/571273526_1279858287502823_6875521873278813519_n-min-600x524.jpg 600w, https:\/\/radiovilardevoz.org\/wp-content\/uploads\/2025\/10\/571273526_1279858287502823_6875521873278813519_n-min.jpg 960w\" sizes=\"(max-width: 300px) 100vw, 300px\" \/><\/p>\n<div class=\"mb-05 lh-sm description-wrapper\" data-v-246410cf=\"\">\n<div class=\"description-container font-size-12\" data-v-246410cf=\"\">\n<div class=\"description mb-05\" data-v-246410cf=\"\">Nos visitaron los amigos m\u00fasicos Carlos Alberto Rodr\u00edguez y Mar\u00eda Elena Mello por primera vez juntos que se presentaran el pr\u00f3ximo S\u00e1bado 08 de Noviembre en la Sala del Teatro de la ACJ. Presentan \u00bb Desde el Silencio\u00bb este gran y emotivo espect\u00e1culo que rinde homenaje a Osiris Rodr\u00edguez Castillo y Ruben Lena. Un show que re\u00fane a dos grandes exponentes de la m\u00fasica popular nacional. El S\u00e1bado 08 de Noviembre a las 20.30 horas en el Teatro de la ACJ esta ubicado en la calle Colonia 1870 esquina Eduardo Acevedo.<\/div>\n<\/div>\n<\/div>\n<p><strong>Audio de la entrevista:<\/strong><\/p>\n<p><iframe src=\"https:\/\/www.ivoox.com\/player_ej_161302137_6_1.html?c1=5b3411\" width=\"100%\" height=\"200\" frameborder=\"0\" scrolling=\"no\" allowfullscreen=\"allowfullscreen\"><\/iframe><\/p>\n<div class=\"pvc_clear\"><\/div>\n<p id=\"pvc_stats_3522\" class=\"pvc_stats all  \" data-element-id=\"3522\" style=\"\"><i class=\"pvc-stats-icon large\" aria-hidden=\"true\"><svg aria-hidden=\"true\" focusable=\"false\" data-prefix=\"far\" data-icon=\"chart-bar\" role=\"img\" xmlns=\"http:\/\/www.w3.org\/2000\/svg\" viewBox=\"0 0 512 512\" class=\"svg-inline--fa fa-chart-bar fa-w-16 fa-2x\"><path fill=\"currentColor\" d=\"M396.8 352h22.4c6.4 0 12.8-6.4 12.8-12.8V108.8c0-6.4-6.4-12.8-12.8-12.8h-22.4c-6.4 0-12.8 6.4-12.8 12.8v230.4c0 6.4 6.4 12.8 12.8 12.8zm-192 0h22.4c6.4 0 12.8-6.4 12.8-12.8V140.8c0-6.4-6.4-12.8-12.8-12.8h-22.4c-6.4 0-12.8 6.4-12.8 12.8v198.4c0 6.4 6.4 12.8 12.8 12.8zm96 0h22.4c6.4 0 12.8-6.4 12.8-12.8V204.8c0-6.4-6.4-12.8-12.8-12.8h-22.4c-6.4 0-12.8 6.4-12.8 12.8v134.4c0 6.4 6.4 12.8 12.8 12.8zM496 400H48V80c0-8.84-7.16-16-16-16H16C7.16 64 0 71.16 0 80v336c0 17.67 14.33 32 32 32h464c8.84 0 16-7.16 16-16v-16c0-8.84-7.16-16-16-16zm-387.2-48h22.4c6.4 0 12.8-6.4 12.8-12.8v-70.4c0-6.4-6.4-12.8-12.8-12.8h-22.4c-6.4 0-12.8 6.4-12.8 12.8v70.4c0 6.4 6.4 12.8 12.8 12.8z\" class=\"\"><\/path><\/svg><\/i> <img loading=\"lazy\" decoding=\"async\" width=\"16\" height=\"16\" alt=\"Loading\" src=\"https:\/\/radiovilardevoz.org\/wp-content\/plugins\/page-views-count\/ajax-loader-2x.gif\" border=0 \/><\/p>\n<div class=\"pvc_clear\"><\/div>\n","protected":false},"excerpt":{"rendered":"<p>25 de octubre de 2025 Nos visitaron los amigos m\u00fasicos Carlos Alberto Rodr\u00edguez y Mar\u00eda Elena Mello por primera vez juntos que se presentaran el pr\u00f3ximo S\u00e1bado 08 de Noviembre&hellip; <\/p>\n<div class=\"pvc_clear\"><\/div>\n<p id=\"pvc_stats_3522\" class=\"pvc_stats all  \" data-element-id=\"3522\" style=\"\"><i class=\"pvc-stats-icon large\" aria-hidden=\"true\"><svg aria-hidden=\"true\" focusable=\"false\" data-prefix=\"far\" data-icon=\"chart-bar\" role=\"img\" xmlns=\"http:\/\/www.w3.org\/2000\/svg\" viewBox=\"0 0 512 512\" class=\"svg-inline--fa fa-chart-bar fa-w-16 fa-2x\"><path fill=\"currentColor\" d=\"M396.8 352h22.4c6.4 0 12.8-6.4 12.8-12.8V108.8c0-6.4-6.4-12.8-12.8-12.8h-22.4c-6.4 0-12.8 6.4-12.8 12.8v230.4c0 6.4 6.4 12.8 12.8 12.8zm-192 0h22.4c6.4 0 12.8-6.4 12.8-12.8V140.8c0-6.4-6.4-12.8-12.8-12.8h-22.4c-6.4 0-12.8 6.4-12.8 12.8v198.4c0 6.4 6.4 12.8 12.8 12.8zm96 0h22.4c6.4 0 12.8-6.4 12.8-12.8V204.8c0-6.4-6.4-12.8-12.8-12.8h-22.4c-6.4 0-12.8 6.4-12.8 12.8v134.4c0 6.4 6.4 12.8 12.8 12.8zM496 400H48V80c0-8.84-7.16-16-16-16H16C7.16 64 0 71.16 0 80v336c0 17.67 14.33 32 32 32h464c8.84 0 16-7.16 16-16v-16c0-8.84-7.16-16-16-16zm-387.2-48h22.4c6.4 0 12.8-6.4 12.8-12.8v-70.4c0-6.4-6.4-12.8-12.8-12.8h-22.4c-6.4 0-12.8 6.4-12.8 12.8v70.4c0 6.4 6.4 12.8 12.8 12.8z\" class=\"\"><\/path><\/svg><\/i> <img loading=\"lazy\" decoding=\"async\" width=\"16\" height=\"16\" alt=\"Loading\" src=\"https:\/\/radiovilardevoz.org\/wp-content\/plugins\/page-views-count\/ajax-loader-2x.gif\" border=0 \/><\/p>\n<div class=\"pvc_clear\"><\/div>\n","protected":false},"author":7,"featured_media":3519,"comment_status":"open","ping_status":"open","sticky":false,"template":"","format":"standard","meta":{"footnotes":""},"categories":[7],"tags":[],"class_list":["post-3522","post","type-post","status-publish","format-standard","has-post-thumbnail","hentry","category-noticias-destacadas"],"_links":{"self":[{"href":"https:\/\/radiovilardevoz.org\/index.php?rest_route=\/wp\/v2\/posts\/3522","targetHints":{"allow":["GET"]}}],"collection":[{"href":"https:\/\/radiovilardevoz.org\/index.php?rest_route=\/wp\/v2\/posts"}],"about":[{"href":"https:\/\/radiovilardevoz.org\/index.php?rest_route=\/wp\/v2\/types\/post"}],"author":[{"embeddable":true,"href":"https:\/\/radiovilardevoz.org\/index.php?rest_route=\/wp\/v2\/users\/7"}],"replies":[{"embeddable":true,"href":"https:\/\/radiovilardevoz.org\/index.php?rest_route=%2Fwp%2Fv2%2Fcomments&post=3522"}],"version-history":[{"count":6,"href":"https:\/\/radiovilardevoz.org\/index.php?rest_route=\/wp\/v2\/posts\/3522\/revisions"}],"predecessor-version":[{"id":3528,"href":"https:\/\/radiovilardevoz.org\/index.php?rest_route=\/wp\/v2\/posts\/3522\/revisions\/3528"}],"wp:featuredmedia":[{"embeddable":true,"href":"https:\/\/radiovilardevoz.org\/index.php?rest_route=\/wp\/v2\/media\/3519"}],"wp:attachment":[{"href":"https:\/\/radiovilardevoz.org\/index.php?rest_route=%2Fwp%2Fv2%2Fmedia&parent=3522"}],"wp:term":[{"taxonomy":"category","embeddable":true,"href":"https:\/\/radiovilardevoz.org\/index.php?rest_route=%2Fwp%2Fv2%2Fcategories&post=3522"},{"taxonomy":"post_tag","embeddable":true,"href":"https:\/\/radiovilardevoz.org\/index.php?rest_route=%2Fwp%2Fv2%2Ftags&post=3522"}],"curies":[{"name":"wp","href":"https:\/\/api.w.org\/{rel}","templated":true}]}}