{"id":3859,"date":"2026-03-12T06:07:43","date_gmt":"2026-03-12T09:07:43","guid":{"rendered":"https:\/\/radiovilardevoz.org\/?p=3859"},"modified":"2026-03-12T06:07:43","modified_gmt":"2026-03-12T09:07:43","slug":"maria-delia-cuneo-coordinadora-de-feminismos","status":"publish","type":"post","link":"https:\/\/radiovilardevoz.org\/?p=3859","title":{"rendered":"Mar\u00eda Delia Cuneo &#8211; COORDINADORA DE FEMINISMOS"},"content":{"rendered":"<h6 style=\"text-align: right;\">07 de marzo de 2026<\/h6>\n<p><img fetchpriority=\"high\" decoding=\"async\" class=\"alignnone size-medium wp-image-3857 foto\" src=\"https:\/\/radiovilardevoz.org\/wp-content\/uploads\/2026\/03\/650254256_1393136256175025_9039229529235958241_n-225x300.jpg\" alt=\"\" width=\"225\" height=\"300\" srcset=\"https:\/\/radiovilardevoz.org\/wp-content\/uploads\/2026\/03\/650254256_1393136256175025_9039229529235958241_n-225x300.jpg 225w, https:\/\/radiovilardevoz.org\/wp-content\/uploads\/2026\/03\/650254256_1393136256175025_9039229529235958241_n-768x1024.jpg 768w, https:\/\/radiovilardevoz.org\/wp-content\/uploads\/2026\/03\/650254256_1393136256175025_9039229529235958241_n-600x800.jpg 600w, https:\/\/radiovilardevoz.org\/wp-content\/uploads\/2026\/03\/650254256_1393136256175025_9039229529235958241_n.jpg 960w\" sizes=\"(max-width: 225px) 100vw, 225px\" \/> <img decoding=\"async\" class=\"alignnone size-medium wp-image-3856 foto\" src=\"https:\/\/radiovilardevoz.org\/wp-content\/uploads\/2026\/03\/649831471_1393136216175029_2011749435999363481_n-300x225.jpg\" alt=\"\" width=\"300\" height=\"225\" srcset=\"https:\/\/radiovilardevoz.org\/wp-content\/uploads\/2026\/03\/649831471_1393136216175029_2011749435999363481_n-300x225.jpg 300w, https:\/\/radiovilardevoz.org\/wp-content\/uploads\/2026\/03\/649831471_1393136216175029_2011749435999363481_n-1024x768.jpg 1024w, https:\/\/radiovilardevoz.org\/wp-content\/uploads\/2026\/03\/649831471_1393136216175029_2011749435999363481_n-768x576.jpg 768w, https:\/\/radiovilardevoz.org\/wp-content\/uploads\/2026\/03\/649831471_1393136216175029_2011749435999363481_n-600x450.jpg 600w, https:\/\/radiovilardevoz.org\/wp-content\/uploads\/2026\/03\/649831471_1393136216175029_2011749435999363481_n.jpg 1280w\" sizes=\"(max-width: 300px) 100vw, 300px\" \/> <img decoding=\"async\" class=\"alignnone size-medium wp-image-3858 foto\" src=\"https:\/\/radiovilardevoz.org\/wp-content\/uploads\/2026\/03\/650338009_1393136276175023_2354669340789433395_n-300x226.jpg\" alt=\"\" width=\"300\" height=\"226\" srcset=\"https:\/\/radiovilardevoz.org\/wp-content\/uploads\/2026\/03\/650338009_1393136276175023_2354669340789433395_n-300x226.jpg 300w, https:\/\/radiovilardevoz.org\/wp-content\/uploads\/2026\/03\/650338009_1393136276175023_2354669340789433395_n-1024x770.jpg 1024w, https:\/\/radiovilardevoz.org\/wp-content\/uploads\/2026\/03\/650338009_1393136276175023_2354669340789433395_n-768x578.jpg 768w, https:\/\/radiovilardevoz.org\/wp-content\/uploads\/2026\/03\/650338009_1393136276175023_2354669340789433395_n-600x451.jpg 600w, https:\/\/radiovilardevoz.org\/wp-content\/uploads\/2026\/03\/650338009_1393136276175023_2354669340789433395_n.jpg 1280w\" sizes=\"(max-width: 300px) 100vw, 300px\" \/><\/p>\n<p>Ante la llegada de un nuevo 8 M con la consigna Ni La Tierra Ni Los Cuerpos son Territorios de Conquista es que recibimos a la compa\u00f1era Mar\u00eda Delia Cuneo. Integrante de la Coordinadora de Feminismos del Uruguay para contarnos los detalles de la Movilizaci\u00f3n junto a tantas mujeres de aqu\u00ed y del otro Pa\u00eds.<\/p>\n<p><iframe src=\"https:\/\/www.ivoox.com\/player_ej_169815141_6_1.html?c1=705636\" width=\"100%\" height=\"200\" frameborder=\"0\" scrolling=\"no\" allowfullscreen=\"allowfullscreen\"><\/iframe><\/p>\n<div class=\"pvc_clear\"><\/div>\n<p id=\"pvc_stats_3859\" class=\"pvc_stats all  \" data-element-id=\"3859\" style=\"\"><i class=\"pvc-stats-icon large\" aria-hidden=\"true\"><svg aria-hidden=\"true\" focusable=\"false\" data-prefix=\"far\" data-icon=\"chart-bar\" role=\"img\" xmlns=\"http:\/\/www.w3.org\/2000\/svg\" viewBox=\"0 0 512 512\" class=\"svg-inline--fa fa-chart-bar fa-w-16 fa-2x\"><path fill=\"currentColor\" d=\"M396.8 352h22.4c6.4 0 12.8-6.4 12.8-12.8V108.8c0-6.4-6.4-12.8-12.8-12.8h-22.4c-6.4 0-12.8 6.4-12.8 12.8v230.4c0 6.4 6.4 12.8 12.8 12.8zm-192 0h22.4c6.4 0 12.8-6.4 12.8-12.8V140.8c0-6.4-6.4-12.8-12.8-12.8h-22.4c-6.4 0-12.8 6.4-12.8 12.8v198.4c0 6.4 6.4 12.8 12.8 12.8zm96 0h22.4c6.4 0 12.8-6.4 12.8-12.8V204.8c0-6.4-6.4-12.8-12.8-12.8h-22.4c-6.4 0-12.8 6.4-12.8 12.8v134.4c0 6.4 6.4 12.8 12.8 12.8zM496 400H48V80c0-8.84-7.16-16-16-16H16C7.16 64 0 71.16 0 80v336c0 17.67 14.33 32 32 32h464c8.84 0 16-7.16 16-16v-16c0-8.84-7.16-16-16-16zm-387.2-48h22.4c6.4 0 12.8-6.4 12.8-12.8v-70.4c0-6.4-6.4-12.8-12.8-12.8h-22.4c-6.4 0-12.8 6.4-12.8 12.8v70.4c0 6.4 6.4 12.8 12.8 12.8z\" class=\"\"><\/path><\/svg><\/i> <img loading=\"lazy\" decoding=\"async\" width=\"16\" height=\"16\" alt=\"Loading\" src=\"https:\/\/radiovilardevoz.org\/wp-content\/plugins\/page-views-count\/ajax-loader-2x.gif\" border=0 \/><\/p>\n<div class=\"pvc_clear\"><\/div>\n","protected":false},"excerpt":{"rendered":"<p>07 de marzo de 2026 Ante la llegada de un nuevo 8 M con la consigna Ni La Tierra Ni Los Cuerpos son Territorios de Conquista es que recibimos a&hellip; <\/p>\n<div class=\"pvc_clear\"><\/div>\n<p id=\"pvc_stats_3859\" class=\"pvc_stats all  \" data-element-id=\"3859\" style=\"\"><i class=\"pvc-stats-icon large\" aria-hidden=\"true\"><svg aria-hidden=\"true\" focusable=\"false\" data-prefix=\"far\" data-icon=\"chart-bar\" role=\"img\" xmlns=\"http:\/\/www.w3.org\/2000\/svg\" viewBox=\"0 0 512 512\" class=\"svg-inline--fa fa-chart-bar fa-w-16 fa-2x\"><path fill=\"currentColor\" d=\"M396.8 352h22.4c6.4 0 12.8-6.4 12.8-12.8V108.8c0-6.4-6.4-12.8-12.8-12.8h-22.4c-6.4 0-12.8 6.4-12.8 12.8v230.4c0 6.4 6.4 12.8 12.8 12.8zm-192 0h22.4c6.4 0 12.8-6.4 12.8-12.8V140.8c0-6.4-6.4-12.8-12.8-12.8h-22.4c-6.4 0-12.8 6.4-12.8 12.8v198.4c0 6.4 6.4 12.8 12.8 12.8zm96 0h22.4c6.4 0 12.8-6.4 12.8-12.8V204.8c0-6.4-6.4-12.8-12.8-12.8h-22.4c-6.4 0-12.8 6.4-12.8 12.8v134.4c0 6.4 6.4 12.8 12.8 12.8zM496 400H48V80c0-8.84-7.16-16-16-16H16C7.16 64 0 71.16 0 80v336c0 17.67 14.33 32 32 32h464c8.84 0 16-7.16 16-16v-16c0-8.84-7.16-16-16-16zm-387.2-48h22.4c6.4 0 12.8-6.4 12.8-12.8v-70.4c0-6.4-6.4-12.8-12.8-12.8h-22.4c-6.4 0-12.8 6.4-12.8 12.8v70.4c0 6.4 6.4 12.8 12.8 12.8z\" class=\"\"><\/path><\/svg><\/i> <img loading=\"lazy\" decoding=\"async\" width=\"16\" height=\"16\" alt=\"Loading\" src=\"https:\/\/radiovilardevoz.org\/wp-content\/plugins\/page-views-count\/ajax-loader-2x.gif\" border=0 \/><\/p>\n<div class=\"pvc_clear\"><\/div>\n","protected":false},"author":7,"featured_media":3857,"comment_status":"open","ping_status":"open","sticky":false,"template":"","format":"standard","meta":{"footnotes":""},"categories":[7],"tags":[],"class_list":["post-3859","post","type-post","status-publish","format-standard","has-post-thumbnail","hentry","category-noticias-destacadas"],"_links":{"self":[{"href":"https:\/\/radiovilardevoz.org\/index.php?rest_route=\/wp\/v2\/posts\/3859","targetHints":{"allow":["GET"]}}],"collection":[{"href":"https:\/\/radiovilardevoz.org\/index.php?rest_route=\/wp\/v2\/posts"}],"about":[{"href":"https:\/\/radiovilardevoz.org\/index.php?rest_route=\/wp\/v2\/types\/post"}],"author":[{"embeddable":true,"href":"https:\/\/radiovilardevoz.org\/index.php?rest_route=\/wp\/v2\/users\/7"}],"replies":[{"embeddable":true,"href":"https:\/\/radiovilardevoz.org\/index.php?rest_route=%2Fwp%2Fv2%2Fcomments&post=3859"}],"version-history":[{"count":3,"href":"https:\/\/radiovilardevoz.org\/index.php?rest_route=\/wp\/v2\/posts\/3859\/revisions"}],"predecessor-version":[{"id":3862,"href":"https:\/\/radiovilardevoz.org\/index.php?rest_route=\/wp\/v2\/posts\/3859\/revisions\/3862"}],"wp:featuredmedia":[{"embeddable":true,"href":"https:\/\/radiovilardevoz.org\/index.php?rest_route=\/wp\/v2\/media\/3857"}],"wp:attachment":[{"href":"https:\/\/radiovilardevoz.org\/index.php?rest_route=%2Fwp%2Fv2%2Fmedia&parent=3859"}],"wp:term":[{"taxonomy":"category","embeddable":true,"href":"https:\/\/radiovilardevoz.org\/index.php?rest_route=%2Fwp%2Fv2%2Fcategories&post=3859"},{"taxonomy":"post_tag","embeddable":true,"href":"https:\/\/radiovilardevoz.org\/index.php?rest_route=%2Fwp%2Fv2%2Ftags&post=3859"}],"curies":[{"name":"wp","href":"https:\/\/api.w.org\/{rel}","templated":true}]}}