{"id":4013,"date":"2026-04-25T10:52:22","date_gmt":"2026-04-25T13:52:22","guid":{"rendered":"https:\/\/radiovilardevoz.org\/?p=4013"},"modified":"2026-04-25T10:54:46","modified_gmt":"2026-04-25T13:54:46","slug":"brecha-salir-de-la-calle","status":"publish","type":"post","link":"https:\/\/radiovilardevoz.org\/?p=4013","title":{"rendered":"Brecha: Salir de la calle"},"content":{"rendered":"<h6 style=\"text-align: right;\">25 de abril de 2026<\/h6>\n<div class=\"container-fluid\">\n<div id=\"page\" class=\"site\">\n<header id=\"masthead\" class=\"site-header\">\n<div class=\"row h-100\">\n<div class=\"col my-auto site-branding\">\n<p><a class=\"custom-logo-link custom-logo-link-fixed\" href=\"https:\/\/brecha.com.uy\/\" rel=\"home\"><picture><img decoding=\"async\" class=\"custom-logo webpexpress-processed aligncenter\" src=\"https:\/\/brecha.com.uy\/wp-content\/uploads\/2020\/07\/cropped-cropped-logo-brecha.png\" sizes=\"(max-width: 587px) 100vw, 587px\" srcset=\"https:\/\/brecha.com.uy\/wp-content\/uploads\/2020\/07\/cropped-cropped-logo-brecha.png 587w, https:\/\/brecha.com.uy\/wp-content\/uploads\/2020\/07\/cropped-cropped-logo-brecha-300x62.png 300w\" alt=\"Semanario Brecha\" width=\"365\" height=\"76\" \/><\/picture><\/a><\/p>\n<p class=\"site-title\">\n<\/div>\n<\/div>\n<\/header>\n<\/div>\n<\/div>\n<div id=\"content\" class=\"site-content\">\n<div id=\"primary\" class=\"content-area contenido\">\n<div class=\"container-fluid\" style=\"text-align: left;\">\n<article id=\"post-126870\" class=\"articulo\">\n<div class=\"row\">\n<div class=\"col-md-7 offset-md-3\">\n<header class=\"entry-header\">\n<div class=\"row articulo_categoria\">\n<div class=\"col-md-12\"><a class=\"titulo-tag\" href=\"https:\/\/brecha.com.uy\/category\/edicion-2109\/\">Edici\u00f3n 2109<\/a><\/div>\n<\/div>\n<div class=\"col-md-12 articulo_colgado\">Casa, trabajo y afectos<\/div>\n<h1 class=\"articulo_titulo\">Salir de la calle<\/h1>\n<div class=\"entry-meta\"><span class=\"articulo_autor\"><a href=\"https:\/\/brecha.com.uy\/author\/cecilia-osorio\/\">Cecilia Osorio<\/a><\/span><br \/>\n<span class=\"articulo_fecha\">24 abril, 2026<\/span><\/div>\n<\/header>\n<\/div>\n<\/div>\n<\/article>\n<\/div>\n<div class=\"editorskit-shortcode\">&#8211; Tiempo de lectura: 9 min<\/div>\n<\/div>\n<p>Con la entrada del oto\u00f1o y el descenso de las temperaturas, la situaci\u00f3n de calle est\u00e1 desde hace semanas en el centro de la discusi\u00f3n p\u00fablica.\u00a0<b>Brecha<\/b>\u00a0convers\u00f3 con personas que viven o han vivido esta circunstancia y que crean, en colectivo, alternativas para cambiar su realidad: impulsan proyectos de vivienda, trabajo y cultura basados en la autonom\u00eda, el cooperativismo y la econom\u00eda solidaria.<\/p>\n<\/div>\n<div>\n<div class=\"post-thumbnail\">\u00abLleg\u00e1s justo cuando terminamos\u00bb, me dice Rodolfo, parado junto a otros integrantes de radio Vilardevoz, en la esquina de Ituzaing\u00f3 y 25 de Agosto. Un peque\u00f1o rinc\u00f3n de la Ciudad Vieja que mira al puerto. Desde ah\u00ed transmiten en vivo todos los s\u00e1bados la programaci\u00f3n de la radio. El estudio es una casa de grandes ventanales que estuvo abandonada y que la Intendencia de Montevideo les cedi\u00f3 despu\u00e9s de que, durante la pandemia, tuvieron que dejar el centro diurno del Hospital Vilardeb\u00f3.<\/div>\n<\/div>\n<div>\n<div>\n<p>Rodolfo me cuenta que ese jueves es la asamblea central, en la que discuten distintos temas. Hace unos minutos hab\u00edan estado intercambiando opiniones acerca de la Primera Estrategia Nacional sobre Situaci\u00f3n de Calle, presentada por el Ministerio de Desarrollo Social (Mides). Quienes participan han estado en dispositivos de salud mental y en situaci\u00f3n de calle. Aunque, en este momento, la mayor\u00eda tiene un techo. Algunos est\u00e1n en refugios, otros en centros de 24 horas, otros viven en la casa comunitaria coordinada por el propio colectivo.<\/p>\n<p>Empieza a chispear y el grupo entra de nuevo a la radio. Les pido si pueden compartir conmigo algunas de sus reflexiones. Marcelo, uno de los m\u00e1s veteranos del grupo, se r\u00ede y dice que va a ser \u00abcomplicado\u00bb sintetizar todo lo que hablaron. Aun as\u00ed, se para y toma el micr\u00f3fono: \u00abSiempre se argumenta que la pobreza es la causa. Y yo creo que es la consecuencia de una pol\u00edtica mal aplicada, desde la dictadura en adelante y tambi\u00e9n hacia atr\u00e1s\u00bb, dice, recorriendo con la mirada a sus compa\u00f1eros, que acompa\u00f1an sus palabras asintiendo levemente con la cabeza.<\/p>\n<p>De acuerdo con un\u00a0<a href=\"https:\/\/www.google.com\/url?q=https:\/\/www.sau.org.uy\/reflexiones-ente-el-problema-de-personas-en-situacion-de-calle\/&amp;sa=D&amp;source=docs&amp;ust=1776956041936386&amp;usg=AOvVaw2ZrhyNzsV1FkswOBovsee1\">trabajo<\/a>\u00a0de la Facultad de Arquitectura, Dise\u00f1o y Urbanismo de la Universidad de la Rep\u00fablica, en 2005, cuando se cre\u00f3 el Mides, hab\u00eda unas 300 personas en situaci\u00f3n de calle en Montevideo. En muchos casos se trataba de familias con ni\u00f1os que, expulsadas por la crisis econ\u00f3mica, cayeron en la pobreza o de personas que desde hac\u00eda a\u00f1os ven\u00edan quedando al margen, en la periferia de la ciudad. Las pol\u00edticas sociales de aquellos a\u00f1os lograron contener el fen\u00f3meno en las infancias, pero el n\u00famero de adultos en calle nunca dej\u00f3 de crecer desde entonces. Entre 2006 y 2023, la poblaci\u00f3n en esa situaci\u00f3n aument\u00f3 casi un 600 por ciento. Y las proyecciones estiman unas 10 mil personas en esa situaci\u00f3n para 2030 y cerca de 20 mil para 2035.<\/p>\n<p>En estos a\u00f1os, el Mides dise\u00f1\u00f3 decenas de estrategias, reconfigur\u00f3 los espacios: aument\u00f3 sus capacidades y horarios de atenci\u00f3n. Sin embargo, para los integrantes de Vilardevoz, lejos de funcionar como espacios de acompa\u00f1amiento orientados a las necesidades de las personas, los dispositivos se transformaron en centros de castigo, con l\u00f3gicas muy similares a las manicomiales: exclusi\u00f3n, alienaci\u00f3n e infantilizaci\u00f3n.<\/p>\n<p>\u00abEs plan tras plan, experimento tras experimento. Nosotros, como colectivo, nos planteamos el desarrollo del ser humano en la libertad m\u00e1s profunda: el derecho a ser feliz y el derecho a la vivienda. No como un lujo, sino como un derecho\u00bb, dice Marcelo. Tambi\u00e9n Rodolfo, que hoy vive en un centro de 24 horas, piensa en los refugios nocturnos y en quienes esa ma\u00f1ana tuvieron que dejarlos luego de una madrugada lluviosa. \u00abFijate que hoy temprano, todos para afuera. A mojarse y chau.\u00bb<\/p>\n<p><strong>HOSPITALIDAD RADICAL<\/strong><\/p>\n<p>Quienes han vivido en situaci\u00f3n de calle cuentan que llegan a esta situaci\u00f3n atravesados por una profunda tristeza y un dolor asociado a m\u00faltiples p\u00e9rdidas acumuladas: seres queridos, redes familiares y comunitarias. Las causas son variadas: problemas de salud mental, consumo problem\u00e1tico de sustancias, haber estado privados de libertad y, cada vez m\u00e1s, j\u00f3venes que pasaron por el Instituto del Ni\u00f1o y Adolescente del Uruguay y al cumplir 18 a\u00f1os quedaron sin amparo.<\/p>\n<p>En la asamblea de Vilardevoz se menciona varias veces c\u00f3mo los dispositivos estatales \u00abliman\u00bb la autoestima. \u00abYo no quiero ir a los refugios porque me mata la cabeza, te empareja para abajo\u00bb, dice Pablo, quien hace poco perdi\u00f3 su trabajo y comenz\u00f3 a vivir en la casa comunitaria que tiene el colectivo. Zapic\u00e1n, que vive en la misma casa, tiene la misma percepci\u00f3n: \u00abSientes que te est\u00e1n dando una d\u00e1diva, una cama y una comida, pero no se promueve que te integres con otras personas\u00bb.<\/p>\n<p>Desde hace tres a\u00f1os, Vilardevoz gestiona una casa comunitaria mediante un convenio con el Mides. Un requisito para hacerlo fue que el espacio funcione bajo las l\u00f3gicas del colectivo. En la vivienda conviven ocho hombres y dos mujeres, acompa\u00f1ados por un equipo t\u00e9cnico de cuatro personas. Todos tienen llave y, a las nueve de la noche, solo quedan quienes viven all\u00ed. En este espacio, la salud mental se entiende como casa, trabajo y afectos.<\/p>\n<p>Todas las semanas tienen una asamblea en la que participan y resuelven los temas cotidianos, como la comida, la limpieza y la organizaci\u00f3n general, lo que no quita que haya problemas, como en todas las casas. Ese d\u00eda, uno de los integrantes decidi\u00f3 internarse en una chacra. \u00abInfluido por cosas externas como la droga, porque los infiernos tambi\u00e9n son encantadores. No te pod\u00e9s adaptar a lo que los dem\u00e1s dicen que es normal\u00bb, asegura Marcelo.<\/p>\n<p><strong>DEMOCRATIZAR LOS CUIDADOS<\/strong><\/p>\n<p>Vilardevoz tambi\u00e9n coordina la Nave de les Loques, ubicada en Germ\u00e1n Barbato entre Mercedes y Uruguay. La nave es un espacio cultural en el que participan personas en situaci\u00f3n de calle y vecinos del barrio. En un peque\u00f1o recorrido, Cecilia Baroni, psic\u00f3loga y coordinadora del colectivo, me muestra los distintos espacios: un taller de arte, donde est\u00e1 Marcos con sus trabajos, una tienda de segunda manoy un espacio al fondo, donde parte del equipo est\u00e1 cocinando.<\/p>\n<p>En una sala ubicada a la entrada de la nave hay amontonadas varias pilas de libros. Cecilia explica que son del proyecto Bibliobarrio, que se qued\u00f3 sin sede, \u00aby ahora los estamos alojando, por eso el desorden\u00bb, se excusa.<\/p>\n<p>Para la coordinadora, lo que diferencia a Vilardevoz de otros dispositivos del Mides es que brinda un acompa\u00f1amiento integral y no de emergencia. \u00abNo hay que olvidarse de que la calle da\u00f1a un mont\u00f3n, que la persona aprende a defenderse y que lleva much\u00edsimo tiempo sacarse la calle de encima para volver a considerarse sujeto de derechos. Muchas veces queda en un lugar de ser asistida y no como protagonista de su cambio\u00bb, considera Cecilia.<\/p>\n<p>Desde el colectivo se plantean una hospitalidad radical que no cause m\u00e1s sufrimiento a las personas. Un criterio es que para ingresar a los espacios no hay que cumplir ning\u00fan requisito. \u00abNo les seguimos pidiendo muestras de que merecen estar en ese lugar\u00bb, explica Cecilia. Los espacios son de puertas abiertas. \u00abAlgo que dice mucho [Cornelius] Castoriadis es que el otro, en esta condici\u00f3n tambi\u00e9n de extranjero, necesita su tiempo, su forma, y no los abordajes \u2013lo voy a decir as\u00ed nom\u00e1s\u2013 que son de escritorio o de administraci\u00f3n de los cuerpos y no de las personas y las situaciones.\u00bb<\/p>\n<p>Otro de los conceptos que promueve el colectivo es la democratizaci\u00f3n de los cuidados. En los espacios de Vilardevoz no hay presencia policial, algo que s\u00ed ocurre en algunos refugios. En cambio, se apela al apoyo entre pares. \u00abLas personas que han vivido estas situaciones siempre dicen que no hay nadie que conozca m\u00e1s que ellos. En el sentido de que hay una realidad que es soportar 24\/7, y ah\u00ed el que est\u00e1 es el compa\u00f1ero de vereda o del lugar al que voy. Y si uno fortalece esos v\u00ednculos y tiene acuerdos, es impresionante lo que genera\u00bb, sostiene Cecilia.<\/p>\n<p><strong>PRIMERO EL TECHO<\/strong><\/p>\n<p>Los dispositivos del Mides se organizan, en gran medida, bajo la llamada\u00a0<em>estrategia de escalera<\/em>. Antes de acceder a una vivienda estable las personas deben atravesar un proceso gradual de \u00abreaprendizaje\u00bb para recuperar h\u00e1bitos y capacidades de relacionamiento: de la calle al refugio nocturno, del refugio al centro 24 horas, de all\u00ed a una casa de medio camino, hasta llegar a la vivienda. Si la persona no logra sostener alguno de esos niveles, vuelve al inicio del recorrido (v\u00e9ase\u00a0<a href=\"https:\/\/brecha.com.uy\/uruguay-fabrica-personas-en-situacion-de-calle\/\">\u00abEn Uruguay tenemos una f\u00e1brica de personas en situaci\u00f3n de calle\u00bb<\/a>,\u00a0<strong>Brecha<\/strong>, 17-IV-26).<\/p>\n<p>Katherine Spurr integra el colectivo Ni Todo Est\u00e1 Perdido (Nitep), conformado por personas en situaci\u00f3n de calle o que viven en refugios. Al igual que Vilardevoz, se organizan en asambleas, en las que discuten y piensan distintas alternativas para salir de esa situaci\u00f3n. \u00abClaro, porque las personas solemos unirnos por identidad; todo lo que nos identifica nos une como grupo humano\u00bb, comenta al semanario.<\/p>\n<p>Katherine vive en una de las dos casas comunitarias que Nitep logr\u00f3 construir con apoyo del Mides. Pero su camino hacia una vivienda definitiva no termin\u00f3 ah\u00ed. Todos los viernes, a las siete de la tarde, participa en un encuentro en la sede de la Fucvam (Federaci\u00f3n Uruguaya de Cooperativas de Vivienda por Ayuda Mutua). All\u00ed present\u00f3 un proyecto para crear una cooperativa de vivienda. Se llama Gente de Calle y est\u00e1 integrada por 38 n\u00facleos familiares. \u00abSomos personas que durante mucho tiempo fuimos invisibles para el sistema\u00bb, cuestiona Katherine.<\/p>\n<p>La cooperativa ya cuenta con terrenos cedidos por la Intendencia de Montevideo, aunque a\u00fan no conoce su ubicaci\u00f3n, y est\u00e1 a la espera de obtener la personer\u00eda jur\u00eddica. \u00abPara tener un tratamiento y una soluci\u00f3n a la carga que vive la persona en situaci\u00f3n de calle, lo primero que se necesita es una contenci\u00f3n de pared, de muro, de vivienda. Si no, no tiene c\u00f3mo recuperar su vida\u00bb, dice Katherine. Sus dos hijos hoy viven con su padre, pero en un futuro podr\u00e1 volver a acogerlos en su nueva casa.<\/p>\n<p><strong>GERMINAR Y CRECER<\/strong><\/p>\n<p>En la calle Rinc\u00f3n, a pocos metros de Juan Carlos Blanco, funciona la tienda de la plataforma S\u00e1maras. En varias estanter\u00edas se exhiben productos: bolsos, remeras, cuadros, tazas y distintas artesan\u00edas. Como las semillas de las que toma su nombre \u2013granos livianos que el viento puede llevar a grandes distancias y crean nuevos comienzos\u2013, el proyecto apoya emprendimientos para que puedan germinar y crecer.<\/p>\n<p>S\u00e1maras naci\u00f3 en 2024 y es gestionado por Vilardevoz y la Cooperativa de Docentes para una Formaci\u00f3n Integral, en convenio con el Mides. Es un espacio socioeducativo y laboral al que la mayor\u00eda de las personas llega derivada de la red de organizaciones que trabajan en salud mental. Muchas est\u00e1n en situaci\u00f3n de calle, ya sea por consumos problem\u00e1ticos o porque, tras haber estado privadas de libertad, perdieron sus redes de apoyo.<\/p>\n<p>En una mesa detr\u00e1s de un bastidor, parte del equipo de S\u00e1maras asesora a un hombre que quiere montar su propio taller de tambores. \u00abAdem\u00e1s de acompa\u00f1arlo en la construcci\u00f3n de su proyecto laboral, lo vamos a apoyar con la compra de algunos materiales. El apoyo econ\u00f3mico es fundamental y no siempre lo tienen\u00bb, explica a\u00a0<strong>Brecha<\/strong>\u00a0Mariana Ferre, coordinadora de la plataforma. El fondo de prestaci\u00f3n para emprendedores tiene un cupo para 70 personas.<\/p>\n<p>Para Mariana, una pata clave del proyecto es pensar alternativas al mercado laboral tradicional. Si bien a muchas de las personas se las acompa\u00f1a en la b\u00fasqueda de empleo, la coordinadora considera que el mercado laboral es muy hostil y a la larga, muchas veces, \u00abenferma\u00bb. Por eso creen en otras v\u00edas, como la econom\u00eda social y solidaria, que resultan m\u00e1s virtuosas para personas que est\u00e1n saliendo de una situaci\u00f3n de extrema vulnerabilidad.<\/p>\n<p>\u00abUna persona puede venir todas las semanas durante un mes y medio, luego no aparecer durante dos meses y despu\u00e9s regresar. Y nosotros siempre la recibiremos, para reconstruir y seguir construyendo. Por eso apostamos a la econom\u00eda social y solidaria. Es la forma m\u00e1s justa y disfrutable para quienes forman parte de este proyecto\u00bb, dice la coordinadora.<\/p>\n<p>Hoy la plataforma cuenta con distintos emprendimientos en marcha, entre ellos un proyecto gastron\u00f3mico y otro de elaboraci\u00f3n de cremas. A futuro, aspiran a contar con un espacio m\u00e1s amplio donde desarrollar un polo de econom\u00eda social y solidaria. \u00abUn lugar en el que los emprendedores tengan condiciones de trabajo decentes \u2013en el sentido que plantea la OIT [Organizaci\u00f3n Internacional del Trabajo], no como un juicio de valor\u2013 y donde puedan contar con su propio espacio si as\u00ed lo quieren y lo necesitan\u00bb, describe.<\/p>\n<p><strong>CON SUE\u00d1O<\/strong><\/p>\n<p>Uno de los proyectos que cont\u00f3 con el apoyo de S\u00e1maras y hoy est\u00e1 en pleno funcionamiento es la herrer\u00eda de Willy. \u00c9l vivi\u00f3 m\u00e1s de 40 a\u00f1os en Argentina, regres\u00f3 al pa\u00eds hace casi dos a\u00f1os y ahora reside en un centro 24 horas. Su taller est\u00e1 en La Casa de los Sue\u00f1os \u2013un espacio cultural en el que tambi\u00e9n participan personas en situaci\u00f3n de calle\u2013, sobre Jos\u00e9 L. Terra, frente al Mercado Agr\u00edcola. All\u00ed hay talleres de yoga, lectura, m\u00fasica, encuadernaci\u00f3n, serigraf\u00eda, danza.<\/p>\n<p>A la herrer\u00eda se llega bajando una escalera. Ah\u00ed est\u00e1 Willy junto a Emiliano y Nino, su equipo. En el centro de la sala, una cucheta de hierro espera ser entregada a uno de los refugios del Mides. Un tema recurrente entre las personas que duermen en refugios es la presencia de chinches en las camas de madera. El mismo Willy pas\u00f3 noches sin dormir por las picaduras y por eso decidi\u00f3 construir las camas de hierro. Ahora el Mides le encarg\u00f3 27.<\/p>\n<p>En Argentina, Willy dio clases de herrer\u00eda, una actividad que retom\u00f3 en La Casa de los Sue\u00f1os. El a\u00f1o pasado capacit\u00f3 a m\u00e1s de 15 personas, algunas en situaci\u00f3n de calle y otras vecinas de la zona. Hoy tres de ellas est\u00e1n trabajando en una empresa. \u00abLa idea de todos nosotros es que no solo aprendan un oficio, sino que puedan vivir de \u00e9l en el futuro, para depender cada vez menos del sistema\u00bb, explica Willy.<\/p>\n<p>Emiliano es mec\u00e1nico y hace un a\u00f1o que, por temas de consumo, termin\u00f3 en la calle. En su proceso para salir de esa situaci\u00f3n rescata el acompa\u00f1amiento que tuvo de Willy para ingresar en la herrer\u00eda: \u00abYo le dije que no sab\u00eda nada, pero el primer d\u00eda me dijo: \u201cSold\u00e1\u201d, lo hice y qued\u00e9\u00bb. Tambi\u00e9n, desde su experiencia, considera que para que un proceso de reinserci\u00f3n sea exitoso los abordajes no deber\u00edan ser generales: \u00abLograr la autonom\u00eda para cada persona es distinto; no es lo mismo para m\u00ed que para Nino, que tiene otras dificultades\u00bb.<\/p>\n<p>Hoy Emiliano integra el grupo de m\u00fasica del espacio cultural. \u00abSoy percusionista de la Banda de los Sue\u00f1os\u00bb, cuenta. Y acaba de presentar un proyecto para coordinar grupos terap\u00e9uticos. \u00abSoy operador en adicciones y estoy recontento con este proyecto y con este espacio.\u00bb Se le nota: infla el pecho y pone cara de orgullo cuando Willy dice que puede irse tranquilo del taller porque, junto con Nino, lo deja en buenas manos. \u00abEsta casa permite a las personas acercarse, por lo menos, a una primera instancia de sus sue\u00f1os.\u00bb<\/p>\n<div class=\"articulo-notice\">\n<h3>Calle cero<\/h3>\n<p lang=\"es-ES-u-co-trad\" align=\"justify\">El lunes 13 de abril, La Casa de los Sue\u00f1os lanz\u00f3 la campa\u00f1a Calle Cero, una provocaci\u00f3n po\u00e9tica que a trav\u00e9s del arte \u2013la escritura, el teatro, la m\u00fasica\u2013 busca repensar la situaci\u00f3n de calle. Ese d\u00eda, m\u00e1s de 90 personas de distintas organizaciones y colectivos concurrieron a la presentaci\u00f3n. Seg\u00fan cuenta a\u00a0<b>Brecha<\/b>\u00a0Sayi Oviedo, trabajadora social del espacio, la idea es visibilizar y empezar a nombrar lo que no se nombra: las personas que s\u00ed han logrado salir de la situaci\u00f3n de calle.\u00a0<span lang=\"ar-YE\">\u00ab<\/span>Queremos decir: che, si la gente tiene acceso a salud mental, tiene trabajo y entra a una cooperativa de vivienda, puede salir de los mal llamados\u00a0<i>refugios<\/i>, donde parece que la gente est\u00e1 escapando de una guerra<span lang=\"ar-YE\">\u00bb<\/span>, explica Sayi. Calle Cero funciona todos los lunes a las 16 horas.<\/p>\n<p>&nbsp;<\/p>\n<\/div>\n<div class=\"articulo-notice\">\n<h3>En mi pa\u00eds\u2026<\/h3>\n<p lang=\"es-ES-u-co-trad\" align=\"justify\">Esta semana, el Instituto Nacional de Estad\u00edstica present\u00f3 datos referentes a la estimaci\u00f3n de la pobreza en 2025. Seg\u00fan los resultados, la incidencia en las personas se estim\u00f3 en 16,6 por ciento, lo que implica que, de cada 1.000 personas, 166 no superan el ingreso m\u00ednimo necesario para cubrir las necesidades b\u00e1sicas alimentarias y no alimentarias. Medida por hogares, la proporci\u00f3n bajo la l\u00ednea de pobreza se ubic\u00f3 en 13,2 por ciento. La indigencia se estim\u00f3 en 1,7 por ciento para las personas y 1,3 por ciento para los hogares. De acuerdo con el an\u00e1lisis por regiones, Montevideo registra el valor m\u00e1s alto en la proporci\u00f3n de personas pobres, con 18,7 por ciento. En el interior, la incidencia fue de 15,3 por ciento. A su vez, la pobreza afecta en mayor medida a las personas m\u00e1s j\u00f3venes: alcanza 29,1 por ciento entre los ni\u00f1os menores de 6<span lang=\"ar-YE\">\u00a0a\u00f1os y es de 27,3 por ciento en el tramo de 6 a 12 a\u00f1os. En contraste, entre las personas de 65 a\u00f1os o m\u00e1s, la pobreza se ubica en 6 por ciento.<\/span><\/p>\n<\/div>\n<\/div>\n<div class=\"col-md-6 offset-md-3 entry-footer\"><span class=\"cat-links\"><a class=\"titulo-tag\">Publicado en:<\/a><a href=\"https:\/\/brecha.com.uy\/category\/edicion-2109\/\" rel=\"category tag\">Edici\u00f3n 2109<\/a><a href=\"https:\/\/brecha.com.uy\/category\/uruguay\/\" rel=\"category tag\">Uruguay<\/a><\/span><\/div>\n<\/div>\n<p style=\"text-align: left;\">\n<div class=\"pvc_clear\"><\/div>\n<p id=\"pvc_stats_4013\" class=\"pvc_stats all  \" data-element-id=\"4013\" style=\"\"><i class=\"pvc-stats-icon large\" aria-hidden=\"true\"><svg aria-hidden=\"true\" focusable=\"false\" data-prefix=\"far\" data-icon=\"chart-bar\" role=\"img\" xmlns=\"http:\/\/www.w3.org\/2000\/svg\" viewBox=\"0 0 512 512\" class=\"svg-inline--fa fa-chart-bar fa-w-16 fa-2x\"><path fill=\"currentColor\" d=\"M396.8 352h22.4c6.4 0 12.8-6.4 12.8-12.8V108.8c0-6.4-6.4-12.8-12.8-12.8h-22.4c-6.4 0-12.8 6.4-12.8 12.8v230.4c0 6.4 6.4 12.8 12.8 12.8zm-192 0h22.4c6.4 0 12.8-6.4 12.8-12.8V140.8c0-6.4-6.4-12.8-12.8-12.8h-22.4c-6.4 0-12.8 6.4-12.8 12.8v198.4c0 6.4 6.4 12.8 12.8 12.8zm96 0h22.4c6.4 0 12.8-6.4 12.8-12.8V204.8c0-6.4-6.4-12.8-12.8-12.8h-22.4c-6.4 0-12.8 6.4-12.8 12.8v134.4c0 6.4 6.4 12.8 12.8 12.8zM496 400H48V80c0-8.84-7.16-16-16-16H16C7.16 64 0 71.16 0 80v336c0 17.67 14.33 32 32 32h464c8.84 0 16-7.16 16-16v-16c0-8.84-7.16-16-16-16zm-387.2-48h22.4c6.4 0 12.8-6.4 12.8-12.8v-70.4c0-6.4-6.4-12.8-12.8-12.8h-22.4c-6.4 0-12.8 6.4-12.8 12.8v70.4c0 6.4 6.4 12.8 12.8 12.8z\" class=\"\"><\/path><\/svg><\/i> <img decoding=\"async\" width=\"16\" height=\"16\" alt=\"Loading\" src=\"https:\/\/radiovilardevoz.org\/wp-content\/plugins\/page-views-count\/ajax-loader-2x.gif\" border=0 \/><\/p>\n<div class=\"pvc_clear\"><\/div>\n","protected":false},"excerpt":{"rendered":"<p>25 de abril de 2026 Edici\u00f3n 2109 Casa, trabajo y afectos Salir de la calle Cecilia Osorio 24 abril, 2026 &#8211; Tiempo de lectura: 9 min Con la entrada del&hellip; <\/p>\n<div class=\"pvc_clear\"><\/div>\n<p id=\"pvc_stats_4013\" class=\"pvc_stats all  \" data-element-id=\"4013\" style=\"\"><i class=\"pvc-stats-icon large\" aria-hidden=\"true\"><svg aria-hidden=\"true\" focusable=\"false\" data-prefix=\"far\" data-icon=\"chart-bar\" role=\"img\" xmlns=\"http:\/\/www.w3.org\/2000\/svg\" viewBox=\"0 0 512 512\" class=\"svg-inline--fa fa-chart-bar fa-w-16 fa-2x\"><path fill=\"currentColor\" d=\"M396.8 352h22.4c6.4 0 12.8-6.4 12.8-12.8V108.8c0-6.4-6.4-12.8-12.8-12.8h-22.4c-6.4 0-12.8 6.4-12.8 12.8v230.4c0 6.4 6.4 12.8 12.8 12.8zm-192 0h22.4c6.4 0 12.8-6.4 12.8-12.8V140.8c0-6.4-6.4-12.8-12.8-12.8h-22.4c-6.4 0-12.8 6.4-12.8 12.8v198.4c0 6.4 6.4 12.8 12.8 12.8zm96 0h22.4c6.4 0 12.8-6.4 12.8-12.8V204.8c0-6.4-6.4-12.8-12.8-12.8h-22.4c-6.4 0-12.8 6.4-12.8 12.8v134.4c0 6.4 6.4 12.8 12.8 12.8zM496 400H48V80c0-8.84-7.16-16-16-16H16C7.16 64 0 71.16 0 80v336c0 17.67 14.33 32 32 32h464c8.84 0 16-7.16 16-16v-16c0-8.84-7.16-16-16-16zm-387.2-48h22.4c6.4 0 12.8-6.4 12.8-12.8v-70.4c0-6.4-6.4-12.8-12.8-12.8h-22.4c-6.4 0-12.8 6.4-12.8 12.8v70.4c0 6.4 6.4 12.8 12.8 12.8z\" class=\"\"><\/path><\/svg><\/i> <img decoding=\"async\" width=\"16\" height=\"16\" alt=\"Loading\" src=\"https:\/\/radiovilardevoz.org\/wp-content\/plugins\/page-views-count\/ajax-loader-2x.gif\" border=0 \/><\/p>\n<div class=\"pvc_clear\"><\/div>\n","protected":false},"author":7,"featured_media":4018,"comment_status":"open","ping_status":"open","sticky":false,"template":"","format":"standard","meta":{"footnotes":""},"categories":[7],"tags":[],"class_list":["post-4013","post","type-post","status-publish","format-standard","has-post-thumbnail","hentry","category-noticias-destacadas"],"_links":{"self":[{"href":"https:\/\/radiovilardevoz.org\/index.php?rest_route=\/wp\/v2\/posts\/4013","targetHints":{"allow":["GET"]}}],"collection":[{"href":"https:\/\/radiovilardevoz.org\/index.php?rest_route=\/wp\/v2\/posts"}],"about":[{"href":"https:\/\/radiovilardevoz.org\/index.php?rest_route=\/wp\/v2\/types\/post"}],"author":[{"embeddable":true,"href":"https:\/\/radiovilardevoz.org\/index.php?rest_route=\/wp\/v2\/users\/7"}],"replies":[{"embeddable":true,"href":"https:\/\/radiovilardevoz.org\/index.php?rest_route=%2Fwp%2Fv2%2Fcomments&post=4013"}],"version-history":[{"count":8,"href":"https:\/\/radiovilardevoz.org\/index.php?rest_route=\/wp\/v2\/posts\/4013\/revisions"}],"predecessor-version":[{"id":4025,"href":"https:\/\/radiovilardevoz.org\/index.php?rest_route=\/wp\/v2\/posts\/4013\/revisions\/4025"}],"wp:featuredmedia":[{"embeddable":true,"href":"https:\/\/radiovilardevoz.org\/index.php?rest_route=\/wp\/v2\/media\/4018"}],"wp:attachment":[{"href":"https:\/\/radiovilardevoz.org\/index.php?rest_route=%2Fwp%2Fv2%2Fmedia&parent=4013"}],"wp:term":[{"taxonomy":"category","embeddable":true,"href":"https:\/\/radiovilardevoz.org\/index.php?rest_route=%2Fwp%2Fv2%2Fcategories&post=4013"},{"taxonomy":"post_tag","embeddable":true,"href":"https:\/\/radiovilardevoz.org\/index.php?rest_route=%2Fwp%2Fv2%2Ftags&post=4013"}],"curies":[{"name":"wp","href":"https:\/\/api.w.org\/{rel}","templated":true}]}}