{"id":4026,"date":"2026-04-27T07:22:15","date_gmt":"2026-04-27T10:22:15","guid":{"rendered":"https:\/\/radiovilardevoz.org\/?p=4026"},"modified":"2026-04-27T07:22:15","modified_gmt":"2026-04-27T10:22:15","slug":"pelicula-habia-una-vez-la-ciudad-de-los-locos","status":"publish","type":"post","link":"https:\/\/radiovilardevoz.org\/?p=4026","title":{"rendered":"Pel\u00edcula \u00abHab\u00eda una vez la ciudad de los locos\u00bb"},"content":{"rendered":"<h6 style=\"text-align: right;\">27 de abril de 2026<\/h6>\n<hr \/>\n<div class=\"n6owBd awi2gc\" data-sfc-cp=\"\" data-sfc-root=\"c\" data-sfc-cb=\"\" data-hveid=\"CAEQAA\" data-processed=\"true\">\n<p><mark class=\"HxTRcb\" data-sfc-root=\"c\" data-sfc-cb=\"\" data-processed=\"true\"><span data-subtree=\"aimfl,mfl\" data-processed=\"true\">\u00ab<\/span><em class=\"eujQNb\" data-sfc-root=\"c\" data-sfc-cb=\"\" data-processed=\"true\">Hab\u00eda una vez la ciudad de los locos<\/em>\u00bb (<em class=\"eujQNb\" data-sfc-root=\"c\" data-sfc-cb=\"\" data-processed=\"true\">C&#8217;era una volta la citt\u00e0 dei matti&#8230;<\/em>) es una miniserie italiana de 2010 (2 episodios) que narra la labor del psiquiatra\u00a0<strong class=\"Yjhzub\" data-sfc-root=\"c\" data-sfc-cb=\"\" data-processed=\"true\"><span data-sfc-root=\"c\" data-wiz-uids=\"WECAHd_k\" data-sfc-cb=\"\" data-processed=\"true\"><a class=\"GI370e\" href=\"https:\/\/www.google.com\/search?q=Franco+Basaglia&amp;sca_esv=af48876c36cb3322&amp;sxsrf=ANbL-n4UwBpiIGxIF1fuSIghRsE5ixyLRg%3A1777283627224&amp;ei=KzLvadqzDZmfkdUPzqe70A4&amp;biw=1280&amp;bih=551&amp;ved=2ahUKEwiLpZfa4Y2UAxXsTqQEHZD7IiUQgK4QegQIARAC&amp;uact=5&amp;oq=pelicula+la+ciudad+de+los+locos+miniserie+basaglia&amp;gs_lp=Egxnd3Mtd2l6LXNlcnAiMnBlbGljdWxhIGxhIGNpdWRhZCBkZSBsb3MgbG9jb3MgbWluaXNlcmllIGJhc2FnbGlhMgUQIRigATIFECEYoAFIgVdQ-CBY3FBwAngBkAEAmAHtAqABpi2qAQQzLTE4uAEDyAEA-AEBmAIUoALrLcICChAAGEcY1gQYsAPCAg4QABjkAhjWBBiwA9gBAcICFxAuGNwGGLgGGNoGGNgCGMgDGLAD2AEBwgIFECEYnwXCAgQQIRgVmAMAiAYBkAYOugYGCAEQARgJkgcGMi4zLTE4oAeeT7IHBDMtMTi4B98twgcGMC4xOC4yyAcpgAgB&amp;sclient=gws-wiz-serp&amp;mstk=AUtExfBhY320lL23FNg3YMugGUGiSYWkiZz1A7Q_z9Ch1tbnRr8UCftX_sryNN7Sgayk-xgAxTKUFGCJt3zZm0Od7q5BMAV3W6duJOzKvfH_YqW3aP-fHk7-crdg8dVtRNbgxj__XMlIzrs9ynbRM4SjsgxsQLrsIBvy7q30hR_MvwXSU57Xtx7tNpGV1FA8cO0qwCGTiZBv9LfUIo8h_7ZmBks01u64_u4SI2XSP-kzrD2P9ScO_88DF9oCc_iuj1kxFsiRFbheccTx-BZdHJgtXlxj&amp;csui=3\" data-ved=\"2ahUKEwiLpZfa4Y2UAxXsTqQEHZD7IiUQgK4QegQIARAC\" data-hveid=\"CAEQAg\" data-processed=\"true\">Franco Basaglia<\/a><\/span><\/strong>\u00a0en los a\u00f1os 70<\/mark>. La obra retrata la transformaci\u00f3n del hospital psiqui\u00e1trico de Gorizia y la lucha por la desmanicomializaci\u00f3n y la dignidad humana de los pacientes, desembocando en la\u00a0<strong class=\"Yjhzub\" data-sfc-root=\"c\" data-sfc-cb=\"\" data-processed=\"true\">Ley 180<\/strong>.<span class=\"uJ19be notranslate\" data-sfc-root=\"c\" data-wiz-uids=\"WECAHd_n,WECAHd_o\" data-sfc-cb=\"\" data-processed=\"true\"><span class=\"vKEkVd\" data-animation-atomic=\"\" data-wiz-attrbind=\"class=WECAHd_m\/TKHnVd\" data-processed=\"true\"><span aria-hidden=\"true\" data-processed=\"true\">\u00a0<\/span><\/span><\/span><\/p>\n<\/div>\n<div class=\"n6owBd awi2gc\" data-sfc-cp=\"\" data-sfc-root=\"c\" data-sfc-cb=\"\" data-hveid=\"CAIQAA\" data-processed=\"true\"><strong class=\"Yjhzub\" data-sfc-root=\"c\" data-sfc-cb=\"\" data-processed=\"true\">Detalles claves de la pel\u00edcula:<\/strong><\/div>\n<ul class=\"KsbFXc U6u95\" data-sfc-root=\"c\" data-sfc-cb=\"\" data-processed=\"true\">\n<li class=\"Z1qcYe\" data-sfc-cp=\"\" data-sfc-root=\"c\" data-sfc-cb=\"\" data-hveid=\"CAMQAA\" data-processed=\"true\"><span class=\"T286Pc\" data-sfc-cp=\"\" data-sfc-root=\"c\" data-sfc-cb=\"\" data-processed=\"true\"><strong class=\"Yjhzub\" data-sfc-root=\"c\" data-sfc-cb=\"\" data-processed=\"true\">Contexto:<\/strong>\u00a0Basaglia cuestiona el modelo manicomial, argumentando que la instituci\u00f3n empeora al paciente, promoviendo su cierre.<\/span><\/li>\n<li class=\"Z1qcYe\" data-sfc-cp=\"\" data-sfc-root=\"c\" data-sfc-cb=\"\" data-hveid=\"CAMQAQ\" data-processed=\"true\"><span class=\"T286Pc\" data-sfc-cp=\"\" data-sfc-root=\"c\" data-sfc-cb=\"\" data-processed=\"true\"><strong class=\"Yjhzub\" data-sfc-root=\"c\" data-sfc-cb=\"\" data-processed=\"true\">Enfoque terap\u00e9utico:<\/strong>\u00a0Destacan escenas de asambleas donde se da voz a los internados, convirtiendo quejas en problemas a resolver.<\/span><\/li>\n<li class=\"Z1qcYe\" data-sfc-cp=\"\" data-sfc-root=\"c\" data-sfc-cb=\"\" data-hveid=\"CAMQAg\" data-processed=\"true\"><span class=\"T286Pc\" data-sfc-cp=\"\" data-sfc-root=\"c\" data-sfc-cb=\"\" data-processed=\"true\"><strong class=\"Yjhzub\" data-sfc-root=\"c\" data-sfc-cb=\"\" data-processed=\"true\">Direcci\u00f3n:<\/strong>\u00a0Dirigida por Marco Turco, est\u00e1 disponible en plataformas y documenta la transici\u00f3n de \u00abloco\u00bb a \u00abenfermo\u00bb con derechos.<\/span><\/li>\n<li class=\"Z1qcYe\" data-sfc-cp=\"\" data-sfc-root=\"c\" data-sfc-cb=\"\" data-hveid=\"CAMQAw\" data-processed=\"true\"><span class=\"T286Pc\" data-sfc-cp=\"\" data-sfc-root=\"c\" data-sfc-cb=\"\" data-processed=\"true\"><strong class=\"Yjhzub\" data-sfc-root=\"c\" data-sfc-cb=\"\" data-processed=\"true\">Impacto:<\/strong>\u00a0Es una referencia fundamental para entender la desinstitucionalizaci\u00f3n psiqui\u00e1trica.<\/span><span class=\"uJ19be notranslate\" data-sfc-root=\"c\" data-wiz-uids=\"WECAHd_1c,WECAHd_1d\" data-sfc-cb=\"\" data-processed=\"true\"><span class=\"vKEkVd\" data-animation-atomic=\"\" data-wiz-attrbind=\"class=WECAHd_1b\/TKHnVd\" data-processed=\"true\"><span aria-hidden=\"true\" data-processed=\"true\">\u00a0<\/span><br \/>\n<\/span><\/span><\/li>\n<\/ul>\n<div class=\"n6owBd awi2gc\" data-sfc-cp=\"\" data-sfc-root=\"c\" data-sfc-cb=\"\" data-hveid=\"CAQQAA\" data-processed=\"true\">Esta pel\u00edcula destaca la importancia de la humanizaci\u00f3n del trato y el papel de la comunidad en la salud mental.<\/div>\n<div data-sfc-cp=\"\" data-sfc-root=\"c\" data-sfc-cb=\"\" data-hveid=\"CAQQAA\" data-processed=\"true\"><\/div>\n<hr \/>\n<p><iframe class=\"video\" title=\"YouTube video player\" src=\"https:\/\/www.youtube.com\/embed\/-Y8bpKgoQZY?si=UQfALkoW1n5LCUJO\" width=\"560\" height=\"315\" frameborder=\"0\" allowfullscreen=\"allowfullscreen\"><\/iframe><\/p>\n<p><iframe class=\"video\" title=\"YouTube video player\" src=\"https:\/\/www.youtube.com\/embed\/yR0INH317jU?si=XnkdZ0Oq5SCrAT0N\" width=\"560\" height=\"315\" frameborder=\"0\" allowfullscreen=\"allowfullscreen\"><\/iframe><\/p>\n<div class=\"pvc_clear\"><\/div>\n<p id=\"pvc_stats_4026\" class=\"pvc_stats all  \" data-element-id=\"4026\" style=\"\"><i class=\"pvc-stats-icon large\" aria-hidden=\"true\"><svg aria-hidden=\"true\" focusable=\"false\" data-prefix=\"far\" data-icon=\"chart-bar\" role=\"img\" xmlns=\"http:\/\/www.w3.org\/2000\/svg\" viewBox=\"0 0 512 512\" class=\"svg-inline--fa fa-chart-bar fa-w-16 fa-2x\"><path fill=\"currentColor\" d=\"M396.8 352h22.4c6.4 0 12.8-6.4 12.8-12.8V108.8c0-6.4-6.4-12.8-12.8-12.8h-22.4c-6.4 0-12.8 6.4-12.8 12.8v230.4c0 6.4 6.4 12.8 12.8 12.8zm-192 0h22.4c6.4 0 12.8-6.4 12.8-12.8V140.8c0-6.4-6.4-12.8-12.8-12.8h-22.4c-6.4 0-12.8 6.4-12.8 12.8v198.4c0 6.4 6.4 12.8 12.8 12.8zm96 0h22.4c6.4 0 12.8-6.4 12.8-12.8V204.8c0-6.4-6.4-12.8-12.8-12.8h-22.4c-6.4 0-12.8 6.4-12.8 12.8v134.4c0 6.4 6.4 12.8 12.8 12.8zM496 400H48V80c0-8.84-7.16-16-16-16H16C7.16 64 0 71.16 0 80v336c0 17.67 14.33 32 32 32h464c8.84 0 16-7.16 16-16v-16c0-8.84-7.16-16-16-16zm-387.2-48h22.4c6.4 0 12.8-6.4 12.8-12.8v-70.4c0-6.4-6.4-12.8-12.8-12.8h-22.4c-6.4 0-12.8 6.4-12.8 12.8v70.4c0 6.4 6.4 12.8 12.8 12.8z\" class=\"\"><\/path><\/svg><\/i> <img decoding=\"async\" width=\"16\" height=\"16\" alt=\"Loading\" src=\"https:\/\/radiovilardevoz.org\/wp-content\/plugins\/page-views-count\/ajax-loader-2x.gif\" border=0 \/><\/p>\n<div class=\"pvc_clear\"><\/div>\n","protected":false},"excerpt":{"rendered":"<p>27 de abril de 2026 \u00abHab\u00eda una vez la ciudad de los locos\u00bb (C&#8217;era una volta la citt\u00e0 dei matti&#8230;) es una miniserie italiana de 2010 (2 episodios) que narra&hellip; <\/p>\n<div class=\"pvc_clear\"><\/div>\n<p id=\"pvc_stats_4026\" class=\"pvc_stats all  \" data-element-id=\"4026\" style=\"\"><i class=\"pvc-stats-icon large\" aria-hidden=\"true\"><svg aria-hidden=\"true\" focusable=\"false\" data-prefix=\"far\" data-icon=\"chart-bar\" role=\"img\" xmlns=\"http:\/\/www.w3.org\/2000\/svg\" viewBox=\"0 0 512 512\" class=\"svg-inline--fa fa-chart-bar fa-w-16 fa-2x\"><path fill=\"currentColor\" d=\"M396.8 352h22.4c6.4 0 12.8-6.4 12.8-12.8V108.8c0-6.4-6.4-12.8-12.8-12.8h-22.4c-6.4 0-12.8 6.4-12.8 12.8v230.4c0 6.4 6.4 12.8 12.8 12.8zm-192 0h22.4c6.4 0 12.8-6.4 12.8-12.8V140.8c0-6.4-6.4-12.8-12.8-12.8h-22.4c-6.4 0-12.8 6.4-12.8 12.8v198.4c0 6.4 6.4 12.8 12.8 12.8zm96 0h22.4c6.4 0 12.8-6.4 12.8-12.8V204.8c0-6.4-6.4-12.8-12.8-12.8h-22.4c-6.4 0-12.8 6.4-12.8 12.8v134.4c0 6.4 6.4 12.8 12.8 12.8zM496 400H48V80c0-8.84-7.16-16-16-16H16C7.16 64 0 71.16 0 80v336c0 17.67 14.33 32 32 32h464c8.84 0 16-7.16 16-16v-16c0-8.84-7.16-16-16-16zm-387.2-48h22.4c6.4 0 12.8-6.4 12.8-12.8v-70.4c0-6.4-6.4-12.8-12.8-12.8h-22.4c-6.4 0-12.8 6.4-12.8 12.8v70.4c0 6.4 6.4 12.8 12.8 12.8z\" class=\"\"><\/path><\/svg><\/i> <img decoding=\"async\" width=\"16\" height=\"16\" alt=\"Loading\" src=\"https:\/\/radiovilardevoz.org\/wp-content\/plugins\/page-views-count\/ajax-loader-2x.gif\" border=0 \/><\/p>\n<div class=\"pvc_clear\"><\/div>\n","protected":false},"author":7,"featured_media":4028,"comment_status":"open","ping_status":"open","sticky":false,"template":"","format":"standard","meta":{"footnotes":""},"categories":[25,7],"tags":[],"class_list":["post-4026","post","type-post","status-publish","format-standard","has-post-thumbnail","hentry","category-audiovisuales","category-noticias-destacadas"],"_links":{"self":[{"href":"https:\/\/radiovilardevoz.org\/index.php?rest_route=\/wp\/v2\/posts\/4026","targetHints":{"allow":["GET"]}}],"collection":[{"href":"https:\/\/radiovilardevoz.org\/index.php?rest_route=\/wp\/v2\/posts"}],"about":[{"href":"https:\/\/radiovilardevoz.org\/index.php?rest_route=\/wp\/v2\/types\/post"}],"author":[{"embeddable":true,"href":"https:\/\/radiovilardevoz.org\/index.php?rest_route=\/wp\/v2\/users\/7"}],"replies":[{"embeddable":true,"href":"https:\/\/radiovilardevoz.org\/index.php?rest_route=%2Fwp%2Fv2%2Fcomments&post=4026"}],"version-history":[{"count":3,"href":"https:\/\/radiovilardevoz.org\/index.php?rest_route=\/wp\/v2\/posts\/4026\/revisions"}],"predecessor-version":[{"id":4030,"href":"https:\/\/radiovilardevoz.org\/index.php?rest_route=\/wp\/v2\/posts\/4026\/revisions\/4030"}],"wp:featuredmedia":[{"embeddable":true,"href":"https:\/\/radiovilardevoz.org\/index.php?rest_route=\/wp\/v2\/media\/4028"}],"wp:attachment":[{"href":"https:\/\/radiovilardevoz.org\/index.php?rest_route=%2Fwp%2Fv2%2Fmedia&parent=4026"}],"wp:term":[{"taxonomy":"category","embeddable":true,"href":"https:\/\/radiovilardevoz.org\/index.php?rest_route=%2Fwp%2Fv2%2Fcategories&post=4026"},{"taxonomy":"post_tag","embeddable":true,"href":"https:\/\/radiovilardevoz.org\/index.php?rest_route=%2Fwp%2Fv2%2Ftags&post=4026"}],"curies":[{"name":"wp","href":"https:\/\/api.w.org\/{rel}","templated":true}]}}