{"id":4049,"date":"2026-05-02T16:08:53","date_gmt":"2026-05-02T19:08:53","guid":{"rendered":"https:\/\/radiovilardevoz.org\/?p=4049"},"modified":"2026-05-02T16:47:46","modified_gmt":"2026-05-02T19:47:46","slug":"comunicado-a-la-comunidad-amiga-de-vilardevoz","status":"publish","type":"post","link":"https:\/\/radiovilardevoz.org\/?p=4049","title":{"rendered":"Comunicado: a la comunidad amiga de Vilardevoz"},"content":{"rendered":"<h6 style=\"text-align: right;\">02 de mayo de 2026<\/h6>\n<p><strong>Comunicado en pdf: <a target=\"_blank\" href=\"https:\/\/radiovilardevoz.org\/wp-content\/uploads\/2026\/05\/a-la-comunidad-amiga-de-vilardevoz.pdf\">a la comunidad amiga de vilardevoz<\/a><\/strong><\/p>\n<p class=\"ds-markdown-paragraph\"><strong>A LA COMUNIDAD AMIGA DE VILARDEV\u00d3Z<\/strong><\/p>\n<p class=\"ds-markdown-paragraph\"><em>\u201cPor ocasionar un terremoto de \u00e1rboles de flores, por amor a las legiones de poetas descalzos, al sur de los exilios de la vida, existe la locura resiste la poes\u00eda.<br \/>\nAfuera de Cielo Firme. Maine Hermo\u201d<\/em><\/p>\n<h2>La Nave ha encallado<\/h2>\n<p class=\"ds-markdown-paragraph\">En el \u00faltimo tiempo los vientos no han sido favorables y hemos intentado diferentes maniobras para seguir navegando. Desde la Asociaci\u00f3n Civil hemos sostenido el Convenio con MIDES desde 2023, hasta donde se ha podido. Hemos sacado pr\u00e9stamos institucionales y personales, para cumplir con las obligaciones y dadas las insuficientes respuestas del Ministerio para ver c\u00f3mo seguir sin cobrar las partidas correspondientes, hemos llegado a un l\u00edmite. Es momento de parar, ver en qu\u00e9 mares estamos y reconfigurar nuestro camino.<\/p>\n<h2>En este marco comunicamos:<\/h2>\n<h3>1 \u2013 El Equipo de trabajo pasa a seguro de paro<\/h3>\n<p class=\"ds-markdown-paragraph\">En conversaciones con las 5 trabajadoras se tom\u00f3 la resoluci\u00f3n que regir\u00e1 a partir del 5 de Mayo. A medida que tengamos novedades de las partidas MIDES iremos evaluando los reintegros.<\/p>\n<h3>2 \u2013 La Nave cierra sus puertas<\/h3>\n<p class=\"ds-markdown-paragraph\">Esto significar\u00e1 que alrededor de 150 personas por semana no van a contar con acompa\u00f1amiento y seguimiento psicol\u00f3gico, espacios de desarrollo de habilidades art\u00edsticas, comunicacionales y sociolaborales, y acceso a un espacio seguro y cuidado durante las horas del d\u00eda.<\/p>\n<h3>3 \u2013 La Casa Comunitaria<\/h3>\n<p class=\"ds-markdown-paragraph\">Vamos a sostener la Casa de Vilardevoz, donde actualmente viven 10 personas. Estamos elaborando un plan de contingencia, que incluir\u00e1 demostrar los aprendizajes acumulados en este tiempo.<\/p>\n<h3>4 \u2013 Asamblea Permanente<\/h3>\n<p class=\"ds-markdown-paragraph\">Nos declaramos en Asamblea permanente. Seguiremos en tratativas para que se cumplan los convenios. Les invitamos a seguir escuchando la radio y estar atentas a nuestras redes donde difundiremos los eventos que estaremos organizando con fines de recaudar fondos.<\/p>\n<p class=\"ds-markdown-paragraph\">Sin un destino fijo pero con un rumbo claro: br\u00fajulas desmanicomializantes nos orientan en este viaje de siglos.<\/p>\n<div class=\"pvc_clear\"><\/div>\n<p id=\"pvc_stats_4049\" class=\"pvc_stats all  \" data-element-id=\"4049\" style=\"\"><i class=\"pvc-stats-icon large\" aria-hidden=\"true\"><svg aria-hidden=\"true\" focusable=\"false\" data-prefix=\"far\" data-icon=\"chart-bar\" role=\"img\" xmlns=\"http:\/\/www.w3.org\/2000\/svg\" viewBox=\"0 0 512 512\" class=\"svg-inline--fa fa-chart-bar fa-w-16 fa-2x\"><path fill=\"currentColor\" d=\"M396.8 352h22.4c6.4 0 12.8-6.4 12.8-12.8V108.8c0-6.4-6.4-12.8-12.8-12.8h-22.4c-6.4 0-12.8 6.4-12.8 12.8v230.4c0 6.4 6.4 12.8 12.8 12.8zm-192 0h22.4c6.4 0 12.8-6.4 12.8-12.8V140.8c0-6.4-6.4-12.8-12.8-12.8h-22.4c-6.4 0-12.8 6.4-12.8 12.8v198.4c0 6.4 6.4 12.8 12.8 12.8zm96 0h22.4c6.4 0 12.8-6.4 12.8-12.8V204.8c0-6.4-6.4-12.8-12.8-12.8h-22.4c-6.4 0-12.8 6.4-12.8 12.8v134.4c0 6.4 6.4 12.8 12.8 12.8zM496 400H48V80c0-8.84-7.16-16-16-16H16C7.16 64 0 71.16 0 80v336c0 17.67 14.33 32 32 32h464c8.84 0 16-7.16 16-16v-16c0-8.84-7.16-16-16-16zm-387.2-48h22.4c6.4 0 12.8-6.4 12.8-12.8v-70.4c0-6.4-6.4-12.8-12.8-12.8h-22.4c-6.4 0-12.8 6.4-12.8 12.8v70.4c0 6.4 6.4 12.8 12.8 12.8z\" class=\"\"><\/path><\/svg><\/i> <img decoding=\"async\" width=\"16\" height=\"16\" alt=\"Loading\" src=\"https:\/\/radiovilardevoz.org\/wp-content\/plugins\/page-views-count\/ajax-loader-2x.gif\" border=0 \/><\/p>\n<div class=\"pvc_clear\"><\/div>\n","protected":false},"excerpt":{"rendered":"<p>02 de mayo de 2026 Comunicado en pdf: a la comunidad amiga de vilardevoz A LA COMUNIDAD AMIGA DE VILARDEV\u00d3Z \u201cPor ocasionar un terremoto de \u00e1rboles de flores, por amor&hellip; <\/p>\n<div class=\"pvc_clear\"><\/div>\n<p id=\"pvc_stats_4049\" class=\"pvc_stats all  \" data-element-id=\"4049\" style=\"\"><i class=\"pvc-stats-icon large\" aria-hidden=\"true\"><svg aria-hidden=\"true\" focusable=\"false\" data-prefix=\"far\" data-icon=\"chart-bar\" role=\"img\" xmlns=\"http:\/\/www.w3.org\/2000\/svg\" viewBox=\"0 0 512 512\" class=\"svg-inline--fa fa-chart-bar fa-w-16 fa-2x\"><path fill=\"currentColor\" d=\"M396.8 352h22.4c6.4 0 12.8-6.4 12.8-12.8V108.8c0-6.4-6.4-12.8-12.8-12.8h-22.4c-6.4 0-12.8 6.4-12.8 12.8v230.4c0 6.4 6.4 12.8 12.8 12.8zm-192 0h22.4c6.4 0 12.8-6.4 12.8-12.8V140.8c0-6.4-6.4-12.8-12.8-12.8h-22.4c-6.4 0-12.8 6.4-12.8 12.8v198.4c0 6.4 6.4 12.8 12.8 12.8zm96 0h22.4c6.4 0 12.8-6.4 12.8-12.8V204.8c0-6.4-6.4-12.8-12.8-12.8h-22.4c-6.4 0-12.8 6.4-12.8 12.8v134.4c0 6.4 6.4 12.8 12.8 12.8zM496 400H48V80c0-8.84-7.16-16-16-16H16C7.16 64 0 71.16 0 80v336c0 17.67 14.33 32 32 32h464c8.84 0 16-7.16 16-16v-16c0-8.84-7.16-16-16-16zm-387.2-48h22.4c6.4 0 12.8-6.4 12.8-12.8v-70.4c0-6.4-6.4-12.8-12.8-12.8h-22.4c-6.4 0-12.8 6.4-12.8 12.8v70.4c0 6.4 6.4 12.8 12.8 12.8z\" class=\"\"><\/path><\/svg><\/i> <img decoding=\"async\" width=\"16\" height=\"16\" alt=\"Loading\" src=\"https:\/\/radiovilardevoz.org\/wp-content\/plugins\/page-views-count\/ajax-loader-2x.gif\" border=0 \/><\/p>\n<div class=\"pvc_clear\"><\/div>\n","protected":false},"author":7,"featured_media":4050,"comment_status":"open","ping_status":"open","sticky":false,"template":"","format":"standard","meta":{"footnotes":""},"categories":[7],"tags":[],"class_list":["post-4049","post","type-post","status-publish","format-standard","has-post-thumbnail","hentry","category-noticias-destacadas"],"_links":{"self":[{"href":"https:\/\/radiovilardevoz.org\/index.php?rest_route=\/wp\/v2\/posts\/4049","targetHints":{"allow":["GET"]}}],"collection":[{"href":"https:\/\/radiovilardevoz.org\/index.php?rest_route=\/wp\/v2\/posts"}],"about":[{"href":"https:\/\/radiovilardevoz.org\/index.php?rest_route=\/wp\/v2\/types\/post"}],"author":[{"embeddable":true,"href":"https:\/\/radiovilardevoz.org\/index.php?rest_route=\/wp\/v2\/users\/7"}],"replies":[{"embeddable":true,"href":"https:\/\/radiovilardevoz.org\/index.php?rest_route=%2Fwp%2Fv2%2Fcomments&post=4049"}],"version-history":[{"count":8,"href":"https:\/\/radiovilardevoz.org\/index.php?rest_route=\/wp\/v2\/posts\/4049\/revisions"}],"predecessor-version":[{"id":4059,"href":"https:\/\/radiovilardevoz.org\/index.php?rest_route=\/wp\/v2\/posts\/4049\/revisions\/4059"}],"wp:featuredmedia":[{"embeddable":true,"href":"https:\/\/radiovilardevoz.org\/index.php?rest_route=\/wp\/v2\/media\/4050"}],"wp:attachment":[{"href":"https:\/\/radiovilardevoz.org\/index.php?rest_route=%2Fwp%2Fv2%2Fmedia&parent=4049"}],"wp:term":[{"taxonomy":"category","embeddable":true,"href":"https:\/\/radiovilardevoz.org\/index.php?rest_route=%2Fwp%2Fv2%2Fcategories&post=4049"},{"taxonomy":"post_tag","embeddable":true,"href":"https:\/\/radiovilardevoz.org\/index.php?rest_route=%2Fwp%2Fv2%2Ftags&post=4049"}],"curies":[{"name":"wp","href":"https:\/\/api.w.org\/{rel}","templated":true}]}}