{"id":4446,"date":"2026-08-30T12:20:18","date_gmt":"2026-08-30T15:20:18","guid":{"rendered":"https:\/\/radiovilardevoz.org\/?p=4446"},"modified":"2026-08-30T12:21:06","modified_gmt":"2026-08-30T15:21:06","slug":"reconocimiento-a-vilardevoz","status":"publish","type":"post","link":"https:\/\/radiovilardevoz.org\/?p=4446","title":{"rendered":"Reconocimiento a Vilardevoz"},"content":{"rendered":"<h6 style=\"text-align: right;\">30 de agosto de 2026<\/h6>\n<h4 style=\"text-align: center;\">H\u00e9roes Contempor\u00e1neos del Bicentenario<\/h4>\n<div class=\"centrar\">\n<div style=\"width: 640px;\" class=\"wp-video\"><video class=\"video\" id=\"video-4446-1\" width=\"640\" height=\"360\" preload=\"metadata\" controls=\"controls\"><source type=\"video\/mp4\" src=\"https:\/\/radiovilardevoz.org\/wp-content\/uploads\/2026\/08\/heroes-del-bicentenario.mp4?_=1\" \/><a href=\"https:\/\/radiovilardevoz.org\/wp-content\/uploads\/2026\/08\/heroes-del-bicentenario.mp4\">https:\/\/radiovilardevoz.org\/wp-content\/uploads\/2026\/08\/heroes-del-bicentenario.mp4<\/a><\/video><\/div>\n<\/div>\n<p>Estamos loc@s de content@s! El pr\u00f3ximo jueves 3 de setiembre recibiremos la distinci\u00f3n de\u00a0<a class=\"x1i10hfl xjbqb8w x1ejq31n x18oe1m7 x1sy0etr xstzfhl x972fbf x10w94by x1qhh985 x14e42zd x9f619 x1ypdohk xt0psk2 x3ct3a4 xdj266r x14z9mp xat24cr x1lziwak xexx8yu xyri2b x18d9i69 x1c1uobl x16tdsg8 x1hl2dhg xggy1nq x1a2a7pz _aa9_ _a6hd\" tabindex=\"0\" role=\"link\" href=\"https:\/\/www.instagram.com\/explore\/tags\/hero%C3%A9scontempor%C3%A1neosdelbicentenario\/\" target=\"_blank\" rel=\"noopener\">#hero\u00e9scontempor\u00e1neosdelbicentenario<\/a>\u00a0que nos otorga el\u00a0<a tabindex=\"0\" role=\"link\" href=\"https:\/\/www.instagram.com\/parlamentouy\/\" target=\"_blank class=\">@parlamentouy<\/a><\/p>\n<p>Ser \u00abH\u00e9roe Contempor\u00e1neo del Bicentenario\u00bb es un reconocimiento que rescata el hero\u00edsmo cotidiano, ese que no hace ruido pero transforma realidades. El programa distingue a personas e instituciones que, desde la educaci\u00f3n, la salud, la cultura o la solidaridad, son ejemplos vivos de compromiso con el Uruguay de hoy. Su labor, sostenida y generosa, marca una diferencia real en la vida de las comunidades y en la construcci\u00f3n de un pa\u00eds m\u00e1s justo.<\/p>\n","protected":false},"excerpt":{"rendered":"<p>30 de agosto de 2026 H\u00e9roes Contempor\u00e1neos del Bicentenario Estamos loc@s de content@s! El pr\u00f3ximo jueves 3 de setiembre recibiremos la distinci\u00f3n de\u00a0#hero\u00e9scontempor\u00e1neosdelbicentenario\u00a0que nos otorga el\u00a0@parlamentouy Ser \u00abH\u00e9roe Contempor\u00e1neo del&hellip; <\/p>\n","protected":false},"author":7,"featured_media":4456,"comment_status":"open","ping_status":"open","sticky":false,"template":"","format":"standard","meta":{"footnotes":""},"categories":[7],"tags":[],"class_list":["post-4446","post","type-post","status-publish","format-standard","has-post-thumbnail","hentry","category-noticias-destacadas"],"_links":{"self":[{"href":"https:\/\/radiovilardevoz.org\/index.php?rest_route=\/wp\/v2\/posts\/4446","targetHints":{"allow":["GET"]}}],"collection":[{"href":"https:\/\/radiovilardevoz.org\/index.php?rest_route=\/wp\/v2\/posts"}],"about":[{"href":"https:\/\/radiovilardevoz.org\/index.php?rest_route=\/wp\/v2\/types\/post"}],"author":[{"embeddable":true,"href":"https:\/\/radiovilardevoz.org\/index.php?rest_route=\/wp\/v2\/users\/7"}],"replies":[{"embeddable":true,"href":"https:\/\/radiovilardevoz.org\/index.php?rest_route=%2Fwp%2Fv2%2Fcomments&post=4446"}],"version-history":[{"count":8,"href":"https:\/\/radiovilardevoz.org\/index.php?rest_route=\/wp\/v2\/posts\/4446\/revisions"}],"predecessor-version":[{"id":4455,"href":"https:\/\/radiovilardevoz.org\/index.php?rest_route=\/wp\/v2\/posts\/4446\/revisions\/4455"}],"wp:featuredmedia":[{"embeddable":true,"href":"https:\/\/radiovilardevoz.org\/index.php?rest_route=\/wp\/v2\/media\/4456"}],"wp:attachment":[{"href":"https:\/\/radiovilardevoz.org\/index.php?rest_route=%2Fwp%2Fv2%2Fmedia&parent=4446"}],"wp:term":[{"taxonomy":"category","embeddable":true,"href":"https:\/\/radiovilardevoz.org\/index.php?rest_route=%2Fwp%2Fv2%2Fcategories&post=4446"},{"taxonomy":"post_tag","embeddable":true,"href":"https:\/\/radiovilardevoz.org\/index.php?rest_route=%2Fwp%2Fv2%2Ftags&post=4446"}],"curies":[{"name":"wp","href":"https:\/\/api.w.org\/{rel}","templated":true}]}}