{"id":4457,"date":"2026-08-31T18:49:03","date_gmt":"2026-08-31T21:49:03","guid":{"rendered":"https:\/\/radiovilardevoz.org\/?p=4457"},"modified":"2026-08-31T18:51:21","modified_gmt":"2026-08-31T21:51:21","slug":"ley-de-salud-mental-borrar-oraciones-es-asunto-grave","status":"publish","type":"post","link":"https:\/\/radiovilardevoz.org\/?p=4457","title":{"rendered":"Ley de Salud Mental: borrar oraciones es asunto grave"},"content":{"rendered":"<h6 style=\"text-align: right;\">27 de agosto de 2026<\/h6>\n<p><img decoding=\"async\" class=\"alignnone size-full wp-image-4459 aligncenter\" src=\"https:\/\/radiovilardevoz.org\/wp-content\/uploads\/2026\/08\/Captura-de-pantalla-2026-08-31-184655.png\" alt=\"\" width=\"288\" height=\"87\" srcset=\"https:\/\/radiovilardevoz.org\/wp-content\/uploads\/2026\/08\/Captura-de-pantalla-2026-08-31-184655.png 288w, https:\/\/radiovilardevoz.org\/wp-content\/uploads\/2026\/08\/Captura-de-pantalla-2026-08-31-184655-280x85.png 280w\" sizes=\"(max-width: 288px) 100vw, 288px\" \/><\/p>\n<p class=\"ds-markdown-paragraph\"><strong><span class=\"\">T\u00edtulo:<\/span><\/strong><span class=\"\">\u00a0Ley de Salud Mental: borrar oraciones es asunto grave<\/span><br \/>\n<strong><span class=\"\">Autores:<\/span><\/strong><span class=\"\"> Cecilia Baroni, Dulcinea Cardozo, Joaqu\u00edn Amorena y Ricardo Larra\u00f1aga<\/span><br \/>\n<strong><span class=\"\">Fecha:<\/span><\/strong><span class=\"\"> 27 de agosto de 2026<\/span><\/p>\n<hr \/>\n<h3><span class=\"\">P\u00e1gina 1<\/span><\/h3>\n<p class=\"ds-markdown-paragraph\"><span class=\"\">La Ley de Salud Mental (Ley 19.529) fue impulsada por un movimiento social amplio y diverso que, para dar una idea de su dimensi\u00f3n, nucle\u00f3 a m\u00e1s de 64 organizaciones en la Comisi\u00f3n Nacional por una Ley de Salud Mental. En 2017, luego de muchas discusiones, se logr\u00f3 su aprobaci\u00f3n por unanimidad, m\u00e1s all\u00e1 de que fue aprobada sin financiamiento para comenzar su implementaci\u00f3n. El desaf\u00edo era enorme y una de las primeras medidas fue reglamentar el art\u00edculo 38 (Decreto 226\/018), que prohibi\u00f3 nuevas internaciones en establecimientos asilares y monovalentes, como por ejemplo en Ceremos (excolonias Etchepare y Sant\u00edn Carlos Rossi). Dicha disposici\u00f3n, a su vez, permiti\u00f3 avanzar en la externaci\u00f3n de personas que se encontraban internadas. Si tomamos en cuenta las personas que murieron en ese per\u00edodo (muchas con m\u00e1s de 20 a\u00f1os de \u201cinternaci\u00f3n\u201d), se puede decir que se disminuy\u00f3 de 900 a 480 personas internadas hacia febrero de 2026.<\/span><\/p>\n<p class=\"ds-markdown-paragraph\"><span class=\"\">En marzo de este a\u00f1o, la Instituci\u00f3n Nacional de Derechos Humanos y Defensor\u00eda del Pueblo advirti\u00f3 que en el marco de la aprobaci\u00f3n de la Ley de Presupuesto \u2013que modific\u00f3 de 2025 a 2029 el plazo establecido para el cierre de las estructuras asilares y monovalentes\u2013 se elimin\u00f3 del art\u00edculo 38 la siguiente frase:\u00a0<\/span><em><span class=\"\">\u201cQueda igualmente prohibida, a partir de la vigencia de la presente ley, la internaci\u00f3n de personas en los establecimientos asilares existentes\u201d<\/span><\/em><span class=\"\">. Esto, que puede parecer simplemente la eliminaci\u00f3n de una frase (de la que hasta el momento nadie se hizo cargo ni asumi\u00f3 la responsabilidad), tiene la intencionalidad de volver a internar personas en las excolonias. S\u00ed, volver a internar gente en el lugar donde, en 2015, muri\u00f3 Carlos Grecco, atacado por una jaur\u00eda de perros.<\/span><\/p>\n<p class=\"ds-markdown-paragraph\"><span class=\"\">La Comisi\u00f3n Nacional por la Plena Implementaci\u00f3n de la Ley de Salud Mental (integrada por m\u00e1s de veinte organizaciones), la Sociedad de Psiquiatr\u00eda, la Coordinadora de Psic\u00f3logos del Uruguay, el Sindicato de Psic\u00f3logos y Psic\u00f3logas del Uruguay, la Federaci\u00f3n Caminantes (Familiares por Salud Mental), la Facultad de Psicolog\u00eda (Udela r), entre otros, se pronunciaron sobre la gravedad, no solo del hecho en s\u00ed y lo que implica, en este caso, \u201cborrar una frase\u201d, sino tambi\u00e9n sobre la forma en que fue realizado.<\/span><\/p>\n<p class=\"ds-markdown-paragraph\"><span class=\"\">Borrar, eliminar, desaparecer. En el campo de la salud mental, borrar tambi\u00e9n puede ser le\u00eddo como olvidar. Olvidar un acuerdo, olvidar \u2013e ignorar\u2013 la evidencia del da\u00f1o que genera el aislamiento prolongado, olvidar personas en un lugar. Borrarlas no solo de su comunidad, sino tambi\u00e9n de la oportunidad de tener una vida digna.<\/span><\/p>\n<p class=\"ds-markdown-paragraph\"><span class=\"\">Desde marzo hasta ahora se llevaron adelante varias acciones para revertir esta situaci\u00f3n y restituir la prohibici\u00f3n de internaciones, mientras algunas personas comenzaron a ser trasladadas a Ceremos y recibidas bajo la categor\u00eda de \u201cpaciente social\u201d. Extra\u00f1a manera de denominar a las personas que no cuentan con una vivienda ni redes que las sostengan. Creemos que no es aceptable usar pabellones de las excolonias como si fuera una alternativa de vivienda, por m\u00e1s que se las piense como propuestas \u201ctransitorias\u201d. Esto es un retroceso en los derechos, ya que el ingreso de persona a \u201cpabellones\u201d atenta&#8230;<\/span><\/p>\n<hr \/>\n<h3><span class=\"\">P\u00e1gina 2<\/span><\/h3>\n<p class=\"ds-markdown-paragraph\"><span class=\"\">&#8230;gravemente contra el acuerdo de cerrar las instituciones monovalentes y asilares, donde se vulnera la integridad y la dignidad de las personas.<\/span><\/p>\n<p class=\"ds-markdown-paragraph\"><span class=\"\">Desde hace d\u00e9cadas se ha demostrado que el encierro no cura; por el contrario, cronifica aquello que en comunidad se puede recomponer. A partir de la d\u00e9cada de 1970 comenz\u00f3 a cuestionarse y desmontarse el paradigma manicomial, dando lugar a otras formas de abordar la salud mental, sustentadas en una perspectiva de derechos humanos, de salud comunitaria y de reconocimiento y aceptaci\u00f3n de las diferencias. No es menor recordar que en la d\u00e9cada de 1990, nuestro pa\u00eds suscribi\u00f3 la Declaraci\u00f3n de Caracas, impulsada por la Organizaci\u00f3n Panamericana de la Salud, que plante\u00f3 una transformaci\u00f3n profunda del modelo de atenci\u00f3n en salud mental. Entre sus principales lineamientos se destacan:<\/span><\/p>\n<ul>\n<li>\n<p class=\"ds-markdown-paragraph\"><strong><span class=\"\">Apertura comunitaria:<\/span><\/strong><span class=\"\">\u00a0trasladar el centro de la atenci\u00f3n desde los grandes hospitales psiqui\u00e1tricos hacia la comunidad.<\/span><\/p>\n<\/li>\n<li>\n<p class=\"ds-markdown-paragraph\"><strong><span class=\"\">Derechos humanos:<\/span><\/strong><span class=\"\">\u00a0garantizar y proteger los derechos civiles y sociales de las personas con problemas de salud mental.<\/span><\/p>\n<\/li>\n<li>\n<p class=\"ds-markdown-paragraph\"><strong><span class=\"\">Atenci\u00f3n primaria:<\/span><\/strong><span class=\"\">\u00a0integrar la salud mental a los sistemas locales de salud y a la atenci\u00f3n m\u00e9dica general.<\/span><\/p>\n<\/li>\n<li>\n<p class=\"ds-markdown-paragraph\"><strong><span class=\"\">Inclusi\u00f3n social:<\/span><\/strong><span class=\"\">\u00a0promover la vida digna de las personas en sus entornos familiares, sociales y laborales.<\/span><\/p>\n<\/li>\n<\/ul>\n<p class=\"ds-markdown-paragraph\"><span class=\"\">Cerrar los manicomios es una parte fundamental del acuerdo en torno a la construcci\u00f3n de un modelo integral de salud mental, en el que la internaci\u00f3n sea el \u00faltimo recurso y los hospitales no sean un lugar para vivir \u2013ni para morir\u2013. El encierro no genera posibilidades de una vida digna en ninguna circunstancia. Y todas y todos tenemos derecho a una vida digna garantizando que ninguna persona pierda el derecho a vivir en comunidad bajo la amenaza de los estigmas sociales que pesan sobre las personas con padecimientos mentales.<\/span><\/p>\n<p class=\"ds-markdown-paragraph\"><span class=\"\">Si bien la semana pasada se aprob\u00f3 en la C\u00e1mara de Senadores un proyecto de ley que restituye la prohibici\u00f3n de la internaci\u00f3n en hospitales asilares y monovalentes, desde la Comisi\u00f3n por la Plena Implementaci\u00f3n de la Ley de Salud Mental seguiremos el tr\u00e1mite parlamentario hasta verificar que definitivamente se restituya el art\u00edculo en la C\u00e1mara de Diputados. Lo ocurrido en el Parlamento nos recuerda que los avances logrados no est\u00e1n garantizados de una vez y para siempre. Este intento de borrar una disposici\u00f3n de la ley nos obliga a estar m\u00e1s atentas\/os, a sostener una vigilancia activa y colectiva que permita mantener lo alcanzado. Por eso, la restituci\u00f3n del art\u00edculo 38 es la reafirmaci\u00f3n de un compromiso de Estado con un modelo de salud mental basado en los derechos humanos, en la vida en comunidad y en la dignidad de las personas.<\/span><\/p>\n<p class=\"ds-markdown-paragraph\"><span class=\"\">Para dialogar e imaginar c\u00f3mo realizar lo que establece la ley es que invitamos a la actividad\u00a0<\/span><strong><span class=\"\">\u201cAgenda de la Plena por el cierre de los manicomios en 2029\u201d<\/span><\/strong><span class=\"\">, que se realizar\u00e1 el\u00a0<\/span><strong><span class=\"\">9 de septiembre, a las 18.30 en Espacio Colabora<\/span><\/strong><span class=\"\">.<\/span><\/p>\n<p class=\"ds-markdown-paragraph\"><strong><span class=\"\">Cecilia Baroni, Ricardo Larra\u00f1aga, Dulcinea Cardozo y Joaqu\u00edn Amorena<\/span><\/strong><span class=\"\">\u00a0son integrantes de la Comisi\u00f3n Nacional por la Plena Implementaci\u00f3n de la Ley de Salud Mental.<\/span><\/p>\n<hr \/>\n<p class=\"ds-markdown-paragraph\"><strong><span class=\"\">Temas del art\u00edculo:<\/span><\/strong><span class=\"\">\u00a0Salud mental, Ley de salud mental<\/span><\/p>\n","protected":false},"excerpt":{"rendered":"<p>27 de agosto de 2026 T\u00edtulo:\u00a0Ley de Salud Mental: borrar oraciones es asunto grave Autores: Cecilia Baroni, Dulcinea Cardozo, Joaqu\u00edn Amorena y Ricardo Larra\u00f1aga Fecha: 27 de agosto de 2026&hellip; <\/p>\n","protected":false},"author":7,"featured_media":4460,"comment_status":"open","ping_status":"open","sticky":false,"template":"","format":"standard","meta":{"footnotes":""},"categories":[13,7],"tags":[],"class_list":["post-4457","post","type-post","status-publish","format-standard","has-post-thumbnail","hentry","category-ddhh-y-salud-mental","category-noticias-destacadas"],"_links":{"self":[{"href":"https:\/\/radiovilardevoz.org\/index.php?rest_route=\/wp\/v2\/posts\/4457","targetHints":{"allow":["GET"]}}],"collection":[{"href":"https:\/\/radiovilardevoz.org\/index.php?rest_route=\/wp\/v2\/posts"}],"about":[{"href":"https:\/\/radiovilardevoz.org\/index.php?rest_route=\/wp\/v2\/types\/post"}],"author":[{"embeddable":true,"href":"https:\/\/radiovilardevoz.org\/index.php?rest_route=\/wp\/v2\/users\/7"}],"replies":[{"embeddable":true,"href":"https:\/\/radiovilardevoz.org\/index.php?rest_route=%2Fwp%2Fv2%2Fcomments&post=4457"}],"version-history":[{"count":3,"href":"https:\/\/radiovilardevoz.org\/index.php?rest_route=\/wp\/v2\/posts\/4457\/revisions"}],"predecessor-version":[{"id":4462,"href":"https:\/\/radiovilardevoz.org\/index.php?rest_route=\/wp\/v2\/posts\/4457\/revisions\/4462"}],"wp:featuredmedia":[{"embeddable":true,"href":"https:\/\/radiovilardevoz.org\/index.php?rest_route=\/wp\/v2\/media\/4460"}],"wp:attachment":[{"href":"https:\/\/radiovilardevoz.org\/index.php?rest_route=%2Fwp%2Fv2%2Fmedia&parent=4457"}],"wp:term":[{"taxonomy":"category","embeddable":true,"href":"https:\/\/radiovilardevoz.org\/index.php?rest_route=%2Fwp%2Fv2%2Fcategories&post=4457"},{"taxonomy":"post_tag","embeddable":true,"href":"https:\/\/radiovilardevoz.org\/index.php?rest_route=%2Fwp%2Fv2%2Ftags&post=4457"}],"curies":[{"name":"wp","href":"https:\/\/api.w.org\/{rel}","templated":true}]}}