{"id":4537,"date":"2026-09-04T22:48:17","date_gmt":"2026-09-05T01:48:17","guid":{"rendered":"https:\/\/radiovilardevoz.org\/?p=4537"},"modified":"2026-09-04T23:07:05","modified_gmt":"2026-09-05T02:07:05","slug":"vilardevoz-entrega-de-premio-heroes-contemporaneos","status":"publish","type":"post","link":"https:\/\/radiovilardevoz.org\/?p=4537","title":{"rendered":"Vilardevoz, entrega de premio &#8211; H\u00e9roes Contempor\u00e1neos"},"content":{"rendered":"<h6 style=\"text-align: right;\">03 de setiembre de 2026<\/h6>\n<div class=\"ds-virtual-list-items _6f2c522\">\n<div class=\"ds-virtual-list-visible-items\">\n<div class=\"_4f9bf79 d7dc56a8 _43c05b5\" data-virtual-list-item-key=\"2\">\n<div class=\"ds-message _63c77b1\">\n<div class=\"ds-markdown ds-assistant-message-main-content\">\n<p><iframe class=\"video\" title=\"YouTube video player\" src=\"https:\/\/www.youtube.com\/embed\/n4uIWHIg4og?si=dNrv9sz8xNdPAo4W\" width=\"560\" height=\"315\" frameborder=\"0\" allowfullscreen=\"allowfullscreen\"><\/iframe><\/p>\n<p>&nbsp;<\/p>\n<p class=\"ds-markdown-paragraph\"><strong><span class=\"\">Montevideo, 3 de setiembre de 2026<\/span><\/strong><\/p>\n<p class=\"ds-markdown-paragraph\"><span class=\"\">Hola buenas tardes, una locura hermosa estar ac\u00e1. Somos Alba y Mauricio y vamos a hablar en representaci\u00f3n de los h\u00e9roes y las hero\u00ednas que integran el colectivo Vilardevoz, hacedores y hacedoras del movimiento antimanicomial en Uruguay.<\/span><\/p>\n<p class=\"ds-markdown-paragraph\"><strong><span class=\"\">Queremos agradecer a los organizadores porque a trav\u00e9s de este reconocimiento tambi\u00e9n se visibiliza nuestra lucha social por una vida digna para las personas que nos encontramos en el entrecruce de pobreza, locura y calle.<\/span><\/strong><span class=\"\">\u00a0Tambi\u00e9n, queremos agradecer a las otras organizaciones presentes y no queremos dejar de nombrar a muchos colectivos heroicos que hoy no est\u00e1n ac\u00e1 pero caminamos juntos d\u00eda a d\u00eda.<\/span><\/p>\n<p class=\"ds-markdown-paragraph\"><strong><span class=\"\">Radio Vilardevoz, desde hace 29 a\u00f1os, lucha por combatir los estigmas generando procesos desde una locura digna; una locura que pueda encontrar su voz; una locura que pueda construir, integrar y participar en cada rinc\u00f3n de la sociedad.<\/span><\/strong><br \/>\n<strong><span class=\"\">Una locura que no se encierre en manicomios ni en ning\u00fan otro lugar y que logra estar y ser parte de la comunidad, de la cual nunca nos tendr\u00edan que haber alejado.<\/span><\/strong><\/p>\n<p class=\"ds-markdown-paragraph\"><strong><span class=\"\">Hoy Radio Vilardevoz es m\u00e1s que una radio: somos parte de un movimiento social que lucha por derechos humanos, desmanicomializaci\u00f3n y vida digna<\/span><\/strong><span class=\"\">, gestionamos una casa comunitaria para 10 personas que esperamos sea modelo para seguir abriendo dispositivos sustitutivos al manicomio. Tambi\u00e9n abrimos un espacio cultural y sociolaboral desde donde demostramos que es posible desmanicomializar y acompa\u00f1ar la vida cotidiana de muchas personas.<\/span><\/p>\n<p class=\"ds-markdown-paragraph\"><strong><span class=\"\">Gracias a este reconocimiento anduvimos pensando por qu\u00e9 nos los daban. Y s\u00ed, somos un colectivo heroico y loco, que, colectivamente en todos estos a\u00f1os de militancia, a veces con miedo pero sin perder la valent\u00eda, hemos denunciado injusticias y tratos inhumanos, hemos creado sin apoyos econ\u00f3micos espacios de convivencia que a veces son los oasis ante las hostilidades del mundo.<\/span><\/strong><span class=\"\">\u00a0Radio Vilardevoz ha logrado en estos a\u00f1os transformar multitudes a trav\u00e9s de su trabajo constante, con otros y desde una hermosa y genuina solidaridad.<\/span><br \/>\n<span class=\"\">Por eso hoy celebramos un reconocimiento que es de todos y todas.<\/span><\/p>\n<p class=\"ds-markdown-paragraph\"><strong><span class=\"\">Sabemos que nuestra lucha sigue, porque la salud mental no puede seguir encerrada ni en manicomios ni en diagn\u00f3sticos que muchas veces son el mayor encierro si solo giramos en torno a ello y no vemos que la vida es mucho m\u00e1s que un diagn\u00f3stico.<\/span><\/strong><span class=\"\">\u00a0<\/span><strong><span class=\"\">Somos personas con los mismos derechos que todos y todas. No somos peligrosos y ser loca o loco ya no deber\u00eda ser una condena ni generar tantos estigmas, eso es de otra \u00e9poca cuando se trataba a las personas con padecimientos como si hubieran cometido un delito.<\/span><\/strong><\/p>\n<p class=\"ds-markdown-paragraph\"><strong><span class=\"\">Esta no es la primera vez que estamos en el Parlamento: somos reincidentes y resistentes.<\/span><\/strong><br \/>\n<strong><span class=\"\">En el 2007, impulsamos y celebramos la aprobaci\u00f3n de la ley de radio difusi\u00f3n comunitaria, que nos permiti\u00f3 realizar la primera haza\u00f1a colectiva: ponerle antena al Hospital y transmitir nuestras voces y colaborar desde all\u00ed a que un sinf\u00edn de voces silenciadas comenzaran a hacerse sentir para, entre otras cosas, no ser hablados por otros.<\/span><\/strong><br \/>\n<strong><span class=\"\">En el 2017, gracias al movimiento social del que somos parte, vinimos el d\u00eda que se aprob\u00f3 la Ley de salud mental.<\/span><\/strong><span class=\"\">\u00a0A\u00fan en las discrepancias, festejamos la ley 19.529 de Salud Mental la cual agradecemos que se siga difundiendo y\u00a0<\/span><strong><span class=\"\">nos preocupa la lentitud en su implementaci\u00f3n y que a\u00fan con Ley se sigan violando los derechos de muchas personas. No queremos m\u00e1s colonias ni manicomios, ni p\u00fablicos ni privados: tampoco no queremos m\u00e1s silencio de parte de las autoridades cada vez que hay una tragedia en los mismos.<\/span><\/strong><\/p>\n<p class=\"ds-markdown-paragraph\"><strong><span class=\"\">Recibimos este reconocimiento que nos otorga el Parlamento como h\u00e9roes y hero\u00ednas de la construcci\u00f3n de nuestro pa\u00eds. Un pa\u00eds donde la libertad sea para todxs por igual y donde no seamos tratados como ciudadanos de segunda categor\u00eda.<\/span><\/strong><br \/>\n<strong><span class=\"\">Seguiremos navegando y con nuestra onda de radio prendida seguiremos desembarcando hasta el cierre de los manicomios.<\/span><\/strong><br \/>\n<span class=\"\">Hoy brindamos por Vilardevoz, por cada micr\u00f3fono abierto, por cada palabra que rompe muros y porque demostramos que comunicarnos mejora la salud mental.<\/span><br \/>\n<strong><span class=\"\">Hacer una radio comunitaria y loca no solo es contribuir a la democracia y construir ciudadan\u00eda, es tambi\u00e9n estar en la ciudad y defender la locura con orgullo.<\/span><\/strong><\/p>\n<p class=\"ds-markdown-paragraph\"><span class=\"\">Muchas gracias a todos y todas!<\/span><br \/>\n<span class=\"\">Qu\u00e9 locura que lo cura!<\/span><\/p>\n<\/div>\n<\/div>\n<div class=\"ds-flex _0a3d93b\">\n<div class=\"ds-flex _965abe9 _54866f7\"><\/div>\n<div><\/div>\n<\/div>\n<\/div>\n<\/div>\n<\/div>\n<div class=\"flex-container\">\n<p><img fetchpriority=\"high\" decoding=\"async\" class=\"alignnone size-medium wp-image-4477\" src=\"https:\/\/radiovilardevoz.org\/wp-content\/uploads\/2026\/09\/WhatsApp-Image-2026-09-04-at-09.25.22-300x225.jpeg\" alt=\"\" width=\"300\" height=\"225\" srcset=\"https:\/\/radiovilardevoz.org\/wp-content\/uploads\/2026\/09\/WhatsApp-Image-2026-09-04-at-09.25.22-300x225.jpeg 300w, https:\/\/radiovilardevoz.org\/wp-content\/uploads\/2026\/09\/WhatsApp-Image-2026-09-04-at-09.25.22-1024x768.jpeg 1024w, https:\/\/radiovilardevoz.org\/wp-content\/uploads\/2026\/09\/WhatsApp-Image-2026-09-04-at-09.25.22-768x576.jpeg 768w, https:\/\/radiovilardevoz.org\/wp-content\/uploads\/2026\/09\/WhatsApp-Image-2026-09-04-at-09.25.22-1536x1152.jpeg 1536w, https:\/\/radiovilardevoz.org\/wp-content\/uploads\/2026\/09\/WhatsApp-Image-2026-09-04-at-09.25.22-600x450.jpeg 600w, https:\/\/radiovilardevoz.org\/wp-content\/uploads\/2026\/09\/WhatsApp-Image-2026-09-04-at-09.25.22-213x160.jpeg 213w, https:\/\/radiovilardevoz.org\/wp-content\/uploads\/2026\/09\/WhatsApp-Image-2026-09-04-at-09.25.22.jpeg 1600w\" sizes=\"(max-width: 300px) 100vw, 300px\" \/><\/p>\n<p><img decoding=\"async\" class=\"alignnone size-medium wp-image-4467\" src=\"https:\/\/radiovilardevoz.org\/wp-content\/uploads\/2026\/09\/WhatsApp-Image-2026-09-04-at-09.25.25-2-300x225.jpeg\" alt=\"\" width=\"300\" height=\"225\" srcset=\"https:\/\/radiovilardevoz.org\/wp-content\/uploads\/2026\/09\/WhatsApp-Image-2026-09-04-at-09.25.25-2-300x225.jpeg 300w, https:\/\/radiovilardevoz.org\/wp-content\/uploads\/2026\/09\/WhatsApp-Image-2026-09-04-at-09.25.25-2-1024x768.jpeg 1024w, https:\/\/radiovilardevoz.org\/wp-content\/uploads\/2026\/09\/WhatsApp-Image-2026-09-04-at-09.25.25-2-768x576.jpeg 768w, https:\/\/radiovilardevoz.org\/wp-content\/uploads\/2026\/09\/WhatsApp-Image-2026-09-04-at-09.25.25-2-1536x1152.jpeg 1536w, https:\/\/radiovilardevoz.org\/wp-content\/uploads\/2026\/09\/WhatsApp-Image-2026-09-04-at-09.25.25-2-600x450.jpeg 600w, https:\/\/radiovilardevoz.org\/wp-content\/uploads\/2026\/09\/WhatsApp-Image-2026-09-04-at-09.25.25-2-213x160.jpeg 213w, https:\/\/radiovilardevoz.org\/wp-content\/uploads\/2026\/09\/WhatsApp-Image-2026-09-04-at-09.25.25-2.jpeg 1600w\" sizes=\"(max-width: 300px) 100vw, 300px\" \/><\/p>\n<p><img decoding=\"async\" class=\"alignnone size-medium wp-image-4466\" src=\"https:\/\/radiovilardevoz.org\/wp-content\/uploads\/2026\/09\/WhatsApp-Image-2026-09-04-at-09.25.25-3-300x225.jpeg\" alt=\"\" width=\"300\" height=\"225\" srcset=\"https:\/\/radiovilardevoz.org\/wp-content\/uploads\/2026\/09\/WhatsApp-Image-2026-09-04-at-09.25.25-3-300x225.jpeg 300w, https:\/\/radiovilardevoz.org\/wp-content\/uploads\/2026\/09\/WhatsApp-Image-2026-09-04-at-09.25.25-3-1024x768.jpeg 1024w, https:\/\/radiovilardevoz.org\/wp-content\/uploads\/2026\/09\/WhatsApp-Image-2026-09-04-at-09.25.25-3-768x576.jpeg 768w, https:\/\/radiovilardevoz.org\/wp-content\/uploads\/2026\/09\/WhatsApp-Image-2026-09-04-at-09.25.25-3-1536x1152.jpeg 1536w, https:\/\/radiovilardevoz.org\/wp-content\/uploads\/2026\/09\/WhatsApp-Image-2026-09-04-at-09.25.25-3-600x450.jpeg 600w, https:\/\/radiovilardevoz.org\/wp-content\/uploads\/2026\/09\/WhatsApp-Image-2026-09-04-at-09.25.25-3-213x160.jpeg 213w, https:\/\/radiovilardevoz.org\/wp-content\/uploads\/2026\/09\/WhatsApp-Image-2026-09-04-at-09.25.25-3.jpeg 1600w\" sizes=\"(max-width: 300px) 100vw, 300px\" \/><\/p>\n<p><img loading=\"lazy\" decoding=\"async\" class=\"alignnone size-medium wp-image-4475\" src=\"https:\/\/radiovilardevoz.org\/wp-content\/uploads\/2026\/09\/WhatsApp-Image-2026-09-04-at-09.25.22-2-300x226.jpeg\" alt=\"\" width=\"300\" height=\"226\" srcset=\"https:\/\/radiovilardevoz.org\/wp-content\/uploads\/2026\/09\/WhatsApp-Image-2026-09-04-at-09.25.22-2-300x226.jpeg 300w, https:\/\/radiovilardevoz.org\/wp-content\/uploads\/2026\/09\/WhatsApp-Image-2026-09-04-at-09.25.22-2-1024x771.jpeg 1024w, https:\/\/radiovilardevoz.org\/wp-content\/uploads\/2026\/09\/WhatsApp-Image-2026-09-04-at-09.25.22-2-768x578.jpeg 768w, https:\/\/radiovilardevoz.org\/wp-content\/uploads\/2026\/09\/WhatsApp-Image-2026-09-04-at-09.25.22-2-600x452.jpeg 600w, https:\/\/radiovilardevoz.org\/wp-content\/uploads\/2026\/09\/WhatsApp-Image-2026-09-04-at-09.25.22-2-212x160.jpeg 212w, https:\/\/radiovilardevoz.org\/wp-content\/uploads\/2026\/09\/WhatsApp-Image-2026-09-04-at-09.25.22-2.jpeg 1280w\" sizes=\"(max-width: 300px) 100vw, 300px\" \/><\/p>\n<p><img loading=\"lazy\" decoding=\"async\" class=\"alignnone size-medium wp-image-4471\" src=\"https:\/\/radiovilardevoz.org\/wp-content\/uploads\/2026\/09\/WhatsApp-Image-2026-09-04-at-09.25.24-300x226.jpeg\" alt=\"\" width=\"300\" height=\"226\" srcset=\"https:\/\/radiovilardevoz.org\/wp-content\/uploads\/2026\/09\/WhatsApp-Image-2026-09-04-at-09.25.24-300x226.jpeg 300w, https:\/\/radiovilardevoz.org\/wp-content\/uploads\/2026\/09\/WhatsApp-Image-2026-09-04-at-09.25.24-1024x771.jpeg 1024w, https:\/\/radiovilardevoz.org\/wp-content\/uploads\/2026\/09\/WhatsApp-Image-2026-09-04-at-09.25.24-768x578.jpeg 768w, https:\/\/radiovilardevoz.org\/wp-content\/uploads\/2026\/09\/WhatsApp-Image-2026-09-04-at-09.25.24-600x452.jpeg 600w, https:\/\/radiovilardevoz.org\/wp-content\/uploads\/2026\/09\/WhatsApp-Image-2026-09-04-at-09.25.24-212x160.jpeg 212w, https:\/\/radiovilardevoz.org\/wp-content\/uploads\/2026\/09\/WhatsApp-Image-2026-09-04-at-09.25.24.jpeg 1280w\" sizes=\"(max-width: 300px) 100vw, 300px\" \/><\/p>\n<\/div>\n<div class=\"flex-container\">\n<p><img loading=\"lazy\" decoding=\"async\" class=\"alignnone size-medium wp-image-4476\" src=\"https:\/\/radiovilardevoz.org\/wp-content\/uploads\/2026\/09\/WhatsApp-Image-2026-09-04-at-09.25.22-1-225x300.jpeg\" alt=\"\" width=\"225\" height=\"300\" srcset=\"https:\/\/radiovilardevoz.org\/wp-content\/uploads\/2026\/09\/WhatsApp-Image-2026-09-04-at-09.25.22-1-225x300.jpeg 225w, https:\/\/radiovilardevoz.org\/wp-content\/uploads\/2026\/09\/WhatsApp-Image-2026-09-04-at-09.25.22-1-768x1024.jpeg 768w, https:\/\/radiovilardevoz.org\/wp-content\/uploads\/2026\/09\/WhatsApp-Image-2026-09-04-at-09.25.22-1-450x600.jpeg 450w, https:\/\/radiovilardevoz.org\/wp-content\/uploads\/2026\/09\/WhatsApp-Image-2026-09-04-at-09.25.22-1-120x160.jpeg 120w, https:\/\/radiovilardevoz.org\/wp-content\/uploads\/2026\/09\/WhatsApp-Image-2026-09-04-at-09.25.22-1-600x800.jpeg 600w, https:\/\/radiovilardevoz.org\/wp-content\/uploads\/2026\/09\/WhatsApp-Image-2026-09-04-at-09.25.22-1.jpeg 960w\" sizes=\"(max-width: 225px) 100vw, 225px\" \/><\/p>\n<p><img loading=\"lazy\" decoding=\"async\" class=\"alignnone size-medium wp-image-4474\" src=\"https:\/\/radiovilardevoz.org\/wp-content\/uploads\/2026\/09\/WhatsApp-Image-2026-09-04-at-09.25.22-3-226x300.jpeg\" alt=\"\" width=\"226\" height=\"300\" srcset=\"https:\/\/radiovilardevoz.org\/wp-content\/uploads\/2026\/09\/WhatsApp-Image-2026-09-04-at-09.25.22-3-226x300.jpeg 226w, https:\/\/radiovilardevoz.org\/wp-content\/uploads\/2026\/09\/WhatsApp-Image-2026-09-04-at-09.25.22-3-771x1024.jpeg 771w, https:\/\/radiovilardevoz.org\/wp-content\/uploads\/2026\/09\/WhatsApp-Image-2026-09-04-at-09.25.22-3-768x1020.jpeg 768w, https:\/\/radiovilardevoz.org\/wp-content\/uploads\/2026\/09\/WhatsApp-Image-2026-09-04-at-09.25.22-3-452x600.jpeg 452w, https:\/\/radiovilardevoz.org\/wp-content\/uploads\/2026\/09\/WhatsApp-Image-2026-09-04-at-09.25.22-3-121x160.jpeg 121w, https:\/\/radiovilardevoz.org\/wp-content\/uploads\/2026\/09\/WhatsApp-Image-2026-09-04-at-09.25.22-3-600x797.jpeg 600w, https:\/\/radiovilardevoz.org\/wp-content\/uploads\/2026\/09\/WhatsApp-Image-2026-09-04-at-09.25.22-3.jpeg 964w\" sizes=\"(max-width: 226px) 100vw, 226px\" \/><\/p>\n<p><img loading=\"lazy\" decoding=\"async\" class=\"alignnone size-medium wp-image-4473\" src=\"https:\/\/radiovilardevoz.org\/wp-content\/uploads\/2026\/09\/WhatsApp-Image-2026-09-04-at-09.25.23-226x300.jpeg\" alt=\"\" width=\"226\" height=\"300\" srcset=\"https:\/\/radiovilardevoz.org\/wp-content\/uploads\/2026\/09\/WhatsApp-Image-2026-09-04-at-09.25.23-226x300.jpeg 226w, https:\/\/radiovilardevoz.org\/wp-content\/uploads\/2026\/09\/WhatsApp-Image-2026-09-04-at-09.25.23-771x1024.jpeg 771w, https:\/\/radiovilardevoz.org\/wp-content\/uploads\/2026\/09\/WhatsApp-Image-2026-09-04-at-09.25.23-768x1020.jpeg 768w, https:\/\/radiovilardevoz.org\/wp-content\/uploads\/2026\/09\/WhatsApp-Image-2026-09-04-at-09.25.23-452x600.jpeg 452w, https:\/\/radiovilardevoz.org\/wp-content\/uploads\/2026\/09\/WhatsApp-Image-2026-09-04-at-09.25.23-121x160.jpeg 121w, https:\/\/radiovilardevoz.org\/wp-content\/uploads\/2026\/09\/WhatsApp-Image-2026-09-04-at-09.25.23-600x797.jpeg 600w, https:\/\/radiovilardevoz.org\/wp-content\/uploads\/2026\/09\/WhatsApp-Image-2026-09-04-at-09.25.23.jpeg 964w\" sizes=\"(max-width: 226px) 100vw, 226px\" \/><\/p>\n<p><img loading=\"lazy\" decoding=\"async\" class=\"alignnone size-medium wp-image-4472\" src=\"https:\/\/radiovilardevoz.org\/wp-content\/uploads\/2026\/09\/WhatsApp-Image-2026-09-04-at-09.25.23-1-225x300.jpeg\" alt=\"\" width=\"225\" height=\"300\" srcset=\"https:\/\/radiovilardevoz.org\/wp-content\/uploads\/2026\/09\/WhatsApp-Image-2026-09-04-at-09.25.23-1-225x300.jpeg 225w, https:\/\/radiovilardevoz.org\/wp-content\/uploads\/2026\/09\/WhatsApp-Image-2026-09-04-at-09.25.23-1-768x1024.jpeg 768w, https:\/\/radiovilardevoz.org\/wp-content\/uploads\/2026\/09\/WhatsApp-Image-2026-09-04-at-09.25.23-1-450x600.jpeg 450w, https:\/\/radiovilardevoz.org\/wp-content\/uploads\/2026\/09\/WhatsApp-Image-2026-09-04-at-09.25.23-1-120x160.jpeg 120w, https:\/\/radiovilardevoz.org\/wp-content\/uploads\/2026\/09\/WhatsApp-Image-2026-09-04-at-09.25.23-1-600x800.jpeg 600w, https:\/\/radiovilardevoz.org\/wp-content\/uploads\/2026\/09\/WhatsApp-Image-2026-09-04-at-09.25.23-1.jpeg 960w\" sizes=\"(max-width: 225px) 100vw, 225px\" \/><\/p>\n<p><img loading=\"lazy\" decoding=\"async\" class=\"alignnone size-medium wp-image-4470\" src=\"https:\/\/radiovilardevoz.org\/wp-content\/uploads\/2026\/09\/WhatsApp-Image-2026-09-04-at-09.25.24-1-225x300.jpeg\" alt=\"\" width=\"225\" height=\"300\" srcset=\"https:\/\/radiovilardevoz.org\/wp-content\/uploads\/2026\/09\/WhatsApp-Image-2026-09-04-at-09.25.24-1-225x300.jpeg 225w, https:\/\/radiovilardevoz.org\/wp-content\/uploads\/2026\/09\/WhatsApp-Image-2026-09-04-at-09.25.24-1-768x1024.jpeg 768w, https:\/\/radiovilardevoz.org\/wp-content\/uploads\/2026\/09\/WhatsApp-Image-2026-09-04-at-09.25.24-1-1152x1536.jpeg 1152w, https:\/\/radiovilardevoz.org\/wp-content\/uploads\/2026\/09\/WhatsApp-Image-2026-09-04-at-09.25.24-1-450x600.jpeg 450w, https:\/\/radiovilardevoz.org\/wp-content\/uploads\/2026\/09\/WhatsApp-Image-2026-09-04-at-09.25.24-1-120x160.jpeg 120w, https:\/\/radiovilardevoz.org\/wp-content\/uploads\/2026\/09\/WhatsApp-Image-2026-09-04-at-09.25.24-1-600x800.jpeg 600w, https:\/\/radiovilardevoz.org\/wp-content\/uploads\/2026\/09\/WhatsApp-Image-2026-09-04-at-09.25.24-1.jpeg 1200w\" sizes=\"(max-width: 225px) 100vw, 225px\" \/><\/p>\n<p><img loading=\"lazy\" decoding=\"async\" class=\"alignnone size-medium wp-image-4469\" src=\"https:\/\/radiovilardevoz.org\/wp-content\/uploads\/2026\/09\/WhatsApp-Image-2026-09-04-at-09.25.25-225x300.jpeg\" alt=\"\" width=\"225\" height=\"300\" srcset=\"https:\/\/radiovilardevoz.org\/wp-content\/uploads\/2026\/09\/WhatsApp-Image-2026-09-04-at-09.25.25-225x300.jpeg 225w, https:\/\/radiovilardevoz.org\/wp-content\/uploads\/2026\/09\/WhatsApp-Image-2026-09-04-at-09.25.25-768x1024.jpeg 768w, https:\/\/radiovilardevoz.org\/wp-content\/uploads\/2026\/09\/WhatsApp-Image-2026-09-04-at-09.25.25-1152x1536.jpeg 1152w, https:\/\/radiovilardevoz.org\/wp-content\/uploads\/2026\/09\/WhatsApp-Image-2026-09-04-at-09.25.25-450x600.jpeg 450w, https:\/\/radiovilardevoz.org\/wp-content\/uploads\/2026\/09\/WhatsApp-Image-2026-09-04-at-09.25.25-120x160.jpeg 120w, https:\/\/radiovilardevoz.org\/wp-content\/uploads\/2026\/09\/WhatsApp-Image-2026-09-04-at-09.25.25-600x800.jpeg 600w, https:\/\/radiovilardevoz.org\/wp-content\/uploads\/2026\/09\/WhatsApp-Image-2026-09-04-at-09.25.25.jpeg 1200w\" sizes=\"(max-width: 225px) 100vw, 225px\" \/><\/p>\n<p><img loading=\"lazy\" decoding=\"async\" class=\"alignnone size-medium wp-image-4468\" src=\"https:\/\/radiovilardevoz.org\/wp-content\/uploads\/2026\/09\/WhatsApp-Image-2026-09-04-at-09.25.25-1-225x300.jpeg\" alt=\"\" width=\"225\" height=\"300\" srcset=\"https:\/\/radiovilardevoz.org\/wp-content\/uploads\/2026\/09\/WhatsApp-Image-2026-09-04-at-09.25.25-1-225x300.jpeg 225w, https:\/\/radiovilardevoz.org\/wp-content\/uploads\/2026\/09\/WhatsApp-Image-2026-09-04-at-09.25.25-1-768x1024.jpeg 768w, https:\/\/radiovilardevoz.org\/wp-content\/uploads\/2026\/09\/WhatsApp-Image-2026-09-04-at-09.25.25-1-1152x1536.jpeg 1152w, https:\/\/radiovilardevoz.org\/wp-content\/uploads\/2026\/09\/WhatsApp-Image-2026-09-04-at-09.25.25-1-450x600.jpeg 450w, https:\/\/radiovilardevoz.org\/wp-content\/uploads\/2026\/09\/WhatsApp-Image-2026-09-04-at-09.25.25-1-120x160.jpeg 120w, https:\/\/radiovilardevoz.org\/wp-content\/uploads\/2026\/09\/WhatsApp-Image-2026-09-04-at-09.25.25-1-600x800.jpeg 600w, https:\/\/radiovilardevoz.org\/wp-content\/uploads\/2026\/09\/WhatsApp-Image-2026-09-04-at-09.25.25-1.jpeg 1200w\" sizes=\"(max-width: 225px) 100vw, 225px\" \/><\/p>\n<p><img loading=\"lazy\" decoding=\"async\" class=\"alignnone size-medium wp-image-4465\" src=\"https:\/\/radiovilardevoz.org\/wp-content\/uploads\/2026\/09\/WhatsApp-Image-2026-09-04-at-09.25.26-225x300.jpeg\" alt=\"\" width=\"225\" height=\"300\" srcset=\"https:\/\/radiovilardevoz.org\/wp-content\/uploads\/2026\/09\/WhatsApp-Image-2026-09-04-at-09.25.26-225x300.jpeg 225w, https:\/\/radiovilardevoz.org\/wp-content\/uploads\/2026\/09\/WhatsApp-Image-2026-09-04-at-09.25.26-768x1024.jpeg 768w, https:\/\/radiovilardevoz.org\/wp-content\/uploads\/2026\/09\/WhatsApp-Image-2026-09-04-at-09.25.26-1152x1536.jpeg 1152w, https:\/\/radiovilardevoz.org\/wp-content\/uploads\/2026\/09\/WhatsApp-Image-2026-09-04-at-09.25.26-450x600.jpeg 450w, https:\/\/radiovilardevoz.org\/wp-content\/uploads\/2026\/09\/WhatsApp-Image-2026-09-04-at-09.25.26-120x160.jpeg 120w, https:\/\/radiovilardevoz.org\/wp-content\/uploads\/2026\/09\/WhatsApp-Image-2026-09-04-at-09.25.26-600x800.jpeg 600w, https:\/\/radiovilardevoz.org\/wp-content\/uploads\/2026\/09\/WhatsApp-Image-2026-09-04-at-09.25.26.jpeg 1200w\" sizes=\"(max-width: 225px) 100vw, 225px\" \/><\/p>\n<p><img loading=\"lazy\" decoding=\"async\" class=\"alignnone size-medium wp-image-4464\" src=\"https:\/\/radiovilardevoz.org\/wp-content\/uploads\/2026\/09\/WhatsApp-Image-2026-09-04-at-09.25.26-1-225x300.jpeg\" alt=\"\" width=\"225\" height=\"300\" srcset=\"https:\/\/radiovilardevoz.org\/wp-content\/uploads\/2026\/09\/WhatsApp-Image-2026-09-04-at-09.25.26-1-225x300.jpeg 225w, https:\/\/radiovilardevoz.org\/wp-content\/uploads\/2026\/09\/WhatsApp-Image-2026-09-04-at-09.25.26-1-768x1024.jpeg 768w, https:\/\/radiovilardevoz.org\/wp-content\/uploads\/2026\/09\/WhatsApp-Image-2026-09-04-at-09.25.26-1-1152x1536.jpeg 1152w, https:\/\/radiovilardevoz.org\/wp-content\/uploads\/2026\/09\/WhatsApp-Image-2026-09-04-at-09.25.26-1-450x600.jpeg 450w, https:\/\/radiovilardevoz.org\/wp-content\/uploads\/2026\/09\/WhatsApp-Image-2026-09-04-at-09.25.26-1-120x160.jpeg 120w, https:\/\/radiovilardevoz.org\/wp-content\/uploads\/2026\/09\/WhatsApp-Image-2026-09-04-at-09.25.26-1-600x800.jpeg 600w, https:\/\/radiovilardevoz.org\/wp-content\/uploads\/2026\/09\/WhatsApp-Image-2026-09-04-at-09.25.26-1.jpeg 1200w\" sizes=\"(max-width: 225px) 100vw, 225px\" \/><\/p>\n<\/div>\n<div class=\"flex-container\">\n<p><img loading=\"lazy\" decoding=\"async\" class=\"alignnone size-medium wp-image-4463\" src=\"https:\/\/radiovilardevoz.org\/wp-content\/uploads\/2026\/09\/WhatsApp-Image-2026-09-04-at-09.25.23-2-169x300.jpeg\" alt=\"\" width=\"169\" height=\"300\" srcset=\"https:\/\/radiovilardevoz.org\/wp-content\/uploads\/2026\/09\/WhatsApp-Image-2026-09-04-at-09.25.23-2-169x300.jpeg 169w, https:\/\/radiovilardevoz.org\/wp-content\/uploads\/2026\/09\/WhatsApp-Image-2026-09-04-at-09.25.23-2-576x1024.jpeg 576w, https:\/\/radiovilardevoz.org\/wp-content\/uploads\/2026\/09\/WhatsApp-Image-2026-09-04-at-09.25.23-2-338x600.jpeg 338w, https:\/\/radiovilardevoz.org\/wp-content\/uploads\/2026\/09\/WhatsApp-Image-2026-09-04-at-09.25.23-2-90x160.jpeg 90w, https:\/\/radiovilardevoz.org\/wp-content\/uploads\/2026\/09\/WhatsApp-Image-2026-09-04-at-09.25.23-2-600x1067.jpeg 600w, https:\/\/radiovilardevoz.org\/wp-content\/uploads\/2026\/09\/WhatsApp-Image-2026-09-04-at-09.25.23-2.jpeg 720w\" sizes=\"(max-width: 169px) 100vw, 169px\" \/><\/p>\n<p><img loading=\"lazy\" decoding=\"async\" class=\"alignnone size-medium wp-image-4478\" src=\"https:\/\/radiovilardevoz.org\/wp-content\/uploads\/2026\/09\/WhatsApp-Image-2026-09-04-at-09.25.21-169x300.jpeg\" alt=\"\" width=\"169\" height=\"300\" srcset=\"https:\/\/radiovilardevoz.org\/wp-content\/uploads\/2026\/09\/WhatsApp-Image-2026-09-04-at-09.25.21-169x300.jpeg 169w, https:\/\/radiovilardevoz.org\/wp-content\/uploads\/2026\/09\/WhatsApp-Image-2026-09-04-at-09.25.21-576x1024.jpeg 576w, https:\/\/radiovilardevoz.org\/wp-content\/uploads\/2026\/09\/WhatsApp-Image-2026-09-04-at-09.25.21-338x600.jpeg 338w, https:\/\/radiovilardevoz.org\/wp-content\/uploads\/2026\/09\/WhatsApp-Image-2026-09-04-at-09.25.21-90x160.jpeg 90w, https:\/\/radiovilardevoz.org\/wp-content\/uploads\/2026\/09\/WhatsApp-Image-2026-09-04-at-09.25.21-600x1067.jpeg 600w, https:\/\/radiovilardevoz.org\/wp-content\/uploads\/2026\/09\/WhatsApp-Image-2026-09-04-at-09.25.21.jpeg 720w\" sizes=\"(max-width: 169px) 100vw, 169px\" \/><\/p>\n<\/div>\n","protected":false},"excerpt":{"rendered":"<p>03 de setiembre de 2026 &nbsp; Montevideo, 3 de setiembre de 2026 Hola buenas tardes, una locura hermosa estar ac\u00e1. Somos Alba y Mauricio y vamos a hablar en representaci\u00f3n&hellip; <\/p>\n","protected":false},"author":7,"featured_media":4544,"comment_status":"open","ping_status":"open","sticky":false,"template":"","format":"standard","meta":{"footnotes":""},"categories":[6,7],"tags":[],"class_list":["post-4537","post","type-post","status-publish","format-standard","has-post-thumbnail","hentry","category-evento","category-noticias-destacadas"],"_links":{"self":[{"href":"https:\/\/radiovilardevoz.org\/index.php?rest_route=\/wp\/v2\/posts\/4537","targetHints":{"allow":["GET"]}}],"collection":[{"href":"https:\/\/radiovilardevoz.org\/index.php?rest_route=\/wp\/v2\/posts"}],"about":[{"href":"https:\/\/radiovilardevoz.org\/index.php?rest_route=\/wp\/v2\/types\/post"}],"author":[{"embeddable":true,"href":"https:\/\/radiovilardevoz.org\/index.php?rest_route=\/wp\/v2\/users\/7"}],"replies":[{"embeddable":true,"href":"https:\/\/radiovilardevoz.org\/index.php?rest_route=%2Fwp%2Fv2%2Fcomments&post=4537"}],"version-history":[{"count":7,"href":"https:\/\/radiovilardevoz.org\/index.php?rest_route=\/wp\/v2\/posts\/4537\/revisions"}],"predecessor-version":[{"id":4545,"href":"https:\/\/radiovilardevoz.org\/index.php?rest_route=\/wp\/v2\/posts\/4537\/revisions\/4545"}],"wp:featuredmedia":[{"embeddable":true,"href":"https:\/\/radiovilardevoz.org\/index.php?rest_route=\/wp\/v2\/media\/4544"}],"wp:attachment":[{"href":"https:\/\/radiovilardevoz.org\/index.php?rest_route=%2Fwp%2Fv2%2Fmedia&parent=4537"}],"wp:term":[{"taxonomy":"category","embeddable":true,"href":"https:\/\/radiovilardevoz.org\/index.php?rest_route=%2Fwp%2Fv2%2Fcategories&post=4537"},{"taxonomy":"post_tag","embeddable":true,"href":"https:\/\/radiovilardevoz.org\/index.php?rest_route=%2Fwp%2Fv2%2Ftags&post=4537"}],"curies":[{"name":"wp","href":"https:\/\/api.w.org\/{rel}","templated":true}]}}