{"id":590,"date":"2024-06-06T23:09:37","date_gmt":"2024-06-07T02:09:37","guid":{"rendered":"https:\/\/radiovilardevoz.org\/?p=590"},"modified":"2025-07-30T22:24:15","modified_gmt":"2025-07-31T01:24:15","slug":"cumpleanos-de-vilardevoz-en-el-solis","status":"publish","type":"post","link":"https:\/\/radiovilardevoz.org\/?p=590","title":{"rendered":"Cumplea\u00f1os de Vilardevoz en el Sol\u00eds"},"content":{"rendered":"<h5 style=\"text-align: right;\">06 de octubre de 2022<\/h5>\n<h4><iframe class=\"video\" title=\"YouTube video player\" src=\"https:\/\/www.youtube.com\/embed\/XC7Q2UQX450?si=xfM1HZ0PU52Mv-JJ\" width=\"560\" height=\"315\" frameborder=\"0\" allowfullscreen=\"allowfullscreen\"><span data-mce-type=\"bookmark\" style=\"display: inline-block; width: 0px; overflow: hidden; line-height: 0;\" class=\"mce_SELRES_start\">\ufeff<\/span><\/iframe><\/h4>\n<p>&nbsp;<\/p>\n<div><img fetchpriority=\"high\" decoding=\"async\" class=\"foto\" src=\"https:\/\/radiovilardevoz.org\/wp-content\/uploads\/2023\/10\/fotosolis2-3.jpg\" alt=\"\" width=\"1190\" height=\"530\" \/><\/div>\n<p>&nbsp;<\/p>\n<div><img decoding=\"async\" class=\"foto\" src=\"https:\/\/radiovilardevoz.org\/wp-content\/uploads\/2023\/10\/fotosolis3-3.jpg\" alt=\"\" width=\"1190\" height=\"530\" \/><\/div>\n<p>&nbsp;<\/p>\n<div><img decoding=\"async\" class=\"foto\" src=\"https:\/\/radiovilardevoz.org\/wp-content\/uploads\/2023\/10\/fotosolis4-3.jpg\" alt=\"\" width=\"1190\" height=\"530\" \/><\/div>\n<div><\/div>\n<div><\/div>\n<div>\n<p>&nbsp;<\/p>\n<h3><strong> En el mes de la Salud Mental Radio Vilardevoz desembarc\u00f3 en el Sol\u00eds. <\/strong><\/h3>\n<p><strong>El foyer del Teatro Sol\u00eds se visti\u00f3 de fiesta para celebrar los 25 a\u00f1os de Radio Vilardevoz, un proyecto socio cultural comunitario que desde 1997 trabaja con la participaci\u00f3n, la comunicaci\u00f3n y la salud mental para contribuir en la construcci\u00f3n de ciudadan\u00eda, promover la autonom\u00eda, la responsabilidad social y el desarrollo de la solidaridad y la empat\u00eda.<\/strong><\/p>\n<p>Adem\u00e1s de vecinas y vecinos de la Ciudad Vieja, artistas e invitados especiales desde el Teatro Sol\u00eds nos sumamos a compartir la jornada de transmisi\u00f3n con la presencia de la directora Malena Muya, Matilde C\u00e1nepa en representaci\u00f3n del Eco Equipo, Anna Pignataro del \u00c1rea Educativa y por nuestros elencos estables asistieron el Mtro Mart\u00edn Garc\u00eda (OFM), Gabriel Calder\u00f3n (Director art\u00edstico de la Comedia Nacional y Carlos Pereira (BSN). Fue una instancia de divulgaci\u00f3n y visibilizaci\u00f3n de la salud mental donde primaron la alegr\u00eda, el arte y la emoci\u00f3n.<\/p>\n<\/div>\n<p>Fuente: https:\/\/www.teatrosolis.org.uy\/CALENDARIO\/En-el-mes-de-la-Salud-Mental-Radio-Vilardevoz-desembarco-en-el-Solis&#8211;uc1956<\/p>\n<div class=\"pvc_clear\"><\/div>\n<p id=\"pvc_stats_590\" class=\"pvc_stats all  \" data-element-id=\"590\" style=\"\"><i class=\"pvc-stats-icon large\" aria-hidden=\"true\"><svg aria-hidden=\"true\" focusable=\"false\" data-prefix=\"far\" data-icon=\"chart-bar\" role=\"img\" xmlns=\"http:\/\/www.w3.org\/2000\/svg\" viewBox=\"0 0 512 512\" class=\"svg-inline--fa fa-chart-bar fa-w-16 fa-2x\"><path fill=\"currentColor\" d=\"M396.8 352h22.4c6.4 0 12.8-6.4 12.8-12.8V108.8c0-6.4-6.4-12.8-12.8-12.8h-22.4c-6.4 0-12.8 6.4-12.8 12.8v230.4c0 6.4 6.4 12.8 12.8 12.8zm-192 0h22.4c6.4 0 12.8-6.4 12.8-12.8V140.8c0-6.4-6.4-12.8-12.8-12.8h-22.4c-6.4 0-12.8 6.4-12.8 12.8v198.4c0 6.4 6.4 12.8 12.8 12.8zm96 0h22.4c6.4 0 12.8-6.4 12.8-12.8V204.8c0-6.4-6.4-12.8-12.8-12.8h-22.4c-6.4 0-12.8 6.4-12.8 12.8v134.4c0 6.4 6.4 12.8 12.8 12.8zM496 400H48V80c0-8.84-7.16-16-16-16H16C7.16 64 0 71.16 0 80v336c0 17.67 14.33 32 32 32h464c8.84 0 16-7.16 16-16v-16c0-8.84-7.16-16-16-16zm-387.2-48h22.4c6.4 0 12.8-6.4 12.8-12.8v-70.4c0-6.4-6.4-12.8-12.8-12.8h-22.4c-6.4 0-12.8 6.4-12.8 12.8v70.4c0 6.4 6.4 12.8 12.8 12.8z\" class=\"\"><\/path><\/svg><\/i> <img loading=\"lazy\" decoding=\"async\" width=\"16\" height=\"16\" alt=\"Loading\" src=\"https:\/\/radiovilardevoz.org\/wp-content\/plugins\/page-views-count\/ajax-loader-2x.gif\" border=0 \/><\/p>\n<div class=\"pvc_clear\"><\/div>\n","protected":false},"excerpt":{"rendered":"<p>06 de octubre de 2022 \ufeff &nbsp; &nbsp; &nbsp; &nbsp; En el mes de la Salud Mental Radio Vilardevoz desembarc\u00f3 en el Sol\u00eds. El foyer del Teatro Sol\u00eds se visti\u00f3&hellip; <\/p>\n<div class=\"pvc_clear\"><\/div>\n<p id=\"pvc_stats_590\" class=\"pvc_stats all  \" data-element-id=\"590\" style=\"\"><i class=\"pvc-stats-icon large\" aria-hidden=\"true\"><svg aria-hidden=\"true\" focusable=\"false\" data-prefix=\"far\" data-icon=\"chart-bar\" role=\"img\" xmlns=\"http:\/\/www.w3.org\/2000\/svg\" viewBox=\"0 0 512 512\" class=\"svg-inline--fa fa-chart-bar fa-w-16 fa-2x\"><path fill=\"currentColor\" d=\"M396.8 352h22.4c6.4 0 12.8-6.4 12.8-12.8V108.8c0-6.4-6.4-12.8-12.8-12.8h-22.4c-6.4 0-12.8 6.4-12.8 12.8v230.4c0 6.4 6.4 12.8 12.8 12.8zm-192 0h22.4c6.4 0 12.8-6.4 12.8-12.8V140.8c0-6.4-6.4-12.8-12.8-12.8h-22.4c-6.4 0-12.8 6.4-12.8 12.8v198.4c0 6.4 6.4 12.8 12.8 12.8zm96 0h22.4c6.4 0 12.8-6.4 12.8-12.8V204.8c0-6.4-6.4-12.8-12.8-12.8h-22.4c-6.4 0-12.8 6.4-12.8 12.8v134.4c0 6.4 6.4 12.8 12.8 12.8zM496 400H48V80c0-8.84-7.16-16-16-16H16C7.16 64 0 71.16 0 80v336c0 17.67 14.33 32 32 32h464c8.84 0 16-7.16 16-16v-16c0-8.84-7.16-16-16-16zm-387.2-48h22.4c6.4 0 12.8-6.4 12.8-12.8v-70.4c0-6.4-6.4-12.8-12.8-12.8h-22.4c-6.4 0-12.8 6.4-12.8 12.8v70.4c0 6.4 6.4 12.8 12.8 12.8z\" class=\"\"><\/path><\/svg><\/i> <img loading=\"lazy\" decoding=\"async\" width=\"16\" height=\"16\" alt=\"Loading\" src=\"https:\/\/radiovilardevoz.org\/wp-content\/plugins\/page-views-count\/ajax-loader-2x.gif\" border=0 \/><\/p>\n<div class=\"pvc_clear\"><\/div>\n","protected":false},"author":7,"featured_media":693,"comment_status":"open","ping_status":"open","sticky":false,"template":"","format":"standard","meta":{"footnotes":""},"categories":[5,7],"tags":[],"class_list":["post-590","post","type-post","status-publish","format-standard","has-post-thumbnail","hentry","category-desembarcos","category-noticias-destacadas"],"_links":{"self":[{"href":"https:\/\/radiovilardevoz.org\/index.php?rest_route=\/wp\/v2\/posts\/590","targetHints":{"allow":["GET"]}}],"collection":[{"href":"https:\/\/radiovilardevoz.org\/index.php?rest_route=\/wp\/v2\/posts"}],"about":[{"href":"https:\/\/radiovilardevoz.org\/index.php?rest_route=\/wp\/v2\/types\/post"}],"author":[{"embeddable":true,"href":"https:\/\/radiovilardevoz.org\/index.php?rest_route=\/wp\/v2\/users\/7"}],"replies":[{"embeddable":true,"href":"https:\/\/radiovilardevoz.org\/index.php?rest_route=%2Fwp%2Fv2%2Fcomments&post=590"}],"version-history":[{"count":10,"href":"https:\/\/radiovilardevoz.org\/index.php?rest_route=\/wp\/v2\/posts\/590\/revisions"}],"predecessor-version":[{"id":592,"href":"https:\/\/radiovilardevoz.org\/index.php?rest_route=\/wp\/v2\/posts\/590\/revisions\/592"}],"wp:featuredmedia":[{"embeddable":true,"href":"https:\/\/radiovilardevoz.org\/index.php?rest_route=\/wp\/v2\/media\/693"}],"wp:attachment":[{"href":"https:\/\/radiovilardevoz.org\/index.php?rest_route=%2Fwp%2Fv2%2Fmedia&parent=590"}],"wp:term":[{"taxonomy":"category","embeddable":true,"href":"https:\/\/radiovilardevoz.org\/index.php?rest_route=%2Fwp%2Fv2%2Fcategories&post=590"},{"taxonomy":"post_tag","embeddable":true,"href":"https:\/\/radiovilardevoz.org\/index.php?rest_route=%2Fwp%2Fv2%2Ftags&post=590"}],"curies":[{"name":"wp","href":"https:\/\/api.w.org\/{rel}","templated":true}]}}